{"id":44162,"date":"2016-07-19T13:37:44","date_gmt":"2016-07-19T19:37:44","guid":{"rendered":"http:\/\/www.eloriente.net\/home\/?p=44162"},"modified":"2016-07-19T18:28:35","modified_gmt":"2016-07-20T00:28:35","slug":"opinion-sistema-anticorrupcion-las-sanciones-morales-deben-tambien-valer-por-adrian-ortiz","status":"publish","type":"post","link":"http:\/\/www.eloriente.net\/home\/2016\/07\/19\/opinion-sistema-anticorrupcion-las-sanciones-morales-deben-tambien-valer-por-adrian-ortiz\/","title":{"rendered":"OPINI\u00d3N: Sistema anticorrupci\u00f3n: las sanciones morales deben tambi\u00e9n valer. Por Adri\u00e1n Ortiz"},"content":{"rendered":"<p><script src=\"\/\/pagead2.googlesyndication.com\/pagead\/js\/adsbygoogle.js\" async=\"\"><\/script><br \/>\n <!-- BANNER ELORIENTE INCRUSTADO NOTAS --><br \/>\n <ins class=\"adsbygoogle\" style=\"display: inline-block; width: 300px; height: 250px;\" data-ad-client=\"ca-pub-1136171134853753\" data-ad-slot=\"7974633627\"><\/ins><br \/>\n<script>\/\/ <![CDATA[\n(adsbygoogle = window.adsbygoogle || []).push({});\n\/\/ ]]><\/script><\/p>\n<p>&nbsp;<\/p>\n<p>(www.eloriente.net, M\u00e9xico, a 19 de julio de 2016, por Adri\u00e1n Ortiz Romero\/<a href=\"https:\/\/columnaalmargen.mx\/2016\/07\/19\/sistema-anticorrupcion-las-sanciones-morales-deben-tambien-valer\/\" target=\"_blank\">Al Margen<\/a>).-\u00a0Es muy relevante que, en el discurso alusivo a la promulgaci\u00f3n de las leyes ordinarias que conforman el Sistema Nacional Anticorrupci\u00f3n, el presidente Enrique Pe\u00f1a Nieto haya reconocido la importancia que tienen no s\u00f3lo las actuaciones concretas de los servidores p\u00fablicos, sino tambi\u00e9n la percepci\u00f3n que se genera de ellas. Es muy relevante porque en M\u00e9xico queda claro que ni quienes detentan el poder, ni quienes estamos en el espectro ciudadano, hemos comprendido la necesidad de hacer que cada quien pague el costo pol\u00edtico, y social, por sus acciones. Esta parece ser la nota distintiva, subjetiva, del Sistema Nacional Anticorrupci\u00f3n, que ayer vivi\u00f3 una jornada trascendente.<\/p>\n<p>En efecto, ayer el presidente Pe\u00f1a Nieto encabez\u00f3 el acto protocolario mediante el cual firm\u00f3, y mand\u00f3 a publicar, los siete conjuntos normativos que conforman la legislaci\u00f3n reglamentaria del Sistema Nacional Anticorrupci\u00f3n. En su discurso alusivo, el Mandatario fue muy concreto en el reconocimiento de la necesidad no s\u00f3lo de que los servidores p\u00fablicos se conduzcan con apego a la ley, sino que adem\u00e1s lo hagan con la noci\u00f3n de que la percepci\u00f3n que generan esos actos trae aparejado tambi\u00e9n un costo social y pol\u00edtico, que lastima la reputaci\u00f3n de quienes los cometen, que tambi\u00e9n impactan en la legitimidad de las figuras institucionales, como la investidura presidencial, el cual debe generar m\u00e1s consecuencias que el solo repudio moral.<\/p>\n<p>\u201cTenemos que vernos en el espejo, empezando por el propio Presidente de la Rep\u00fablica. En noviembre de 2014, la informaci\u00f3n difundida sobre la llamada \u2018casa blanca\u2019 caus\u00f3 gran indignaci\u00f3n. Este asunto me reafirm\u00f3 que los servidores p\u00fablicos adem\u00e1s de ser responsables de actuar conforme a derecho y con total integridad, tambi\u00e9n somos responsables de la percepci\u00f3n que generamos con lo que hacemos. Y en esto, reconozco que comet\u00ed un error. No obstante que me conduje conforme a la ley, este error afect\u00f3 a mi familia, lastim\u00f3 la investidura presidencial y da\u00f1\u00f3 la confianza en el gobierno. En carne propia sent\u00ed la irritaci\u00f3n de los mexicanos. La entiendo perfectamente. Por eso, con toda humildad, les pido perd\u00f3n. Les reitero mis sinceras y sentidas disculpas por el agravio que les caus\u00e9\u2026\u201d, dijo el Presidente.<\/p>\n<p>Esto es de la mayor trascendencia, porque por primera vez \u2014quiz\u00e1 en toda la historia nacional contempor\u00e1nea\u2014 un titular de la Administraci\u00f3n P\u00fablica Federal acepta que los actos realizados por los funcionarios deben ser no s\u00f3lo legales, sino leg\u00edtimos. Es decir, que no s\u00f3lo deben cumplir con los par\u00e1metros legales estrictos, sino que tambi\u00e9n deben atender a lo que la ciudadan\u00eda considerar\u00e1 que es correcto.<\/p>\n<p>Esta es una noci\u00f3n que en otros pa\u00edses se encuentra perfectamente construida desde hace mucho tiempo, pero que en M\u00e9xico primero se rezag\u00f3 porque la legitimaci\u00f3n del poder p\u00fablico estaba basada en el corporativismo \u2014durante el r\u00e9gimen de partido hegem\u00f3nico\u2014; y despu\u00e9s, en los tiempos de la alternancia, en la idea de que el aval de los votos era suficiente para dar legitimidad al poder, independientemente de lo que ocurriera despu\u00e9s.<\/p>\n<p>Hoy queda claro que esos par\u00e1metros son insuficientes, y que por ende un funcionario debe cuidar la ley tanto como su comportamiento y sus acciones a la luz no s\u00f3lo de la ley, sino de la legitimidad que debe mantener ante sus gobernados. A eso se refiri\u00f3 el Presidente, y por esa raz\u00f3n es muy necesario que nosotros como ciudadanos ahora vigilemos y participemos para que esa intenci\u00f3n \u2014aparente y forzada\u2014 se cumpla.<\/p>\n<p><script src=\"\/\/pagead2.googlesyndication.com\/pagead\/js\/adsbygoogle.js\" async=\"\"><\/script><br \/>\n <!-- BANNER PEQUE\u00d1O PARA ENTRENOTAS EL ORIENTE --><br \/>\n <ins class=\"adsbygoogle\" style=\"display: inline-block; width: 468px; height: 60px;\" data-ad-client=\"ca-pub-1136171134853753\" data-ad-slot=\"4953536424\"><\/ins><br \/>\n<script>\/\/ <![CDATA[\n(adsbygoogle = window.adsbygoogle || []).push({});\n\/\/ ]]><\/script><\/p>\n<p><b>TODOS, FRENTE AL ESPEJO<\/b><\/p>\n<p>\u201cTenemos que vernos frente al espejo\u201d, dijo el Presidente. Y ver nuestro propio reflejo significa reconocernos tal cual somos. Y en los aspectos de la corrupci\u00f3n, queda claro que no se trata s\u00f3lo de criminalizar o perseguir a los servidores p\u00fablicos porque, como dice el dicho popular, \u201cpara que haya problemas hacen falta dos\u201d. Esos dos son el que corrompe, y el que se deja, fuerza o \u201cinvita\u201d a corromperse.<\/p>\n<p>Ese otro es el ciudadano, que ahora tambi\u00e9n tendr\u00e1 que pasar por el tamiz del sistema anticorrupci\u00f3n. Ese rubro ha sido otro tab\u00fa que ahora deber\u00e1 romperse en M\u00e9xico. Pues es evidente que el servidor p\u00fablico es quien est\u00e1 obligado a pagar un costo legal, social y pol\u00edtico por los actos de corrupci\u00f3n en que incurre, pero tambi\u00e9n lo es que esa situaci\u00f3n pasa tambi\u00e9n por quien participa, desde el sector privado, en la comisi\u00f3n de ese tipo de conductas. En eso debemos ser muy enf\u00e1ticos, y firmes, porque el nuevo rasero de la evaluaci\u00f3n de la funci\u00f3n p\u00fablica debe tambi\u00e9n pasar por los particulares que coparticipan de esas acciones indebidas.<\/p>\n<p>El caso m\u00e1s concreto es el del propio Presidente. \u00c9l incurri\u00f3 en una conducta inmoral. \u00bfPero qu\u00e9 pas\u00f3 con el due\u00f1o de la constructora que otorg\u00f3 el \u201cpr\u00e9stamo\u201d para que la esposa del Presidente construyera su mansi\u00f3n? Juan Armando Hinojosa es, acaso, uno de los primeros particulares que abiertamente se ve sancionado moralmente \u2014el valor de su compa\u00f1\u00eda cay\u00f3, gracias al conflicto de inter\u00e9s, y qued\u00f3 evidenciada frente a la opini\u00f3n p\u00fablica nacional\u2014 por verse relacionado en alguna pr\u00e1ctica indebida en su relaci\u00f3n con la funci\u00f3n p\u00fablica.<\/p>\n<p><b>A NIVEL LOCAL<\/b><\/p>\n<p>Tambi\u00e9n habr\u00e1 que ver qu\u00e9 acciones toma el Congreso y el Ejecutivo en Oaxaca para implementar un sistema estatal arm\u00f3nico, y necesariamente superior al nacional, para el combate a la corrupci\u00f3n. Oaxaca no aguanta m\u00e1s situaciones as\u00ed y, para ganar credibilidad, el nuevo Gobernador deber\u00e1 envolverse en esas banderas para cumplirle a la ciudadan\u00eda.<\/p>\n<p><a href=\"http:\/\/www.eloriente.net\/home\/wp-content\/uploads\/2016\/07\/antico.jpg\" rel=\"attachment wp-att-44163\"><img loading=\"lazy\" decoding=\"async\" class=\"alignnone wp-image-44163\" src=\"http:\/\/www.eloriente.net\/home\/wp-content\/uploads\/2016\/07\/antico.jpg\" alt=\"antico\" width=\"600\" height=\"339\" srcset=\"http:\/\/www.eloriente.net\/home\/wp-content\/uploads\/2016\/07\/antico.jpg 833w, http:\/\/www.eloriente.net\/home\/wp-content\/uploads\/2016\/07\/antico-300x170.jpg 300w, http:\/\/www.eloriente.net\/home\/wp-content\/uploads\/2016\/07\/antico-768x434.jpg 768w\" sizes=\"(max-width: 600px) 100vw, 600px\" \/><\/a><\/p>\n<p><strong>OTRAS ENTRADAS<\/strong><\/p>\n<div class=\"featuredpost\">\n<div class=\"flow_hide\">\n<h2 class=\"posttitle bigposttitle\"><a title=\"Enlace Permanente a VIDEOCOLUMNA: Por un Nuevo Horizonte: Arte y Cultura en tu Comunidad. Por Karina Bar\u00f3n\" href=\"http:\/\/www.eloriente.net\/home\/2016\/07\/18\/videocolumna-por-un-nuevo-horizonte-arte-y-cultura-en-tu-comunidad-por-karina-baron\/\" rel=\"bookmark\">VIDEOCOLUMNA: Por un Nuevo Horizonte: Arte y Cultura en tu Comunidad. Por Karina Bar\u00f3n<\/a><\/h2>\n<\/div>\n<p>eloriente.net 18 de julio de 2016 OTRAS COLUMNAS, DAR CLICK SOBRE LA IMAGEN: Share\u2026<\/p>\n<p class=\"postmeta\"><span class=\"meta_date\">julio 18, 2016<\/span><\/p>\n<div class=\"toolbar-social\"><\/div>\n<\/div>\n<div class=\"featuredpost\">\n<div class=\"flow_hide\">\n<p><a href=\"http:\/\/www.eloriente.net\/home\/2016\/07\/17\/naturaleza-archipielago-revillagigedo-es-nombrado-patrimonio-mundial\/\" rel=\"bookmark\"><img decoding=\"async\" class=\"alignleft\" title=\"NATURALEZA: Archipi\u00e9lago Revillagigedo es nombrado Patrimonio Mundial\" src=\"http:\/\/www.eloriente.net\/home\/wp-content\/themes\/city-desk\/timthumb.php?src=http%3A%2F%2Fwww.eloriente.net%2Fhome%2Fwp-content%2Fuploads%2F2016%2F07%2Fsite_1510_0020-UNESCO-revillagigego-derechos-richard-henry-salas-.jpg&amp;q=90&amp;w=70&amp;h=45&amp;zc=1\" alt=\"NATURALEZA: Archipi\u00e9lago Revillagigedo es nombrado Patrimonio Mundial\" \/><\/a><\/p>\n<h2 class=\"posttitle \"><a title=\"Enlace Permanente a NATURALEZA: Archipi\u00e9lago Revillagigedo es nombrado Patrimonio Mundial\" href=\"http:\/\/www.eloriente.net\/home\/2016\/07\/17\/naturaleza-archipielago-revillagigedo-es-nombrado-patrimonio-mundial\/\" rel=\"bookmark\">NATURALEZA: Archipi\u00e9lago Revillagigedo es nombrado Patrimonio Mundial<\/a><\/h2>\n<\/div>\n<p>eloriente.net\/GobMx 17 de julio de 2016 \u00a0 \u00a9\u00a0Richard Henry Salas Reserva de la Bi\u00f3sfera Archipi\u00e9lago de Revillagigedo, es nombrada como Patrimonio Natural de la Humanidad de la UNESCO.\u2026<\/p>\n<p class=\"postmeta\"><span class=\"meta_date\">julio 17, 2016<\/span><\/p>\n<div class=\"toolbar-social\"><\/div>\n<\/div>\n<div class=\"featuredpost\">\n<div class=\"flow_hide\">\n<p><a href=\"http:\/\/www.eloriente.net\/home\/2016\/07\/16\/cultura-buscan-hacer-uso-de-tecnologias-para-difundir-el-patrimonio-cultural\/\" rel=\"bookmark\"><img decoding=\"async\" class=\"alignleft\" title=\"CULTURA: Buscan hacer uso de tecnolog\u00edas para difundir el Patrimonio Cultural\" src=\"http:\/\/www.eloriente.net\/home\/wp-content\/themes\/city-desk\/timthumb.php?src=http%3A%2F%2Fwww.eloriente.net%2Fhome%2Fwp-content%2Fuploads%2F2016%2F07%2F800x300_piedrasol-16.jpg&amp;q=90&amp;w=70&amp;h=45&amp;zc=1\" alt=\"CULTURA: Buscan hacer uso de tecnolog\u00edas para difundir el Patrimonio Cultural\" \/><\/a><\/p>\n<h2 class=\"posttitle \"><a title=\"Enlace Permanente a CULTURA: Buscan hacer uso de tecnolog\u00edas para difundir el Patrimonio Cultural\" href=\"http:\/\/www.eloriente.net\/home\/2016\/07\/16\/cultura-buscan-hacer-uso-de-tecnologias-para-difundir-el-patrimonio-cultural\/\" rel=\"bookmark\">CULTURA: Buscan hacer uso de tecnolog\u00edas para difundir el Patrimonio Cultural<\/a><\/h2>\n<\/div>\n<p>eloriente.net\/CONACYT 16 de julio de 2016 Por G\u00e9nesis Gatica Porcayo El Instituto Nacional de Antropolog\u00eda e Historia (INAH) es una organizaci\u00f3n del gobierno federal que se ha\u2026<\/p>\n<p class=\"postmeta\"><span class=\"meta_date\">julio 16, 2016<\/span><\/p>\n<\/div>\n\n\t\t\t  <div \n\t\t\t  \tclass = \"fb-comments\" \n\t\t\t  \tdata-href = \"http:\/\/www.eloriente.net\/home\/2016\/07\/19\/opinion-sistema-anticorrupcion-las-sanciones-morales-deben-tambien-valer-por-adrian-ortiz\/\"\n\t\t\t  \tdata-numposts = \"10\"\n\t\t\t\tdata-colorscheme = \"dark\"\n\t\t\t\tdata-order-by = \"social\"\n\t\t\t\tdata-mobile=true>\n\t\t\t  <\/div>\n\t\t  <style>\n\t\t\t.fb_iframe_widget_fluid_desktop iframe {\n\t\t\t    width: 100% !important;\n\t\t\t}\n\t\t  <\/style>\n\t\t  ","protected":false},"excerpt":{"rendered":"<p>&nbsp; (www.eloriente.net, M\u00e9xico, a 19 de julio de 2016, por Adri\u00e1n Ortiz Romero\/Al Margen).-\u00a0Es muy relevante que, en el discurso alusivo a la promulgaci\u00f3n de las leyes ordinarias que conforman el Sistema Nacional Anticorrupci\u00f3n, el presidente Enrique Pe\u00f1a Nieto haya reconocido la importancia que tienen no s\u00f3lo las actuaciones concretas de los servidores p\u00fablicos, sino [&hellip;]<\/p>\n","protected":false},"author":2,"featured_media":44163,"comment_status":"open","ping_status":"open","sticky":false,"template":"","format":"standard","meta":{"_jetpack_memberships_contains_paid_content":false,"footnotes":""},"categories":[2434,38,11,32,10,24,21],"tags":[1717,4431,3158,879,1066,197,3554],"class_list":["post-44162","post","type-post","status-publish","format-standard","has-post-thumbnail","hentry","category-lunesdepolitica","category-adrian-ortiz-romero","category-colaboradores","category-entradas","category-lo-mas-reciente","category-mexico-y-el-mundo","category-politica-y-gobierno","tag-adrian-ortiz-romero-2","tag-al-margen","tag-anticorrupcion","tag-columna","tag-corrupcion","tag-opinion","tag-sistema-nacional-anticorrupcion"],"jetpack_featured_media_url":"http:\/\/www.eloriente.net\/home\/wp-content\/uploads\/2016\/07\/antico.jpg","jetpack_sharing_enabled":true,"_links":{"self":[{"href":"http:\/\/www.eloriente.net\/home\/wp-json\/wp\/v2\/posts\/44162"}],"collection":[{"href":"http:\/\/www.eloriente.net\/home\/wp-json\/wp\/v2\/posts"}],"about":[{"href":"http:\/\/www.eloriente.net\/home\/wp-json\/wp\/v2\/types\/post"}],"author":[{"embeddable":true,"href":"http:\/\/www.eloriente.net\/home\/wp-json\/wp\/v2\/users\/2"}],"replies":[{"embeddable":true,"href":"http:\/\/www.eloriente.net\/home\/wp-json\/wp\/v2\/comments?post=44162"}],"version-history":[{"count":1,"href":"http:\/\/www.eloriente.net\/home\/wp-json\/wp\/v2\/posts\/44162\/revisions"}],"predecessor-version":[{"id":44164,"href":"http:\/\/www.eloriente.net\/home\/wp-json\/wp\/v2\/posts\/44162\/revisions\/44164"}],"wp:featuredmedia":[{"embeddable":true,"href":"http:\/\/www.eloriente.net\/home\/wp-json\/wp\/v2\/media\/44163"}],"wp:attachment":[{"href":"http:\/\/www.eloriente.net\/home\/wp-json\/wp\/v2\/media?parent=44162"}],"wp:term":[{"taxonomy":"category","embeddable":true,"href":"http:\/\/www.eloriente.net\/home\/wp-json\/wp\/v2\/categories?post=44162"},{"taxonomy":"post_tag","embeddable":true,"href":"http:\/\/www.eloriente.net\/home\/wp-json\/wp\/v2\/tags?post=44162"}],"curies":[{"name":"wp","href":"https:\/\/api.w.org\/{rel}","templated":true}]}}