{"id":44315,"date":"2016-07-31T09:59:47","date_gmt":"2016-07-31T15:59:47","guid":{"rendered":"http:\/\/www.eloriente.net\/home\/?p=44315"},"modified":"2016-07-31T09:59:47","modified_gmt":"2016-07-31T15:59:47","slug":"requiem-por-ruben-vasconcelos-beltran-por-luz-maria-gonzalez","status":"publish","type":"post","link":"http:\/\/www.eloriente.net\/home\/2016\/07\/31\/requiem-por-ruben-vasconcelos-beltran-por-luz-maria-gonzalez\/","title":{"rendered":"R\u00e9quiem por Rub\u00e9n Vasconcelos Beltr\u00e1n, por Luz Mar\u00eda Gonz\u00e1lez"},"content":{"rendered":"<p><script src=\"\/\/pagead2.googlesyndication.com\/pagead\/js\/adsbygoogle.js\" async=\"\"><\/script><!-- BANNER ELORIENTE INCRUSTADO NOTAS --> <ins class=\"adsbygoogle\" style=\"display: inline-block; width: 300px; height: 250px;\" data-ad-client=\"ca-pub-1136171134853753\" data-ad-slot=\"7974633627\"><\/ins><script>\/\/ <![CDATA[\n(adsbygoogle = window.adsbygoogle || []).push({});\n\/\/ ]]><\/script><br \/>\n(www.eloriente.net, M\u00e9xico, 31 de julio de 2016, por Luz Mar\u00eda Gonz\u00e1lez Esper\u00f3n*).-\u00a0Conoc\u00ed a Rub\u00e9n Vasconcelos Beltr\u00e1n, hace ya muchos ayeres, pero nuestra amistad se hizo m\u00e1s cercana a partir del a\u00f1o 1999, en que ingres\u00e9 al Seminario de Cultura Mexicana, A.C. Corresponsal\u00eda Oaxaca. A trav\u00e9s de las sesiones ordinarias y otras muchas reuniones de tipo cultural y social se fue templando nuestra amistad y fui conociendo al maravilloso ser humano que habitaba en Rub\u00e9n.<\/p>\n<p>Su infancia no fue nada f\u00e1cil. Habitante del barrio de la Defensa, hu\u00e9rfano de padre, a los 12 a\u00f1os, tuvo que tomar el papel de cabeza de familia en uni\u00f3n de su madre do\u00f1a Emilia Beltr\u00e1n Catoir, brind\u00e1ndole el apoyo necesario en los diversos trabajos que ella ten\u00eda que desempe\u00f1ar, con tal de llevar el dinero que hac\u00eda falta en su hogar.<\/p>\n<p>La imagen de su padre, don Rafael Vasconcelos, la sustituy\u00f3 con la figura de su abuelo, don Dar\u00edo Vasconcelos. De su mano disfrut\u00f3, durante su infancia, el caminar por las calles de nuestra ciudad, admirando con asombro la arquitectura de nuestras casas coloniales, de nuestros templos y gozando de nuestros parques. Igualmente, guiado por su madre, conoci\u00f3 nuestras tradiciones, disfrut\u00f3 nuestra gastronom\u00eda y practic\u00f3 nuestro estilo de vida. Su abuelo le dio valiosos consejos que lo ayudaron en su vida a forjar su car\u00e1cter.<\/p>\n<p>A trav\u00e9s del trato frecuente con Rub\u00e9n, descubr\u00ed al excelente y maravilloso compa\u00f1ero que d\u00eda a d\u00eda, y durante varios a\u00f1os realiz\u00f3 un verdadero apostolado cuidando a Sylvia M\u00e9ndez Le\u00f3n,- su querid\u00edsima esposa &#8211; afectada en su salud por un mal irreversible, cuyo cuidado exige esmero, una paciencia infinita y un inconmensurable amor, que \u00e9l sin desfallecer le brind\u00f3 a raudales. Trampa de la vida que no impidi\u00f3 que desarrollara sus m\u00faltiples trabajos cotidianos con tes\u00f3n, fortaleza y responsabilidad<\/p>\n<p>Conoc\u00ed tambi\u00e9n al padre amoroso, justo y amante del di\u00e1logo, que ense\u00f1\u00f3 a sus hijos a amar a Oaxaca y llevarla en el coraz\u00f3n. Predic\u00f3 con el ejemplo los valores fundamentales que deb\u00edan formar y fortalecer a su familia para hacer de sus cinco hijos: Silvia, M\u00f3nica, Rub\u00e9n, Dar\u00edo (+) y Juan Pablo Vasconcelos M\u00e9ndez, destacados profesionistas. Seres \u00fatiles a la sociedad, quienes han correspondido con creces a los esfuerzos de sus padres, brind\u00e1ndoles amor, respeto y gratitud, siendo adem\u00e1s solidarios en el sufrimiento pan cotidiano y amargo que dif\u00edcilmente falta en la mesa familiar.<\/p>\n<p>Amigo de todos, lleg\u00f3 a convertirse en un laurel frondoso que fue cobijando bajo sus sombras a sus fieles seguidores sin distinci\u00f3n de clases sociales. Tuvo un sentido exacto de lo que es la gratitud y cultiv\u00f3 la amistad con esmero y lealtad, regalo del que nos enorgullecemos los que tuvimos el privilegio de contarnos entre sus amigos. Su tradicional llamada telef\u00f3nica en el d\u00eda de nuestro cumplea\u00f1os era recibida siempre con alegr\u00eda y agradecimiento al o\u00edrlo entonar \u201clas ma\u00f1anitas\u201d.<\/p>\n<p>&nbsp;<br \/>\n<script src=\"\/\/pagead2.googlesyndication.com\/pagead\/js\/adsbygoogle.js\" async=\"\"><\/script><br \/>\n <!-- BANNER PEQUE\u00d1O PARA ENTRENOTAS EL ORIENTE --><br \/>\n <ins class=\"adsbygoogle\" style=\"display: inline-block; width: 468px; height: 60px;\" data-ad-client=\"ca-pub-1136171134853753\" data-ad-slot=\"4953536424\"><\/ins><br \/>\n<script>\/\/ <![CDATA[\n(adsbygoogle = window.adsbygoogle || []).push({});\n\/\/ ]]><\/script><br \/>\n&nbsp;<\/p>\n<p>Desempe\u00f1\u00f3 diversos trabajos de especial responsabilidad como funcionario estatal y de tipo acad\u00e9mico, habiendo llegado a ocupar el muy honroso cargo de primer Rector, de la ya entonces Universidad Aut\u00f3noma Benito Ju\u00e1rez de Oaxaca. Que anteriormente fuera, el glorioso Instituto de Ciencias y Artes del Estado, despu\u00e9s convertido en Universidad Benito Ju\u00e1rez de Oaxaca. Alma M\u00e1ter, en que realiz\u00f3 sus estudios profesionales de licenciado en administraci\u00f3n de empresas, cursando despu\u00e9s, becado, una maestr\u00eda en Sao Paulo, Brasil en la fundaci\u00f3n \u201cGetulio Vargas\u201d, tiempos en que los postgrados en el extranjero estaban muy lejanos. Adem\u00e1s, lo vimos ocupar otros cargos de tipo pol\u00edtico administrativo, los que desempe\u00f1\u00f3 con honestidad, esp\u00edritu de amor y servicio a Oaxaca.<\/p>\n<p>Testigo de acontecimientos de la vida cultural, pol\u00edtica y social de esta Oaxaca nuestra, se le nombr\u00f3 con el justo, muy justo membrete de Cronista de la Ciudad, a partir del 2001. Cargo vitalicio, ganado a pulso, por su intensa actividad cultural desarrollada durante muchos a\u00f1os, la que lo hizo poseedor de un gran acervo de conocimientos que abarc\u00f3 no solamente nuestra ciudad capital sino del Estado. Como resultado de su apasionado amor a la tierra que lo vio nacer, a su historia y a sus diversas culturas, alcanz\u00f3 diversos reconocimientos, entre ellos, el nombramiento de Ciudadano Distinguido y posteriormente la Medalla Donaj\u00ed, que le confiri\u00f3 el Ayuntamiento de la Ciudad, presidido entonces por el licenciado Jos\u00e9 Antonio Hern\u00e1ndez Fraguas, en ceremonia que tuvo lugar el 25 de abril del 2009.<\/p>\n<p>Nos leg\u00f3 el testimonio de un sinn\u00famero de acuciosos trabajos literarios entre ellos, los siete tomos de Oaxaca, Ciudad Para Vivirla y Contarla. Valiosa fue su colaboraci\u00f3n semanal, durante los \u00faltimos 35 a\u00f1os, como Cronista de la Ciudad, brindada al diario \u201cEl Imparcial\u201d, el mejor diario de Oaxaca. Art\u00edculos que servir\u00e1n para alimentar a los estudiosos, con sucedidos relevantes, nombres y fechas. Citaremos tambi\u00e9n sus m\u00faltiples conferencias, dentro de nuestro pa\u00eds y en el extranjero, enriquecidas con fotograf\u00edas de su archivo personal, para la divulgaci\u00f3n de la historia y cultura de esta su tierra natal, dictadas con sentimiento de oaxaque\u00f1o aut\u00e9ntico. Labor extenuante, que unida a sus programas radiof\u00f3nicos y televisivos, \u00e9l realiz\u00f3 con alma emocionada y que nos lleva a recordar a Carlos Pellicer que nos dice: \u201cViaja, viaja, viajero, con rumbos a los cielos de Oaxaca\u2026\u201d<\/p>\n<p>Rub\u00e9n Vasconcelos Beltr\u00e1n, entra\u00f1able amigo, a nombre personal y de tus compa\u00f1eros del Seminario de Cultura Mexicana, hemos querido expresarte, que al \u00e1rbol se le conoce por sus frutos, y que mucho fue lo que aprendimos con tus lecciones de amor a Oaxaca. El m\u00e9rito de tus esfuerzos, siempre estuvo premiado por tu capacidad de convocatoria. Tu liderazgo moral y de conocimientos fue seguido con gran placer, a partir del cari\u00f1o que repartiste. \u00a1Ojal\u00e1 que personas como t\u00fa condujeran los destinos de esta sufrida ciudad!<\/p>\n<p>A esta gran Se\u00f1ora del Sur, que tanto amaste le duele tu ausencia f\u00edsica. Extra\u00f1aremos estrechar tu mano cordial que siempre nos tendiste. El cielo azul \u2013de ese azul que s\u00f3lo es oaxaque\u00f1o- y que t\u00fa tanto admiraste, te cubrir\u00e1 y te proteger\u00e1, y all\u00ed, desde ese reino, nuestra nost\u00e1lgica <em>Canci\u00f3n Mixteca<\/em> e inmortal <em>Dios Nunca Muere<\/em>, te acompa\u00f1ar\u00e1n en tu sepultura a perpetuidad.<\/p>\n<p><strong>*Miembro del Seminario de Cultura Mexicana, A.C. Corresponsal\u00eda Oaxaca, \u201cIng. Alberto Bustamante Vasconcelos, que preside el Arq. Prometeo S\u00e1nchez Islas.<\/strong><\/p>\n<p><a href=\"http:\/\/www.eloriente.net\/home\/wp-content\/uploads\/2016\/07\/ruben-vasconcelos-2.jpg\" rel=\"attachment wp-att-44012\"><img loading=\"lazy\" decoding=\"async\" class=\"alignnone size-full wp-image-44012\" src=\"http:\/\/www.eloriente.net\/home\/wp-content\/uploads\/2016\/07\/ruben-vasconcelos-2.jpg\" alt=\"ruben vasconcelos 2\" width=\"453\" height=\"604\" srcset=\"http:\/\/www.eloriente.net\/home\/wp-content\/uploads\/2016\/07\/ruben-vasconcelos-2.jpg 453w, http:\/\/www.eloriente.net\/home\/wp-content\/uploads\/2016\/07\/ruben-vasconcelos-2-225x300.jpg 225w\" sizes=\"(max-width: 453px) 100vw, 453px\" \/><\/a><\/p>\n<p>Imagen: Rub\u00e9n Vasconcelos Beltr\u00e1n<\/p>\n<p><strong>OTRAS ENTRADAS:<\/strong><\/p>\n<div id=\"post-44081\" class=\"entry loop-default border_bottom_30 post-44081 post type-post status-publish format-standard has-post-thumbnail hentry category-articulistas category-entradas category-especiales category-estados category-lo-mas-reciente category-oaxaca-estados tag-alonso-aguilar-orihuela tag-homenaje tag-palabras tag-ruben-vasconcelos-beltran tag-secretario\">\n<h2 class=\"entry_title\"><a title=\"Enlace Permanente a Palabras a Rub\u00e9n Vasconcelos Beltr\u00e1n. Por Alonso Aguilar Orihuela\" href=\"http:\/\/www.eloriente.net\/home\/2016\/07\/11\/palabras-a-ruben-vasconcelos-beltran-por-alonso-aguilar-orihuela\/\" rel=\"bookmark\">Palabras a Rub\u00e9n Vasconcelos Beltr\u00e1n. Por Alonso Aguilar Orihuela<\/a><\/h2>\n<p><a href=\"http:\/\/www.eloriente.net\/home\/2016\/07\/11\/palabras-a-ruben-vasconcelos-beltran-por-alonso-aguilar-orihuela\/\" rel=\"bookmark\"><img decoding=\"async\" class=\"alignleft\" title=\"Palabras a Rub\u00e9n Vasconcelos Beltr\u00e1n. Por Alonso Aguilar Orihuela\" src=\"http:\/\/www.eloriente.net\/home\/wp-content\/themes\/city-desk\/timthumb.php?src=http%3A%2F%2Fwww.eloriente.net%2Fhome%2Fwp-content%2Fuploads%2F2016%2F07%2FCRONISTA-3.jpg&amp;q=90&amp;w=160&amp;h=106&amp;zc=1\" alt=\"Palabras a Rub\u00e9n Vasconcelos Beltr\u00e1n. Por Alonso Aguilar Orihuela\" \/><\/a>\u00a0 eloriente.net 11 de julio de 2016 *Palabras pronunciadas por Alonso Aguilar Orihuela durante el homenaje al maestro Rub\u00e9n Vasconcelos Beltr\u00e1n. El d\u00eda de hoy rendimos un merecido homenaje a don Rub\u00e9n Vasconcelos Beltr\u00e1n, la imagen de un Oaxaca buc\u00f3lico, apacible; un hombre que nos mostr\u00f3 entre an\u00e9cdotas y experiencias, la memoria de sus calles, [\u2026]<\/p>\n<p class=\"postmeta\"><span class=\"meta_date\">julio 11, 2016<\/span><\/p>\n<\/div>\n<div id=\"post-44011\" class=\"entry loop-default border_bottom_30 post-44011 post type-post status-publish format-standard has-post-thumbnail hentry category-editorial category-principal tag-cronista-de-oaxaca tag-ruben-vasconcelos-beltran\">\n<h2 class=\"entry_title\"><a title=\"Enlace Permanente a Ruben Vasconcelos, ejemplo del \u2018Buen Oaxaque\u00f1o\u2019\" href=\"http:\/\/www.eloriente.net\/home\/2016\/07\/03\/ruben-vasconcelos-ejemplo-del-buen-oaxaqueno\/\" rel=\"bookmark\">Ruben Vasconcelos, ejemplo del \u2018Buen Oaxaque\u00f1o\u2019<\/a><\/h2>\n<p><a href=\"http:\/\/www.eloriente.net\/home\/2016\/07\/03\/ruben-vasconcelos-ejemplo-del-buen-oaxaqueno\/\" rel=\"bookmark\"><img decoding=\"async\" class=\"alignleft\" title=\"Ruben Vasconcelos, ejemplo del \u2018Buen Oaxaque\u00f1o\u2019\" src=\"http:\/\/www.eloriente.net\/home\/wp-content\/themes\/city-desk\/timthumb.php?src=http%3A%2F%2Fwww.eloriente.net%2Fhome%2Fwp-content%2Fuploads%2F2016%2F07%2FCRONISTA-3.jpg&amp;q=90&amp;w=160&amp;h=106&amp;zc=1\" alt=\"Ruben Vasconcelos, ejemplo del \u2018Buen Oaxaque\u00f1o\u2019\" \/><\/a>eloriente.net 3 de julio de 2016 *Mensaje le\u00eddo por Juan Pablo Vasconcelos M\u00e9ndez el 1 de julio de 2016, durante el homenaje ofrecido por la Universidad Aut\u00f3noma Benito Ju\u00e1rez de Oaxaca a Rub\u00e9n Vasconcelos Beltr\u00e1n (1940-2016), quien falleci\u00f3 en la Ciudad de Oaxaca el pasado 29 de junio de 2016: \u00a0 \u00a0 \u00a0 \u00a0 Hay [\u2026]<\/p>\n<p class=\"postmeta\"><span class=\"meta_date\">julio 3, 2016<\/span><\/p>\n<\/div>\n<p>&nbsp;<\/p>\n\n\t\t\t  <div \n\t\t\t  \tclass = \"fb-comments\" \n\t\t\t  \tdata-href = \"http:\/\/www.eloriente.net\/home\/2016\/07\/31\/requiem-por-ruben-vasconcelos-beltran-por-luz-maria-gonzalez\/\"\n\t\t\t  \tdata-numposts = \"10\"\n\t\t\t\tdata-colorscheme = \"dark\"\n\t\t\t\tdata-order-by = \"social\"\n\t\t\t\tdata-mobile=true>\n\t\t\t  <\/div>\n\t\t  <style>\n\t\t\t.fb_iframe_widget_fluid_desktop iframe {\n\t\t\t    width: 100% !important;\n\t\t\t}\n\t\t  <\/style>\n\t\t  ","protected":false},"excerpt":{"rendered":"<p>(www.eloriente.net, M\u00e9xico, 31 de julio de 2016, por Luz Mar\u00eda Gonz\u00e1lez Esper\u00f3n*).-\u00a0Conoc\u00ed a Rub\u00e9n Vasconcelos Beltr\u00e1n, hace ya muchos ayeres, pero nuestra amistad se hizo m\u00e1s cercana a partir del a\u00f1o 1999, en que ingres\u00e9 al Seminario de Cultura Mexicana, A.C. Corresponsal\u00eda Oaxaca. A trav\u00e9s de las sesiones ordinarias y otras muchas reuniones de tipo [&hellip;]<\/p>\n","protected":false},"author":1,"featured_media":44012,"comment_status":"open","ping_status":"open","sticky":false,"template":"","format":"standard","meta":{"_jetpack_memberships_contains_paid_content":false,"footnotes":""},"categories":[29,49,32,10,12],"tags":[6798,6795,6796,6694,6797],"class_list":["post-44315","post","type-post","status-publish","format-standard","has-post-thumbnail","hentry","category-capital","category-destacadas","category-entradas","category-lo-mas-reciente","category-todo-oaxaca-radio","tag-cronista-de-la-ciudad","tag-luto-por-ruben-vasconcelos","tag-memoria-ruben-vasconcelos","tag-ruben-vasconcelos-beltran","tag-vasconcelos-beltran"],"jetpack_featured_media_url":"http:\/\/www.eloriente.net\/home\/wp-content\/uploads\/2016\/07\/ruben-vasconcelos-2.jpg","jetpack_sharing_enabled":true,"_links":{"self":[{"href":"http:\/\/www.eloriente.net\/home\/wp-json\/wp\/v2\/posts\/44315"}],"collection":[{"href":"http:\/\/www.eloriente.net\/home\/wp-json\/wp\/v2\/posts"}],"about":[{"href":"http:\/\/www.eloriente.net\/home\/wp-json\/wp\/v2\/types\/post"}],"author":[{"embeddable":true,"href":"http:\/\/www.eloriente.net\/home\/wp-json\/wp\/v2\/users\/1"}],"replies":[{"embeddable":true,"href":"http:\/\/www.eloriente.net\/home\/wp-json\/wp\/v2\/comments?post=44315"}],"version-history":[{"count":1,"href":"http:\/\/www.eloriente.net\/home\/wp-json\/wp\/v2\/posts\/44315\/revisions"}],"predecessor-version":[{"id":44316,"href":"http:\/\/www.eloriente.net\/home\/wp-json\/wp\/v2\/posts\/44315\/revisions\/44316"}],"wp:featuredmedia":[{"embeddable":true,"href":"http:\/\/www.eloriente.net\/home\/wp-json\/wp\/v2\/media\/44012"}],"wp:attachment":[{"href":"http:\/\/www.eloriente.net\/home\/wp-json\/wp\/v2\/media?parent=44315"}],"wp:term":[{"taxonomy":"category","embeddable":true,"href":"http:\/\/www.eloriente.net\/home\/wp-json\/wp\/v2\/categories?post=44315"},{"taxonomy":"post_tag","embeddable":true,"href":"http:\/\/www.eloriente.net\/home\/wp-json\/wp\/v2\/tags?post=44315"}],"curies":[{"name":"wp","href":"https:\/\/api.w.org\/{rel}","templated":true}]}}