{"id":44351,"date":"2016-08-04T12:03:00","date_gmt":"2016-08-04T18:03:00","guid":{"rendered":"http:\/\/www.eloriente.net\/home\/?p=44351"},"modified":"2016-08-04T12:03:53","modified_gmt":"2016-08-04T18:03:53","slug":"en-vivo-carlos-de-icaza-responde-preguntas-sobre-servicio-exterior-mexicano","status":"publish","type":"post","link":"http:\/\/www.eloriente.net\/home\/2016\/08\/04\/en-vivo-carlos-de-icaza-responde-preguntas-sobre-servicio-exterior-mexicano\/","title":{"rendered":"EN VIVO: Carlos de Icaza responde preguntas sobre Servicio Exterior Mexicano"},"content":{"rendered":"<p><script src=\"\/\/pagead2.googlesyndication.com\/pagead\/js\/adsbygoogle.js\" async=\"\"><\/script><!-- BANNER ELORIENTE INCRUSTADO NOTAS --> <ins class=\"adsbygoogle\" style=\"display: inline-block; width: 300px; height: 250px;\" data-ad-client=\"ca-pub-1136171134853753\" data-ad-slot=\"7974633627\"><\/ins><script>\/\/ <![CDATA[\n(adsbygoogle = window.adsbygoogle || []).push({});\n\/\/ ]]><\/script><br \/>\n4 de agosto de 2016<\/p>\n<p>Por el inter\u00e9s que puede resultar para los lectores de ELORIENTE.NET, Carlos de Icaza, Subsecretario de Relaciones Exteriores de M\u00e9xico, expondr\u00e1 y responder\u00e1 v\u00eda FB dudas e informaci\u00f3n sobre Servicio Exterior Mexicano (SRE).<\/p>\n<p>S\u00edguelo aqu\u00ed a partir de las 13:00hrs.<\/p>\n<p>&nbsp;<br \/>\n<iframe loading=\"lazy\" src=\"https:\/\/www.facebook.com\/plugins\/video.php?href=https%3A%2F%2Fwww.facebook.com%2FCarlosdeIcazaGonzalez%2Fvideos%2F1727087484233627%2F&#038;show_text=1&#038;width=400\" width=\"400\" height=\"348\" style=\"border:none;overflow:hidden\" scrolling=\"no\" frameborder=\"0\" allowTransparency=\"true\"><\/iframe><br \/>\n&nbsp;<\/p>\n<p>&nbsp;<\/p>\n<p><a href=\"http:\/\/www.eloriente.net\/home\/wp-content\/uploads\/2016\/08\/carlos-de-icaza.jpg\" rel=\"attachment wp-att-44352\"><img loading=\"lazy\" decoding=\"async\" class=\"alignnone size-medium wp-image-44352\" src=\"http:\/\/www.eloriente.net\/home\/wp-content\/uploads\/2016\/08\/carlos-de-icaza-300x163.jpg\" alt=\"carlos de icaza\" width=\"300\" height=\"163\" srcset=\"http:\/\/www.eloriente.net\/home\/wp-content\/uploads\/2016\/08\/carlos-de-icaza-300x163.jpg 300w, http:\/\/www.eloriente.net\/home\/wp-content\/uploads\/2016\/08\/carlos-de-icaza-768x418.jpg 768w, http:\/\/www.eloriente.net\/home\/wp-content\/uploads\/2016\/08\/carlos-de-icaza-1024x557.jpg 1024w, http:\/\/www.eloriente.net\/home\/wp-content\/uploads\/2016\/08\/carlos-de-icaza.jpg 1200w\" sizes=\"(max-width: 300px) 100vw, 300px\" \/><\/a><br \/>\n<script src=\"\/\/pagead2.googlesyndication.com\/pagead\/js\/adsbygoogle.js\" async=\"\"><\/script>La transmisi\u00f3n corre a <a href=\"https:\/\/www.facebook.com\/CarlosdeIcazaGonzalez\/?fref=ts\" target=\"_blank\">cargo del autor.<\/a><br \/>\n <!-- BANNER PEQUE\u00d1O PARA ENTRENOTAS EL ORIENTE --><br \/>\n <ins class=\"adsbygoogle\" style=\"display: inline-block; width: 468px; height: 60px;\" data-ad-client=\"ca-pub-1136171134853753\" data-ad-slot=\"4953536424\"><\/ins><\/p>\n<p>&nbsp;<\/p>\n<p>&nbsp;<\/p>\n<p><script>\/\/ <![CDATA[\n(adsbygoogle = window.adsbygoogle || []).push({});\n\/\/ ]]><\/script><\/p>\n\n\t\t\t  <div \n\t\t\t  \tclass = \"fb-comments\" \n\t\t\t  \tdata-href = \"http:\/\/www.eloriente.net\/home\/2016\/08\/04\/en-vivo-carlos-de-icaza-responde-preguntas-sobre-servicio-exterior-mexicano\/\"\n\t\t\t  \tdata-numposts = \"10\"\n\t\t\t\tdata-colorscheme = \"dark\"\n\t\t\t\tdata-order-by = \"social\"\n\t\t\t\tdata-mobile=true>\n\t\t\t  <\/div>\n\t\t  <style>\n\t\t\t.fb_iframe_widget_fluid_desktop iframe {\n\t\t\t    width: 100% !important;\n\t\t\t}\n\t\t  <\/style>\n\t\t  ","protected":false},"excerpt":{"rendered":"<p>4 de agosto de 2016 Por el inter\u00e9s que puede resultar para los lectores de ELORIENTE.NET, Carlos de Icaza, Subsecretario de Relaciones Exteriores de M\u00e9xico, expondr\u00e1 y responder\u00e1 v\u00eda FB dudas e informaci\u00f3n sobre Servicio Exterior Mexicano (SRE). S\u00edguelo aqu\u00ed a partir de las 13:00hrs. &nbsp; &nbsp; &nbsp; La transmisi\u00f3n corre a cargo del autor. [&hellip;]<\/p>\n","protected":false},"author":1,"featured_media":44352,"comment_status":"open","ping_status":"open","sticky":false,"template":"","format":"standard","meta":{"_jetpack_memberships_contains_paid_content":false,"footnotes":""},"categories":[2434,4,32,10,24,21],"tags":[6811],"class_list":["post-44351","post","type-post","status-publish","format-standard","has-post-thumbnail","hentry","category-lunesdepolitica","category-canal-2-en-vivo","category-entradas","category-lo-mas-reciente","category-mexico-y-el-mundo","category-politica-y-gobierno","tag-servicio-exterior-mexicano-dudas"],"jetpack_featured_media_url":"http:\/\/www.eloriente.net\/home\/wp-content\/uploads\/2016\/08\/carlos-de-icaza.jpg","jetpack_sharing_enabled":true,"_links":{"self":[{"href":"http:\/\/www.eloriente.net\/home\/wp-json\/wp\/v2\/posts\/44351"}],"collection":[{"href":"http:\/\/www.eloriente.net\/home\/wp-json\/wp\/v2\/posts"}],"about":[{"href":"http:\/\/www.eloriente.net\/home\/wp-json\/wp\/v2\/types\/post"}],"author":[{"embeddable":true,"href":"http:\/\/www.eloriente.net\/home\/wp-json\/wp\/v2\/users\/1"}],"replies":[{"embeddable":true,"href":"http:\/\/www.eloriente.net\/home\/wp-json\/wp\/v2\/comments?post=44351"}],"version-history":[{"count":2,"href":"http:\/\/www.eloriente.net\/home\/wp-json\/wp\/v2\/posts\/44351\/revisions"}],"predecessor-version":[{"id":44354,"href":"http:\/\/www.eloriente.net\/home\/wp-json\/wp\/v2\/posts\/44351\/revisions\/44354"}],"wp:featuredmedia":[{"embeddable":true,"href":"http:\/\/www.eloriente.net\/home\/wp-json\/wp\/v2\/media\/44352"}],"wp:attachment":[{"href":"http:\/\/www.eloriente.net\/home\/wp-json\/wp\/v2\/media?parent=44351"}],"wp:term":[{"taxonomy":"category","embeddable":true,"href":"http:\/\/www.eloriente.net\/home\/wp-json\/wp\/v2\/categories?post=44351"},{"taxonomy":"post_tag","embeddable":true,"href":"http:\/\/www.eloriente.net\/home\/wp-json\/wp\/v2\/tags?post=44351"}],"curies":[{"name":"wp","href":"https:\/\/api.w.org\/{rel}","templated":true}]}}