{"id":44366,"date":"2016-08-04T17:07:56","date_gmt":"2016-08-04T23:07:56","guid":{"rendered":"http:\/\/www.eloriente.net\/home\/?p=44366"},"modified":"2016-08-04T17:07:56","modified_gmt":"2016-08-04T23:07:56","slug":"convocatorias-participa-en-el-concurso-de-ensayo-ano-dual-mexico-alemania","status":"publish","type":"post","link":"http:\/\/www.eloriente.net\/home\/2016\/08\/04\/convocatorias-participa-en-el-concurso-de-ensayo-ano-dual-mexico-alemania\/","title":{"rendered":"CONVOCATORIAS: Participa en el concurso de ensayo \u00abA\u00f1o dual M\u00e9xico-Alemania\u00bb"},"content":{"rendered":"<p><script src=\"\/\/pagead2.googlesyndication.com\/pagead\/js\/adsbygoogle.js\" async=\"\"><\/script><!-- BANNER ELORIENTE INCRUSTADO NOTAS --> <ins class=\"adsbygoogle\" style=\"display: inline-block; width: 300px; height: 250px;\" data-ad-client=\"ca-pub-1136171134853753\" data-ad-slot=\"7974633627\"><\/ins><script>\/\/ <![CDATA[\n(adsbygoogle = window.adsbygoogle || []).push({});\n\/\/ ]]><\/script><\/p>\n<p>&nbsp;<\/p>\n<p>eloriente.net\/<a href=\"http:\/\/www.gob.mx\/imr\/articulos\/concurso-de-ensayo-ano-dual-mexico-alemania-perspectivas-de-una-relacion-bilateral-y-su-proyeccion-global?idiom=es\" target=\"_blank\">SRE<\/a><\/p>\n<p>4 de agosto de 2016<\/p>\n<p>La Secretar\u00eda de Relaciones Exteriores, a trav\u00e9s del Instituto Mat\u00edas Romero, la\u00a0Universidad Nacional Aut\u00f3noma de M\u00e9xico (UNAM), a trav\u00e9s de la Facultad de Estudios\u00a0Superiores Arag\u00f3n, y la C\u00e1tedra Fernando Solana convocan al concurso\u00a0de ensayo\u00a0\u201cA\u00f1o dual M\u00e9xico-Alemania: perspectivas de una relaci\u00f3n bilateral\u00a0y su proyecci\u00f3n global\u201d<\/p>\n<div class=\"article-body\">\n<p>La recepci\u00f3n de los ensayos iniciar\u00e1 a partir de la publicaci\u00f3n de la\u00a0convocatoria, el 1 de agosto de 2016 y finalizar\u00e1 el 18 de septiembre de\u00a02016.<\/p>\n<p><script src=\"\/\/pagead2.googlesyndication.com\/pagead\/js\/adsbygoogle.js\" async=\"\"><\/script><!-- BANNER PEQUE\u00d1O PARA ENTRENOTAS EL ORIENTE --> <ins class=\"adsbygoogle\" style=\"display: inline-block; width: 468px; height: 60px;\" data-ad-client=\"ca-pub-1136171134853753\" data-ad-slot=\"4953536424\"><\/ins><script>\/\/ <![CDATA[\n(adsbygoogle = window.adsbygoogle || []).push({});\n\/\/ ]]><\/script><\/p>\n<\/div>\n<p>Pueden participar j\u00f3venes menores de 25 a\u00f1os que est\u00e9n matriculados o hayan concluido sus estudios de Licenciatura en Relaciones Internacionales o carreras afines en la Universidad Nacional Aut\u00f3noma de M\u00e9xico (UNAM).<\/p>\n<p>Las bases del concurso y todo la informaci\u00f3n se puede consultar<a href=\"http:\/\/www.gob.mx\/cms\/uploads\/attachment\/file\/119910\/Cartel_RRII_Convocatoria_Concurso_de_ensayo_Mexico_Alemania_Final.pdf\" target=\"_blank\">\u00a0<\/a><strong><a href=\"http:\/\/www.gob.mx\/cms\/uploads\/attachment\/file\/119910\/Cartel_RRII_Convocatoria_Concurso_de_ensayo_Mexico_Alemania_Final.pdf\" target=\"_blank\">aqu\u00ed<\/a>.<\/strong><\/p>\n<p>&nbsp;<\/p>\n<p><strong>OTRAS ENTRADAS<\/strong><\/p>\n<div class=\"featuredpost\">\n<div class=\"flow_hide\">\n<h2 class=\"posttitle bigposttitle\"><a title=\"Enlace Permanente a EN VIVO: Carlos de Icaza responde preguntas sobre Servicio Exterior Mexicano\" href=\"http:\/\/www.eloriente.net\/home\/2016\/08\/04\/en-vivo-carlos-de-icaza-responde-preguntas-sobre-servicio-exterior-mexicano\/\" rel=\"bookmark\">EN VIVO: Carlos de Icaza responde preguntas sobre Servicio Exterior Mexicano<\/a><\/h2>\n<\/div>\n<p>4 de agosto de 2016 Por el inter\u00e9s que puede resultar para los lectores de ELORIENTE.NET, Carlos de Icaza, Subsecretario de Relaciones Exteriores de M\u00e9xico, expondr\u00e1 y responder\u00e1\u2026<\/p>\n<p class=\"postmeta\"><span class=\"meta_date\">agosto 4, 2016<\/span><\/p>\n<div class=\"toolbar-social\"><\/div>\n<\/div>\n<div class=\"featuredpost\">\n<div class=\"flow_hide\"><a href=\"http:\/\/www.eloriente.net\/home\/2016\/08\/03\/deportes-los-medios-publicos-transmitiran-juegos-de-rio-2016\/\" rel=\"bookmark\"><img decoding=\"async\" class=\"alignleft\" title=\"DEPORTES: Los Medios P\u00fablicos transmitir\u00e1n Juegos de R\u00edo 2016\" src=\"http:\/\/www.eloriente.net\/home\/wp-content\/themes\/city-desk\/timthumb.php?src=http%3A%2F%2Fwww.eloriente.net%2Fhome%2Fwp-content%2Fuploads%2F2016%2F08%2FCLAVADISTAS-MEXICANOS-COM-1-e1470271548621.jpg&amp;q=90&amp;w=70&amp;h=45&amp;zc=1\" alt=\"DEPORTES: Los Medios P\u00fablicos transmitir\u00e1n Juegos de R\u00edo 2016\" \/><\/a><\/p>\n<h2 class=\"posttitle \"><a title=\"Enlace Permanente a DEPORTES: Los Medios P\u00fablicos transmitir\u00e1n Juegos de R\u00edo 2016\" href=\"http:\/\/www.eloriente.net\/home\/2016\/08\/03\/deportes-los-medios-publicos-transmitiran-juegos-de-rio-2016\/\" rel=\"bookmark\">DEPORTES: Los Medios P\u00fablicos transmitir\u00e1n Juegos de R\u00edo 2016<\/a><\/h2>\n<\/div>\n<p>eloriente.net\/RED 3 de agosto de 2016 35 Medios P\u00fablicos televisivos de M\u00e9xico transmitir\u00e1n las justas deportivas Ciudad de M\u00e9xico. 03 de agosto de 2016.- En un hecho sin\u2026<\/p>\n<p class=\"postmeta\"><span class=\"meta_date\">agosto 3, 2016<\/span><\/p>\n<div class=\"toolbar-social\"><\/div>\n<\/div>\n<div class=\"featuredpost\">\n<div class=\"flow_hide\"><a href=\"http:\/\/www.eloriente.net\/home\/2016\/08\/03\/videocolumna-en-que-consiste-la-violencia-cisecista-por-rebeca-garza\/\" rel=\"bookmark\"><img decoding=\"async\" class=\"alignleft\" title=\"VIDEOCOLUMNA: \u00bfEn qu\u00e9 consiste la violencia cisecista? Por Rebeca Garza\" src=\"http:\/\/www.eloriente.net\/home\/wp-content\/themes\/city-desk\/timthumb.php?src=http%3A%2F%2Fwww.eloriente.net%2Fhome%2Fwp-content%2Fuploads%2F2016%2F08%2FREBECA-GARZA-3-DE-AGOSTO-1-e1470267440112.jpg&amp;q=90&amp;w=70&amp;h=45&amp;zc=1\" alt=\"VIDEOCOLUMNA: \u00bfEn qu\u00e9 consiste la violencia cisecista? Por Rebeca Garza\" \/><\/a><\/p>\n<h2 class=\"posttitle \"><a title=\"Enlace Permanente a VIDEOCOLUMNA: \u00bfEn qu\u00e9 consiste la violencia cisecista? Por Rebeca Garza\" href=\"http:\/\/www.eloriente.net\/home\/2016\/08\/03\/videocolumna-en-que-consiste-la-violencia-cisecista-por-rebeca-garza\/\" rel=\"bookmark\">VIDEOCOLUMNA: \u00bfEn qu\u00e9 consiste la violencia cisecista? Por Rebeca Garza<\/a><\/h2>\n<\/div>\n<p>eloriente.net 3 de agosto de 2016 OTRAS COLUMNAS, DAR CLICK SOBRE LA IMAGEN: Share\u2026<\/p>\n<p class=\"postmeta\"><span class=\"meta_date\">agosto 3, 2016<\/span><\/p>\n<\/div>\n\n\t\t\t  <div \n\t\t\t  \tclass = \"fb-comments\" \n\t\t\t  \tdata-href = \"http:\/\/www.eloriente.net\/home\/2016\/08\/04\/convocatorias-participa-en-el-concurso-de-ensayo-ano-dual-mexico-alemania\/\"\n\t\t\t  \tdata-numposts = \"10\"\n\t\t\t\tdata-colorscheme = \"dark\"\n\t\t\t\tdata-order-by = \"social\"\n\t\t\t\tdata-mobile=true>\n\t\t\t  <\/div>\n\t\t  <style>\n\t\t\t.fb_iframe_widget_fluid_desktop iframe {\n\t\t\t    width: 100% !important;\n\t\t\t}\n\t\t  <\/style>\n\t\t  ","protected":false},"excerpt":{"rendered":"<p>&nbsp; eloriente.net\/SRE 4 de agosto de 2016 La Secretar\u00eda de Relaciones Exteriores, a trav\u00e9s del Instituto Mat\u00edas Romero, la\u00a0Universidad Nacional Aut\u00f3noma de M\u00e9xico (UNAM), a trav\u00e9s de la Facultad de Estudios\u00a0Superiores Arag\u00f3n, y la C\u00e1tedra Fernando Solana convocan al concurso\u00a0de ensayo\u00a0\u201cA\u00f1o dual M\u00e9xico-Alemania: perspectivas de una relaci\u00f3n bilateral\u00a0y su proyecci\u00f3n global\u201d La recepci\u00f3n de los [&hellip;]<\/p>\n","protected":false},"author":44,"featured_media":44367,"comment_status":"open","ping_status":"open","sticky":false,"template":"","format":"standard","meta":{"_jetpack_memberships_contains_paid_content":false,"footnotes":""},"categories":[4300,1588,18,32,3153,10,24],"tags":[122,121,4277,683,5738],"class_list":["post-44366","post","type-post","status-publish","format-standard","has-post-thumbnail","hentry","category-comunicacion","category-comunicados-y-boletines","category-educacion-y-cultura","category-entradas","category-letras-educacion-y-cultura","category-lo-mas-reciente","category-mexico-y-el-mundo","tag-concurso","tag-ensayo","tag-secretaria-de-relaciones-exteriores","tag-unam","tag-universidad-autonoma-benito-juarez-de-oaxaca"],"jetpack_featured_media_url":"http:\/\/www.eloriente.net\/home\/wp-content\/uploads\/2016\/08\/6871134561_82e386da3b_o.jpg","jetpack_sharing_enabled":true,"_links":{"self":[{"href":"http:\/\/www.eloriente.net\/home\/wp-json\/wp\/v2\/posts\/44366"}],"collection":[{"href":"http:\/\/www.eloriente.net\/home\/wp-json\/wp\/v2\/posts"}],"about":[{"href":"http:\/\/www.eloriente.net\/home\/wp-json\/wp\/v2\/types\/post"}],"author":[{"embeddable":true,"href":"http:\/\/www.eloriente.net\/home\/wp-json\/wp\/v2\/users\/44"}],"replies":[{"embeddable":true,"href":"http:\/\/www.eloriente.net\/home\/wp-json\/wp\/v2\/comments?post=44366"}],"version-history":[{"count":1,"href":"http:\/\/www.eloriente.net\/home\/wp-json\/wp\/v2\/posts\/44366\/revisions"}],"predecessor-version":[{"id":44368,"href":"http:\/\/www.eloriente.net\/home\/wp-json\/wp\/v2\/posts\/44366\/revisions\/44368"}],"wp:featuredmedia":[{"embeddable":true,"href":"http:\/\/www.eloriente.net\/home\/wp-json\/wp\/v2\/media\/44367"}],"wp:attachment":[{"href":"http:\/\/www.eloriente.net\/home\/wp-json\/wp\/v2\/media?parent=44366"}],"wp:term":[{"taxonomy":"category","embeddable":true,"href":"http:\/\/www.eloriente.net\/home\/wp-json\/wp\/v2\/categories?post=44366"},{"taxonomy":"post_tag","embeddable":true,"href":"http:\/\/www.eloriente.net\/home\/wp-json\/wp\/v2\/tags?post=44366"}],"curies":[{"name":"wp","href":"https:\/\/api.w.org\/{rel}","templated":true}]}}