{"id":44374,"date":"2016-08-05T11:23:07","date_gmt":"2016-08-05T17:23:07","guid":{"rendered":"http:\/\/www.eloriente.net\/home\/?p=44374"},"modified":"2016-08-05T14:08:34","modified_gmt":"2016-08-05T20:08:34","slug":"la-ropa-interior-que-cambia-la-vida-de-ninas-africanas","status":"publish","type":"post","link":"http:\/\/www.eloriente.net\/home\/2016\/08\/05\/la-ropa-interior-que-cambia-la-vida-de-ninas-africanas\/","title":{"rendered":"La ropa interior que cambia la vida de ni\u00f1as africanas"},"content":{"rendered":"<p><!-- BANNER ELORIENTE INCRUSTADO NOTAS --> <ins class=\"adsbygoogle\" style=\"width: 300px;height: 250px\"><\/ins>\/\/<\/p>\n<p>&nbsp;<\/p>\n<p>(www.eloriente.net, M\u00e9xico a 05 de Agosto de 2016).- Por Jessica Lamadrid<\/p>\n<p>Cuando observamos lo que pasa a nuestro alrededor o en lugares lejanos, nos damos cuenta que para algunas personas sucesos cotidianos marcan una diferencia en sus vidas debido a las condiciones en las que se encuentran. Tal es el caso de la ni\u00f1as de \u00c1frica, que al no contar con los recursos suficientes, algo tan com\u00fan como la menstruaci\u00f3n se vuelve un problema.<\/p>\n<p>En esta parte del mundo las ni\u00f1as que asisten a la escuela es un porcentaje peque\u00f1o y \u00e9ste adem\u00e1s es afectado por varios problemas, uno de ellos es la menstruaci\u00f3n. Las ni\u00f1as deciden no asistir a clases durante sus periodos por la falta de recursos para comprar productos de higiene personal o por la ausencia de \u00e9stos en el lugar que viven.<\/p>\n<p>Sin embargo, existen otros problemas pues se vuelven una carga para sus familias al no poder solventar \u00e9ste gasto, vi\u00e9ndose obligadas a utilizar materiales como paja, trapos o pedazos de tela gruesa. En algunas situaciones llegan a volverse econ\u00f3micamente inactivas.<\/p>\n<p><!-- BANNER PEQUE\u00d1O PARA ENTRENOTAS EL ORIENTE --> <ins class=\"adsbygoogle\" style=\"width: 468px;height: 60px\"><\/ins>\/\/<\/p>\n<p>Diana Sierra, una dise\u00f1adora industrial de origen colombiano, se percat\u00f3 de esta problem\u00e1tica durante el tiempo que realiz\u00f3 su pasant\u00eda en Uganda con el Programa de Naciones Unidas para el Desarrollo. Por lo que decidi\u00f3 hacer algo al respecto desde su \u00e1mbito, ya que ella conoce la importancia de la educaci\u00f3n al haber crecido dentro de un barrio pobre de Colombia.<\/p>\n<p>Fue entonces que al inspeccionar el dise\u00f1o de las toallas femeninas desechables pudo realizar un modelo pr\u00e1ctico para estas ni\u00f1as de forma que fuera reutilizable, con espacio para rellenarla con cualquier material absorbente adem\u00e1s de contar con alas ajustables a la ropa interior por medio de botones. Al encontrarse con ni\u00f1as que no contaban siquiera con ropa interior, adapt\u00f3 su modelo haci\u00e9ndolo similar a \u00e9sta, utilizando los mismos principios de la toalla femenina y contando con espacio para ser rellenable con material adsorbente durante el periodo.<\/p>\n<p>De esta manera naci\u00f3 la empresa <em>Be Girl<\/em>, que se dedica a la fabricaci\u00f3n de estos productos, los cuales llegan actualmente a pa\u00edses como Uganda, Malawi, Tanzania, Ruanda, Mal\u00ed, Jordania, Marruecos, Islas Salom\u00f3n, Georgia, Etiop\u00eda, Somalia y ahora Estados Unidos. Esta empresa tambi\u00e9n vende productos en l\u00ednea donando con cada producto adquirido otro a una ni\u00f1a necesitada.<\/p>\n<p>Ve aqu\u00ed la historia.<\/p>\n<p><span class=\"embed-youtube\" style=\"text-align:center; display: block;\"><iframe loading=\"lazy\" class=\"youtube-player\" width=\"640\" height=\"360\" src=\"https:\/\/www.youtube.com\/embed\/f0fDuDEwVFU?version=3&#038;rel=1&#038;showsearch=0&#038;showinfo=1&#038;iv_load_policy=1&#038;fs=1&#038;hl=es-ES&#038;autohide=2&#038;wmode=transparent\" allowfullscreen=\"true\" style=\"border:0;\" sandbox=\"allow-scripts allow-same-origin allow-popups allow-presentation allow-popups-to-escape-sandbox\"><\/iframe><\/span><\/p>\n<p><strong>OTRAS ENTRADAS<\/strong><\/p>\n<div class=\"featuredpost\">\n<div class=\"flow_hide\">\n<p><a href=\"http:\/\/www.eloriente.net\/home\/2016\/08\/04\/videocolumna-la-renta-basica-funcionaria-en-oaxaca-por-rodolfo-moreno\/\" rel=\"bookmark\"><img decoding=\"async\" class=\"alignleft\" title=\"VIDEOCOLUMNA: \u00bfLa renta b\u00e1sica funcionar\u00eda en Oaxaca? Por Rodolfo Moreno\" src=\"http:\/\/www.eloriente.net\/home\/wp-content\/themes\/city-desk\/timthumb.php?src=http%3A%2F%2Fwww.eloriente.net%2Fhome%2Fwp-content%2Fuploads%2F2016%2F08%2FRODOLFO-MORENO-4-DE-AGOSTO-BIEN-e1470354412420.jpg&amp;q=90&amp;w=70&amp;h=45&amp;zc=1\" alt=\"VIDEOCOLUMNA: \u00bfLa renta b\u00e1sica funcionar\u00eda en Oaxaca? Por Rodolfo Moreno\" \/><\/a><\/p>\n<h2 class=\"posttitle \"><a title=\"Enlace Permanente a VIDEOCOLUMNA: \u00bfLa renta b\u00e1sica funcionar\u00eda en Oaxaca? Por Rodolfo Moreno\" href=\"http:\/\/www.eloriente.net\/home\/2016\/08\/04\/videocolumna-la-renta-basica-funcionaria-en-oaxaca-por-rodolfo-moreno\/\" rel=\"bookmark\">VIDEOCOLUMNA: \u00bfLa renta b\u00e1sica funcionar\u00eda en Oaxaca? Por Rodolfo Moreno<\/a><\/h2>\n<\/div>\n<p>eloriente.net 4 de agosto de 2016 OTRAS COLUMNAS, DAR CLICK SOBRE LA IMAGEN: Share\u2026<\/p>\n<p class=\"postmeta\"><span class=\"meta_date\">agosto 4, 2016<\/span><\/p>\n<div class=\"toolbar-social\"><\/div>\n<\/div>\n<div class=\"featuredpost\">\n<div class=\"flow_hide\">\n<p><a href=\"http:\/\/www.eloriente.net\/home\/2016\/08\/04\/convocatorias-participa-en-el-concurso-de-ensayo-ano-dual-mexico-alemania\/\" rel=\"bookmark\"><img decoding=\"async\" class=\"alignleft\" title=\"CONVOCATORIAS: Participa en el concurso de ensayo \u201cA\u00f1o dual M\u00e9xico-Alemania\u201d\" src=\"http:\/\/www.eloriente.net\/home\/wp-content\/themes\/city-desk\/timthumb.php?src=http%3A%2F%2Fwww.eloriente.net%2Fhome%2Fwp-content%2Fuploads%2F2016%2F08%2F6871134561_82e386da3b_o.jpg&amp;q=90&amp;w=70&amp;h=45&amp;zc=1\" alt=\"CONVOCATORIAS: Participa en el concurso de ensayo \u201cA\u00f1o dual M\u00e9xico-Alemania\u201d\" \/><\/a><\/p>\n<h2 class=\"posttitle \"><a title=\"Enlace Permanente a CONVOCATORIAS: Participa en el concurso de ensayo \u201cA\u00f1o dual M\u00e9xico-Alemania\u201d\" href=\"http:\/\/www.eloriente.net\/home\/2016\/08\/04\/convocatorias-participa-en-el-concurso-de-ensayo-ano-dual-mexico-alemania\/\" rel=\"bookmark\">CONVOCATORIAS: Participa en el concurso de ensayo \u201cA\u00f1o dual M\u00e9xico-Alemania\u201d<\/a><\/h2>\n<\/div>\n<p>eloriente.net\/SRE 4 de agosto de 2016 La Secretar\u00eda de Relaciones Exteriores, a trav\u00e9s del Instituto Mat\u00edas Romero, la\u00a0Universidad Nacional Aut\u00f3noma de M\u00e9xico (UNAM), a trav\u00e9s de la\u2026<\/p>\n<p class=\"postmeta\"><span class=\"meta_date\">agosto 4, 2016<\/span><\/p>\n<div class=\"toolbar-social\"><\/div>\n<\/div>\n<div class=\"featuredpost\">\n<div class=\"flow_hide\">\n<p><a href=\"http:\/\/www.eloriente.net\/home\/2016\/08\/04\/en-vivo-carlos-de-icaza-responde-preguntas-sobre-servicio-exterior-mexicano\/\" rel=\"bookmark\"><img decoding=\"async\" class=\"alignleft\" title=\"EN VIVO: Carlos de Icaza responde preguntas sobre Servicio Exterior Mexicano\" src=\"http:\/\/www.eloriente.net\/home\/wp-content\/themes\/city-desk\/timthumb.php?src=http%3A%2F%2Fwww.eloriente.net%2Fhome%2Fwp-content%2Fuploads%2F2016%2F08%2Fcarlos-de-icaza.jpg&amp;q=90&amp;w=70&amp;h=45&amp;zc=1\" alt=\"EN VIVO: Carlos de Icaza responde preguntas sobre Servicio Exterior Mexicano\" \/><\/a><\/p>\n<h2 class=\"posttitle \"><a title=\"Enlace Permanente a EN VIVO: Carlos de Icaza responde preguntas sobre Servicio Exterior Mexicano\" href=\"http:\/\/www.eloriente.net\/home\/2016\/08\/04\/en-vivo-carlos-de-icaza-responde-preguntas-sobre-servicio-exterior-mexicano\/\" rel=\"bookmark\">EN VIVO: Carlos de Icaza responde preguntas sobre Servicio Exterior Mexicano<\/a><\/h2>\n<\/div>\n<p>4 de agosto de 2016 Por el inter\u00e9s que puede resultar para los lectores de ELORIENTE.NET, Carlos de Icaza, Subsecretario de Relaciones Exteriores de M\u00e9xico, expondr\u00e1 y responder\u00e1\u2026<\/p>\n<p class=\"postmeta\"><span class=\"meta_date\">agosto 4, 2016<\/span><\/p>\n<\/div>\n\n\t\t\t  <div \n\t\t\t  \tclass = \"fb-comments\" \n\t\t\t  \tdata-href = \"http:\/\/www.eloriente.net\/home\/2016\/08\/05\/la-ropa-interior-que-cambia-la-vida-de-ninas-africanas\/\"\n\t\t\t  \tdata-numposts = \"10\"\n\t\t\t\tdata-colorscheme = \"dark\"\n\t\t\t\tdata-order-by = \"social\"\n\t\t\t\tdata-mobile=true>\n\t\t\t  <\/div>\n\t\t  <style>\n\t\t\t.fb_iframe_widget_fluid_desktop iframe {\n\t\t\t    width: 100% !important;\n\t\t\t}\n\t\t  <\/style>\n\t\t  ","protected":false},"excerpt":{"rendered":"<p>\/\/ &nbsp; (www.eloriente.net, M\u00e9xico a 05 de Agosto de 2016).- Por Jessica Lamadrid Cuando observamos lo que pasa a nuestro alrededor o en lugares lejanos, nos damos cuenta que para algunas personas sucesos cotidianos marcan una diferencia en sus vidas debido a las condiciones en las que se encuentran. Tal es el caso de la [&hellip;]<\/p>\n","protected":false},"author":45,"featured_media":44375,"comment_status":"open","ping_status":"open","sticky":false,"template":"","format":"standard","meta":{"_jetpack_memberships_contains_paid_content":false,"footnotes":""},"categories":[2015,32,10],"tags":[2082,6813,6812,2044,2302],"class_list":["post-44374","post","type-post","status-publish","format-standard","has-post-thumbnail","hentry","category-viernesdefelicidad","category-entradas","category-lo-mas-reciente","tag-africa","tag-be-girl","tag-calzones","tag-ninas","tag-viernes-de-felicidad"],"jetpack_featured_media_url":"http:\/\/www.eloriente.net\/home\/wp-content\/uploads\/2016\/08\/be-girl.png","jetpack_sharing_enabled":true,"_links":{"self":[{"href":"http:\/\/www.eloriente.net\/home\/wp-json\/wp\/v2\/posts\/44374"}],"collection":[{"href":"http:\/\/www.eloriente.net\/home\/wp-json\/wp\/v2\/posts"}],"about":[{"href":"http:\/\/www.eloriente.net\/home\/wp-json\/wp\/v2\/types\/post"}],"author":[{"embeddable":true,"href":"http:\/\/www.eloriente.net\/home\/wp-json\/wp\/v2\/users\/45"}],"replies":[{"embeddable":true,"href":"http:\/\/www.eloriente.net\/home\/wp-json\/wp\/v2\/comments?post=44374"}],"version-history":[{"count":7,"href":"http:\/\/www.eloriente.net\/home\/wp-json\/wp\/v2\/posts\/44374\/revisions"}],"predecessor-version":[{"id":44399,"href":"http:\/\/www.eloriente.net\/home\/wp-json\/wp\/v2\/posts\/44374\/revisions\/44399"}],"wp:featuredmedia":[{"embeddable":true,"href":"http:\/\/www.eloriente.net\/home\/wp-json\/wp\/v2\/media\/44375"}],"wp:attachment":[{"href":"http:\/\/www.eloriente.net\/home\/wp-json\/wp\/v2\/media?parent=44374"}],"wp:term":[{"taxonomy":"category","embeddable":true,"href":"http:\/\/www.eloriente.net\/home\/wp-json\/wp\/v2\/categories?post=44374"},{"taxonomy":"post_tag","embeddable":true,"href":"http:\/\/www.eloriente.net\/home\/wp-json\/wp\/v2\/tags?post=44374"}],"curies":[{"name":"wp","href":"https:\/\/api.w.org\/{rel}","templated":true}]}}