{"id":44381,"date":"2016-08-05T17:50:33","date_gmt":"2016-08-05T23:50:33","guid":{"rendered":"http:\/\/www.eloriente.net\/home\/?p=44381"},"modified":"2016-08-05T17:50:33","modified_gmt":"2016-08-05T23:50:33","slug":"oaxaca-la-actualidad-de-oaxaca-en-numeros","status":"publish","type":"post","link":"http:\/\/www.eloriente.net\/home\/2016\/08\/05\/oaxaca-la-actualidad-de-oaxaca-en-numeros\/","title":{"rendered":"OAXACA: La actualidad de Oaxaca en n\u00fameros"},"content":{"rendered":"<p><script src=\"\/\/pagead2.googlesyndication.com\/pagead\/js\/adsbygoogle.js\" async=\"\"><\/script><!-- BANNER ELORIENTE INCRUSTADO NOTAS --> <ins class=\"adsbygoogle\" style=\"display: inline-block; width: 300px; height: 250px;\" data-ad-client=\"ca-pub-1136171134853753\" data-ad-slot=\"7974633627\"><\/ins><script>\/\/ <![CDATA[\n(adsbygoogle = window.adsbygoogle || []).push({});\n\/\/ ]]><\/script><\/p>\n<p>&nbsp;<\/p>\n<p>(www.eloriente.net, M\u00e9xico, a 5 de agosto de 2016).- Conocer la realidad social, pol\u00edtica y econ\u00f3mica de nuestro estado es de suma importancia, por ello, hoy queremos recomendar el art\u00edculo titulado \u00abLos n\u00fameros fr\u00edos de Oaxaca\u00bb de la revista nexos, misma que dedic\u00f3 la portada de su edici\u00f3n de agosto a Oaxaca.<\/p>\n<p>En dicho art\u00edculo la autora, Valeria Moy, nos expone datos duros sobre diversos temas como el crecimiento, el PBI, el empleo y las condiciones en las que este se desarrolla. A continuaci\u00f3n te presentamos algunas de estas cifras, pero recomendamos ampliamente leer el art\u00edculo completo en el siguiente enlace.<\/p>\n<p>En relaci\u00f3n al crecimiento y el Producto Interno Bruto per c\u00e1pita, se se\u00f1ala que: a pesar de que existen trimestres en los que sorprendi\u00f3 por su alto crecimiento (por ejemplo, los \u00faltimos dos trimestres de 2015 creci\u00f3 a 4.2% promedio anual) con la ventana de tiempo de 10 a\u00f1os su crecimiento est\u00e1 por debajo del crecimiento nacional (2.4%), y es el cuarto estado con menor crecimiento, empatado con Baja California, en ese periodo; s\u00f3lo despu\u00e9s de Tamaulipas (1.8%), Chiapas (1.7%) y Campeche (-4.2%). Incluso es superado por su vecino Guerrero, que creci\u00f3 2.1% promedio anual en los \u00faltimos 10 a\u00f1os.<\/p>\n<p>Por otro lado, encontramos que m\u00e1s del 60% de la econom\u00eda oaxaque\u00f1a de concentra en actividades terciarias que son\u00a0los sectores de servicios y comercio.<\/p>\n<p><script src=\"\/\/pagead2.googlesyndication.com\/pagead\/js\/adsbygoogle.js\" async=\"\"><\/script><!-- BANNER PEQUE\u00d1O PARA ENTRENOTAS EL ORIENTE --> <ins class=\"adsbygoogle\" style=\"display: inline-block; width: 468px; height: 60px;\" data-ad-client=\"ca-pub-1136171134853753\" data-ad-slot=\"4953536424\"><\/ins><script>\/\/ <![CDATA[\n(adsbygoogle = window.adsbygoogle || []).push({});\n\/\/ ]]><\/script><\/p>\n<p>En cuanto al tema laboral se reporta que \u00a0de 2006 a 2016 aument\u00f3 la tasa de informalidad laboral de 70.4% a 74.6%.<\/p>\n<p>Por otra parte, hablando de los ingresos laborales, Oaxaca es el tercer estado m\u00e1s desigual, s\u00f3lo despu\u00e9s de San Luis Potos\u00ed y Chiapas. En Oaxaca la distribuci\u00f3n de los ingresos laborales tiene un coeficiente de Gini 0.433, medida de desigualdad (entre m\u00e1s cercano al 1 mayor desigualdad), a nivel nacional el coeficiente de Gini de los ingresos laborales es de 0.390.<\/p>\n<p>Sobre la pobreza se menciona que: la pobreza extrema aument\u00f3. En 2012, 23.3% de la\u00a0poblaci\u00f3n de Oaxaca se encontraba en pobreza extrema y para 2014 este porcentaje hab\u00eda aumentado a 28.3%. De nuevo el segundo estado con mayor porcentaje de su poblaci\u00f3n en pobreza extrema, s\u00f3lo despu\u00e9s de Chiapas.<\/p>\n<p>Acerca de la educaci\u00f3n, se precisa que el 6.5% de la poblaci\u00f3n de 15 a\u00f1os y m\u00e1s en Oaxaca cuenta con primaria incompleta.<\/p>\n<p>Por supuesto, el estudio completo tiene una gran cantidad de informaci\u00f3n extra, \u00e9l mismo puede ser consultado en el siguiente enlace:\u00a0<a href=\"http:\/\/www.nexos.com.mx\/?p=28994\" target=\"_blank\">http:\/\/www.nexos.com.mx\/?p=28994<\/a><\/p>\n<p>La autora de \u00e9ste trabajo es <strong>Valeria Moy,\u00a0<\/strong>Economista y Directora del observatorio econ\u00f3mico <em>M\u00e9xico, \u00bfC\u00f3mo vamos?<\/em><\/p>\n<p><strong>OTRAS ENTRADAS<\/strong><\/p>\n<div class=\"featuredpost\">\n<div class=\"flow_hide\">\n<h2 class=\"posttitle bigposttitle\"><a title=\"Enlace Permanente a La ropa interior que cambia la vida de ni\u00f1as africanas\" href=\"http:\/\/www.eloriente.net\/home\/2016\/08\/05\/la-ropa-interior-que-cambia-la-vida-de-ninas-africanas\/\" rel=\"bookmark\">La ropa interior que cambia la vida de ni\u00f1as africanas<\/a><\/h2>\n<\/div>\n<p>\/\/ \u00a0 (www.eloriente.net, M\u00e9xico a 05 de Agosto de 2016).- Por Jessica Lamadrid Cuando observamos lo que pasa a nuestro alrededor o en lugares lejanos, nos damos cuenta\u2026<\/p>\n<p class=\"postmeta\"><span class=\"meta_date\">agosto 5, 2016<\/span><span class=\"meta_comment\"><a href=\"http:\/\/www.eloriente.net\/home\/2016\/08\/05\/la-ropa-interior-que-cambia-la-vida-de-ninas-africanas\/#respond\">Sin Comentarios<\/a><\/span><span class=\"meta_permalink\"><a title=\"Enlace Permanente a La ropa interior que cambia la vida de ni\u00f1as africanas\" href=\"http:\/\/www.eloriente.net\/home\/2016\/08\/05\/la-ropa-interior-que-cambia-la-vida-de-ninas-africanas\/\" rel=\"bookmark\">Leer Mas<\/a><\/span><span class=\"meta_edit\"><a class=\"post-edit-link\" href=\"http:\/\/www.eloriente.net\/home\/wp-admin\/post.php?post=44374&amp;action=edit\">#<\/a><\/span><\/p>\n<div class=\"toolbar-social\">\n<div class=\"social-widget\">\n<div id=\"sharing-widget\"><a class=\"button icon-share\">Compartir<\/a><\/div>\n<\/div>\n<\/div>\n<\/div>\n<div class=\"featuredpost\">\n<div class=\"flow_hide\"><a href=\"http:\/\/www.eloriente.net\/home\/2016\/08\/04\/videocolumna-la-renta-basica-funcionaria-en-oaxaca-por-rodolfo-moreno\/\" rel=\"bookmark\"><img decoding=\"async\" class=\"alignleft\" title=\"VIDEOCOLUMNA: \u00bfLa renta b\u00e1sica funcionar\u00eda en Oaxaca? Por Rodolfo Moreno\" src=\"http:\/\/www.eloriente.net\/home\/wp-content\/themes\/city-desk\/timthumb.php?src=http%3A%2F%2Fwww.eloriente.net%2Fhome%2Fwp-content%2Fuploads%2F2016%2F08%2FRODOLFO-MORENO-4-DE-AGOSTO-BIEN-e1470354412420.jpg&amp;q=90&amp;w=70&amp;h=45&amp;zc=1\" alt=\"VIDEOCOLUMNA: \u00bfLa renta b\u00e1sica funcionar\u00eda en Oaxaca? Por Rodolfo Moreno\" \/><\/a><\/p>\n<h2 class=\"posttitle \"><a title=\"Enlace Permanente a VIDEOCOLUMNA: \u00bfLa renta b\u00e1sica funcionar\u00eda en Oaxaca? Por Rodolfo Moreno\" href=\"http:\/\/www.eloriente.net\/home\/2016\/08\/04\/videocolumna-la-renta-basica-funcionaria-en-oaxaca-por-rodolfo-moreno\/\" rel=\"bookmark\">VIDEOCOLUMNA: \u00bfLa renta b\u00e1sica funcionar\u00eda en Oaxaca? Por Rodolfo Moreno<\/a><\/h2>\n<\/div>\n<p>eloriente.net 4 de agosto de 2016 OTRAS COLUMNAS, DAR CLICK SOBRE LA IMAGEN: Share\u2026<\/p>\n<p class=\"postmeta\"><span class=\"meta_date\">agosto 4, 2016<\/span><span class=\"meta_comment\"><a href=\"http:\/\/www.eloriente.net\/home\/2016\/08\/04\/videocolumna-la-renta-basica-funcionaria-en-oaxaca-por-rodolfo-moreno\/#respond\">Sin Comentarios<\/a><\/span><span class=\"meta_permalink\"><a title=\"Enlace Permanente a VIDEOCOLUMNA: \u00bfLa renta b\u00e1sica funcionar\u00eda en Oaxaca? Por Rodolfo Moreno\" href=\"http:\/\/www.eloriente.net\/home\/2016\/08\/04\/videocolumna-la-renta-basica-funcionaria-en-oaxaca-por-rodolfo-moreno\/\" rel=\"bookmark\">Leer Mas<\/a><\/span><span class=\"meta_edit\"><a class=\"post-edit-link\" href=\"http:\/\/www.eloriente.net\/home\/wp-admin\/post.php?post=44369&amp;action=edit\">#<\/a><\/span><\/p>\n<div class=\"toolbar-social\">\n<div class=\"social-widget\">\n<div id=\"sharing-widget\"><a class=\"button icon-share\">Compartir<\/a><\/div>\n<\/div>\n<\/div>\n<\/div>\n<div class=\"featuredpost\">\n<div class=\"flow_hide\"><a href=\"http:\/\/www.eloriente.net\/home\/2016\/08\/04\/convocatorias-participa-en-el-concurso-de-ensayo-ano-dual-mexico-alemania\/\" rel=\"bookmark\"><img decoding=\"async\" class=\"alignleft\" title=\"CONVOCATORIAS: Participa en el concurso de ensayo \u201cA\u00f1o dual M\u00e9xico-Alemania\u201d\" src=\"http:\/\/www.eloriente.net\/home\/wp-content\/themes\/city-desk\/timthumb.php?src=http%3A%2F%2Fwww.eloriente.net%2Fhome%2Fwp-content%2Fuploads%2F2016%2F08%2F6871134561_82e386da3b_o.jpg&amp;q=90&amp;w=70&amp;h=45&amp;zc=1\" alt=\"CONVOCATORIAS: Participa en el concurso de ensayo \u201cA\u00f1o dual M\u00e9xico-Alemania\u201d\" \/><\/a><\/p>\n<h2 class=\"posttitle \"><a title=\"Enlace Permanente a CONVOCATORIAS: Participa en el concurso de ensayo \u201cA\u00f1o dual M\u00e9xico-Alemania\u201d\" href=\"http:\/\/www.eloriente.net\/home\/2016\/08\/04\/convocatorias-participa-en-el-concurso-de-ensayo-ano-dual-mexico-alemania\/\" rel=\"bookmark\">CONVOCATORIAS: Participa en el concurso de ensayo \u201cA\u00f1o dual M\u00e9xico-Alemania\u201d<\/a><\/h2>\n<\/div>\n<p>eloriente.net\/SRE 4 de agosto de 2016 La Secretar\u00eda de Relaciones Exteriores, a trav\u00e9s del Instituto Mat\u00edas Romero, la\u00a0Universidad Nacional Aut\u00f3noma de M\u00e9xico (UNAM), a trav\u00e9s de la\u2026<\/p>\n<p class=\"postmeta\"><span class=\"meta_date\">agosto 4, 2016<\/span><\/p>\n<\/div>\n\n\t\t\t  <div \n\t\t\t  \tclass = \"fb-comments\" \n\t\t\t  \tdata-href = \"http:\/\/www.eloriente.net\/home\/2016\/08\/05\/oaxaca-la-actualidad-de-oaxaca-en-numeros\/\"\n\t\t\t  \tdata-numposts = \"10\"\n\t\t\t\tdata-colorscheme = \"dark\"\n\t\t\t\tdata-order-by = \"social\"\n\t\t\t\tdata-mobile=true>\n\t\t\t  <\/div>\n\t\t  <style>\n\t\t\t.fb_iframe_widget_fluid_desktop iframe {\n\t\t\t    width: 100% !important;\n\t\t\t}\n\t\t  <\/style>\n\t\t  ","protected":false},"excerpt":{"rendered":"<p>&nbsp; (www.eloriente.net, M\u00e9xico, a 5 de agosto de 2016).- Conocer la realidad social, pol\u00edtica y econ\u00f3mica de nuestro estado es de suma importancia, por ello, hoy queremos recomendar el art\u00edculo titulado \u00abLos n\u00fameros fr\u00edos de Oaxaca\u00bb de la revista nexos, misma que dedic\u00f3 la portada de su edici\u00f3n de agosto a Oaxaca. En dicho art\u00edculo [&hellip;]<\/p>\n","protected":false},"author":44,"featured_media":5774,"comment_status":"open","ping_status":"open","sticky":false,"template":"","format":"standard","meta":{"_jetpack_memberships_contains_paid_content":false,"footnotes":""},"categories":[1588,32,63,35,464],"tags":[4233,6819,6817,2396,73,835,6818],"class_list":["post-44381","post","type-post","status-publish","format-standard","has-post-thumbnail","hentry","category-comunicados-y-boletines","category-entradas","category-estados","category-secciones-oriente","category-oaxaca-estados","tag-datos","tag-directorio-observatorio","tag-nexos","tag-numeros","tag-oaxaca","tag-revista","tag-valeria-moy"],"jetpack_featured_media_url":"http:\/\/www.eloriente.net\/home\/wp-content\/uploads\/2012\/12\/OAXACA.jpeg","jetpack_sharing_enabled":true,"_links":{"self":[{"href":"http:\/\/www.eloriente.net\/home\/wp-json\/wp\/v2\/posts\/44381"}],"collection":[{"href":"http:\/\/www.eloriente.net\/home\/wp-json\/wp\/v2\/posts"}],"about":[{"href":"http:\/\/www.eloriente.net\/home\/wp-json\/wp\/v2\/types\/post"}],"author":[{"embeddable":true,"href":"http:\/\/www.eloriente.net\/home\/wp-json\/wp\/v2\/users\/44"}],"replies":[{"embeddable":true,"href":"http:\/\/www.eloriente.net\/home\/wp-json\/wp\/v2\/comments?post=44381"}],"version-history":[{"count":1,"href":"http:\/\/www.eloriente.net\/home\/wp-json\/wp\/v2\/posts\/44381\/revisions"}],"predecessor-version":[{"id":44400,"href":"http:\/\/www.eloriente.net\/home\/wp-json\/wp\/v2\/posts\/44381\/revisions\/44400"}],"wp:featuredmedia":[{"embeddable":true,"href":"http:\/\/www.eloriente.net\/home\/wp-json\/wp\/v2\/media\/5774"}],"wp:attachment":[{"href":"http:\/\/www.eloriente.net\/home\/wp-json\/wp\/v2\/media?parent=44381"}],"wp:term":[{"taxonomy":"category","embeddable":true,"href":"http:\/\/www.eloriente.net\/home\/wp-json\/wp\/v2\/categories?post=44381"},{"taxonomy":"post_tag","embeddable":true,"href":"http:\/\/www.eloriente.net\/home\/wp-json\/wp\/v2\/tags?post=44381"}],"curies":[{"name":"wp","href":"https:\/\/api.w.org\/{rel}","templated":true}]}}