{"id":44426,"date":"2016-08-09T01:00:29","date_gmt":"2016-08-09T07:00:29","guid":{"rendered":"http:\/\/www.eloriente.net\/home\/?p=44426"},"modified":"2016-08-08T17:26:47","modified_gmt":"2016-08-08T23:26:47","slug":"5-vacantes-para-contadores-martesdevacantes-8","status":"publish","type":"post","link":"http:\/\/www.eloriente.net\/home\/2016\/08\/09\/5-vacantes-para-contadores-martesdevacantes-8\/","title":{"rendered":"5 Vacantes para Contadores #MartesDeVacantes"},"content":{"rendered":"<p><script src=\"\/\/pagead2.googlesyndication.com\/pagead\/js\/adsbygoogle.js\" async=\"\"><\/script><!-- BANNER ELORIENTE INCRUSTADO NOTAS --> <ins class=\"adsbygoogle\" style=\"display: inline-block; width: 300px; height: 250px;\" data-ad-client=\"ca-pub-1136171134853753\" data-ad-slot=\"7974633627\"><\/ins><script>\/\/ <![CDATA[\n(adsbygoogle = window.adsbygoogle || []).push({});\n\/\/ ]]><\/script><\/p>\n<p>&nbsp;<\/p>\n<p>(www.eloriente.net, M\u00e9xico, a 9 de agosto de 2016).- Conscientes de la importancia para la ciudadan\u00eda en general de la b\u00fasqueda de nuevas oportunidades de crecimiento profesional, ponemos a tu disposici\u00f3n semanalmente ofertas de empleo disponibles por profesi\u00f3n en cualquier parte de M\u00e9xico y del mundo o, cuando as\u00ed lo amerita, exclusivamente en Oaxaca.<\/p>\n<p>En esta ocasi\u00f3n, ELORIENTE.NET comparte cinco vacantes para Contadores.<\/p>\n<p>Si deseas aplicar para alguna de las vacantes, deber\u00e1s darle clic al t\u00edtulo de esta y te llevar\u00e1 al sitio que te pondr\u00e1 en contacto con los empleadores. No olvides comentar que la oportunidad la has encontrado con nosotros en el Martes de Vacantes de ELORIENTE.NET. \u00a1\u00c9xito!<\/p>\n<p><strong><a href=\"http:\/\/empleo.gob.mx\/detalleoferta.do?method=init&amp;id_oferta_empleo=2522452\" target=\"_blank\">1.- CONTADOR P\u00daBLICO<\/a><\/strong><\/p>\n<p><strong>Escolaridad:<\/strong> Licenciatura en Contadur\u00eda (Titulado)<\/p>\n<p><strong>G\u00e9nero:<\/strong> Indistinto<\/p>\n<p><strong>Requisitos:<\/strong> De uno a dos a\u00f1os de experiencia m\u00ednima. Conocimientos b\u00e1sicos de computaci\u00f3n y en el manejo de hojas de c\u00e1lculo y procesadores de texto<\/p>\n<p><strong>Funciones:<\/strong> Elaboraci\u00f3n de papeles de trabajo, determinaci\u00f3n de impuestos y presentaci\u00f3n de declaraciones estatales y federales, manejo de SIA, IDSE. Portal de sat, finanzas.<\/p>\n<p><strong>Salario<\/strong>: $7000 mensuales<\/p>\n<p><strong>Horario:<\/strong> Lunes a s\u00e1bado de 9:00 a 18:00 horas<\/p>\n<p><strong><a href=\"https:\/\/www.occ.com.mx\/Empleo\/Oferta\/9187588-auxiliar-contable-recien-egresados\" target=\"_blank\">2.- AUXILIAR CONTABLE<\/a><\/strong><\/p>\n<p><strong>Escolaridad<\/strong>: Licenciatura en Contadur\u00eda o Administraci\u00f3n (reci\u00e9n egresados)<\/p>\n<p><strong>G\u00e9nero:<\/strong> Indistinto<\/p>\n<p><strong>Requisitos<\/strong>: Experiencia m\u00ednima de 6 meses en contabilidad general, con deseos de aprender.<br \/>\nBuen dominio de office.<\/p>\n<p><strong>Funciones:<\/strong> Contabilidad General<\/p>\n<p><strong>Salario<\/strong>: $5000 mensuales<\/p>\n<p><strong>Horario<\/strong>: No especificado<\/p>\n<p><strong><a href=\"http:\/\/www.computrabajo.com.mx\/ofertas-de-trabajo\/oferta-de-trabajo-de-auxiliar-de-credito-y-cobranzas-en-oaxaca-de-juarez-4F44C990C77CDB88\" target=\"_blank\">3.- AUXILIAR DE CR\u00c9DITO Y CONBRANZAS<\/a><\/strong><\/p>\n<p><strong>Escolaridad<\/strong>: Licenciatura en Contadur\u00eda P\u00fablica o Administraci\u00f3n de Empresas<\/p>\n<p><strong>G\u00e9nero:<\/strong> Indistinto<\/p>\n<p><strong>Requisitos:<\/strong> Experiencia en puestos Administrativos (de preferencia en Cobranza), manejo de EXCEL,seguimiento a cartera.<\/p>\n<p><strong>Funciones<\/strong>: Realizar la programaci\u00f3n y cobro a clientes por ventas a cr\u00e9dito, garantizando que la recuperaci\u00f3n de cartera se realice en tiempo y forma de acuerdo a las pol\u00edticas y procedimientos definidos para el logro de los objetivos de la empresa<\/p>\n<p><strong>Salario:<\/strong> $8000<\/p>\n<p><strong>Horario:<\/strong> Lunes a viernes de 9:00 a 18:00 horas, s\u00e1bados de 9:00 a 13:00 horas<\/p>\n<p><script src=\"\/\/pagead2.googlesyndication.com\/pagead\/js\/adsbygoogle.js\" async=\"\"><\/script><!-- BANNER PEQUE\u00d1O PARA ENTRENOTAS EL ORIENTE --> <ins class=\"adsbygoogle\" style=\"display: inline-block; width: 468px; height: 60px;\" data-ad-client=\"ca-pub-1136171134853753\" data-ad-slot=\"4953536424\"><\/ins><script>\/\/ <![CDATA[\n(adsbygoogle = window.adsbygoogle || []).push({});\n\/\/ ]]><\/script><\/p>\n<p><strong><a href=\"https:\/\/www.occ.com.mx\/Empleo\/Oferta\/9229782-jefe-administrativo-para-cedis-oaxaca\" target=\"_blank\">4.- JEFE ADMINISTRATIVO PARA CEDIS<\/a><\/strong><\/p>\n<p><strong>Escolaridad:<\/strong> Licenciatura en Contadur\u00eda (Concluida)<\/p>\n<p><strong>G\u00e9nero:<\/strong> Indistinto<\/p>\n<p><strong>Requisitos:<\/strong> Experiencia de 3 a\u00f1os en contabilidad general. Conocimientos en procesos administrativos. Buen manejo de Office y ERP contable.<\/p>\n<p><strong>Funciones:<\/strong> Aplicaci\u00f3n de cobranza, supervisi\u00f3n y control de almacenes, facturaci\u00f3n, manejo de personal ypago a proveedores.<\/p>\n<p><strong>Salario:<\/strong> $15,000 mensuales<\/p>\n<p><strong>Horario:<\/strong> Tiempo completo, no especificado<\/p>\n<p><strong><a href=\"http:\/\/empleo.gob.mx\/detalleoferta.do?method=init&amp;id_oferta_empleo=2527978\" target=\"_blank\">5.- AUXILIAR CONTABLE<\/a><\/strong><\/p>\n<p><strong>Escolaridad:<\/strong> Prepa o carrera relacionada con \u00e1reas contables o comerciales<\/p>\n<p><strong>G\u00e9nero:<\/strong> Indistinto<\/p>\n<p><strong>Requisitos:<\/strong> Experiencia m\u00ednima de un a\u00f1o. Conocimientos en hojas de c\u00e1lculo, redes sociales y correo electr\u00f3nico.<\/p>\n<p><strong>Funciones:<\/strong> Elaboraci\u00f3n de p\u00f3lizas, captura de datos en sistema contable, apoyo al \u00e1rea de pagos archivo de documentos, contacto con proveedores<\/p>\n<p><strong>Salario:<\/strong> $3,500 mensuales.<\/p>\n<p><strong>Horario:<\/strong> Lunes a s\u00e1bado de 9:00 a 18:00 horas<\/p>\n<p><a href=\"http:\/\/www.eloriente.net\/home\/wp-content\/uploads\/2014\/05\/martes-de-vacantes.jpg\" rel=\"attachment wp-att-25869\"><img loading=\"lazy\" decoding=\"async\" class=\"alignnone wp-image-25869\" src=\"http:\/\/www.eloriente.net\/home\/wp-content\/uploads\/2014\/05\/martes-de-vacantes.jpg\" alt=\"martes de vacantes\" width=\"601\" height=\"399\" srcset=\"http:\/\/www.eloriente.net\/home\/wp-content\/uploads\/2014\/05\/martes-de-vacantes.jpg 1024w, http:\/\/www.eloriente.net\/home\/wp-content\/uploads\/2014\/05\/martes-de-vacantes-300x199.jpg 300w\" sizes=\"(max-width: 601px) 100vw, 601px\" \/><\/a><\/p>\n<p><strong>OTRAS ENTRADAS<\/strong><\/p>\n<div class=\"featuredpost\">\n<div class=\"flow_hide\">\n<h2 class=\"posttitle bigposttitle\"><a title=\"Enlace Permanente a DEPORTES: Cr\u00f3nicas Beisboleras: Se acaba la temporada. Por Jaime Palaua\" href=\"http:\/\/www.eloriente.net\/home\/2016\/08\/08\/deportes-cronicas-beisboleras-se-acaba-la-temporada-por-jaime-palaua\/\" rel=\"bookmark\">DEPORTES: Cr\u00f3nicas Beisboleras: Se acaba la temporada. Por Jaime Palaua<\/a><\/h2>\n<\/div>\n<p>(www.eloriente.net, M\u00e9xico, a 8 de agosto de 2016, por Jaime Palau Ranz).-\u00a0Se acab\u00f3 el mes de julio y con ello se acerca el fin de la temporada\u2026<\/p>\n<p class=\"postmeta\"><span class=\"meta_date\">agosto 8, 2016<\/span><\/p>\n<div class=\"toolbar-social\"><\/div>\n<\/div>\n<div class=\"featuredpost\">\n<div class=\"flow_hide\"><a href=\"http:\/\/www.eloriente.net\/home\/2016\/08\/08\/oaxaca-paz-con-justicia-motivo-del-paro-convocan-a-osorio-chong\/\" rel=\"bookmark\"><img decoding=\"async\" class=\"alignleft\" title=\"OAXACA: \u201cPaz con justicia\u201d, motivo del Paro; convocan a Osorio Chong\" src=\"http:\/\/www.eloriente.net\/home\/wp-content\/themes\/city-desk\/timthumb.php?src=http%3A%2F%2Fwww.eloriente.net%2Fhome%2Fwp-content%2Fuploads%2F2016%2F08%2FDeclaracio%CC%81n-Oaxaca.png&amp;q=90&amp;w=70&amp;h=45&amp;zc=1\" alt=\"OAXACA: \u201cPaz con justicia\u201d, motivo del Paro; convocan a Osorio Chong\" \/><\/a><\/p>\n<h2 class=\"posttitle \"><a title=\"Enlace Permanente a OAXACA: \u201cPaz con justicia\u201d, motivo del Paro; convocan a Osorio Chong\" href=\"http:\/\/www.eloriente.net\/home\/2016\/08\/08\/oaxaca-paz-con-justicia-motivo-del-paro-convocan-a-osorio-chong\/\" rel=\"bookmark\">OAXACA: \u201cPaz con justicia\u201d, motivo del Paro; convocan a Osorio Chong<\/a><\/h2>\n<\/div>\n<p>(www.eloriente.net, M\u00e9xico, a 8 de agosto de 2017. Por. Carlos Guti\u00e9rrez).- En un hecho in\u00e9dito para la ciudad de Oaxaca, esta ma\u00f1ana una cantidad importante de comerciantes, profesionistas\u2026<\/p>\n<p class=\"postmeta\"><span class=\"meta_date\">agosto 8, 2016<\/span><\/p>\n<div class=\"toolbar-social\"><\/div>\n<\/div>\n<div class=\"featuredpost\">\n<div class=\"flow_hide\"><a href=\"http:\/\/www.eloriente.net\/home\/2016\/08\/08\/videocolumna-la-diversidad-musical-por-victor-martinez\/\" rel=\"bookmark\"><img decoding=\"async\" class=\"alignleft\" title=\"VIDEOCOLUMNA: La diversidad musical. Por V\u00edctor Mart\u00ednez\" src=\"http:\/\/www.eloriente.net\/home\/wp-content\/themes\/city-desk\/timthumb.php?src=http%3A%2F%2Fwww.eloriente.net%2Fhome%2Fwp-content%2Fuploads%2F2016%2F08%2FVICTOR-MARTI%CC%81NEZ-8-DE-AGOSTO-1-e1470677738215.jpg&amp;q=90&amp;w=70&amp;h=45&amp;zc=1\" alt=\"VIDEOCOLUMNA: La diversidad musical. Por V\u00edctor Mart\u00ednez\" \/><\/a><\/p>\n<h2 class=\"posttitle \"><a title=\"Enlace Permanente a VIDEOCOLUMNA: La diversidad musical. Por V\u00edctor Mart\u00ednez\" href=\"http:\/\/www.eloriente.net\/home\/2016\/08\/08\/videocolumna-la-diversidad-musical-por-victor-martinez\/\" rel=\"bookmark\">VIDEOCOLUMNA: La diversidad musical. Por V\u00edctor Mart\u00ednez<\/a><\/h2>\n<\/div>\n<p>eloriente.net 8 de agosto de 2016 OTRAS COLUMNAS, DAR CLICK SOBRE LA IMAGEN: Share\u2026<\/p>\n<p class=\"postmeta\"><span class=\"meta_date\">agosto 8, 2016<\/span><\/p>\n<\/div>\n\n\t\t\t  <div \n\t\t\t  \tclass = \"fb-comments\" \n\t\t\t  \tdata-href = \"http:\/\/www.eloriente.net\/home\/2016\/08\/09\/5-vacantes-para-contadores-martesdevacantes-8\/\"\n\t\t\t  \tdata-numposts = \"10\"\n\t\t\t\tdata-colorscheme = \"dark\"\n\t\t\t\tdata-order-by = \"social\"\n\t\t\t\tdata-mobile=true>\n\t\t\t  <\/div>\n\t\t  <style>\n\t\t\t.fb_iframe_widget_fluid_desktop iframe {\n\t\t\t    width: 100% !important;\n\t\t\t}\n\t\t  <\/style>\n\t\t  ","protected":false},"excerpt":{"rendered":"<p>&nbsp; (www.eloriente.net, M\u00e9xico, a 9 de agosto de 2016).- Conscientes de la importancia para la ciudadan\u00eda en general de la b\u00fasqueda de nuevas oportunidades de crecimiento profesional, ponemos a tu disposici\u00f3n semanalmente ofertas de empleo disponibles por profesi\u00f3n en cualquier parte de M\u00e9xico y del mundo o, cuando as\u00ed lo amerita, exclusivamente en Oaxaca. En [&hellip;]<\/p>\n","protected":false},"author":44,"featured_media":25869,"comment_status":"open","ping_status":"open","sticky":false,"template":"","format":"standard","meta":{"_jetpack_memberships_contains_paid_content":false,"footnotes":""},"categories":[942,32,63,464,31,19],"tags":[5410,2186,4283,410,2420,4616,211,889],"class_list":["post-44426","post","type-post","status-publish","format-standard","has-post-thumbnail","hentry","category-martesdevacantes","category-entradas","category-estados","category-oaxaca-estados","category-principal","category-turismo-y-negocios","tag-bolsa-de-trabajo","tag-contabilidad","tag-contadores","tag-contaduria","tag-martes-de-vacantes","tag-puestos","tag-trabajo","tag-vacantes"],"jetpack_featured_media_url":"http:\/\/www.eloriente.net\/home\/wp-content\/uploads\/2014\/05\/martes-de-vacantes.jpg","jetpack_sharing_enabled":true,"_links":{"self":[{"href":"http:\/\/www.eloriente.net\/home\/wp-json\/wp\/v2\/posts\/44426"}],"collection":[{"href":"http:\/\/www.eloriente.net\/home\/wp-json\/wp\/v2\/posts"}],"about":[{"href":"http:\/\/www.eloriente.net\/home\/wp-json\/wp\/v2\/types\/post"}],"author":[{"embeddable":true,"href":"http:\/\/www.eloriente.net\/home\/wp-json\/wp\/v2\/users\/44"}],"replies":[{"embeddable":true,"href":"http:\/\/www.eloriente.net\/home\/wp-json\/wp\/v2\/comments?post=44426"}],"version-history":[{"count":1,"href":"http:\/\/www.eloriente.net\/home\/wp-json\/wp\/v2\/posts\/44426\/revisions"}],"predecessor-version":[{"id":44427,"href":"http:\/\/www.eloriente.net\/home\/wp-json\/wp\/v2\/posts\/44426\/revisions\/44427"}],"wp:featuredmedia":[{"embeddable":true,"href":"http:\/\/www.eloriente.net\/home\/wp-json\/wp\/v2\/media\/25869"}],"wp:attachment":[{"href":"http:\/\/www.eloriente.net\/home\/wp-json\/wp\/v2\/media?parent=44426"}],"wp:term":[{"taxonomy":"category","embeddable":true,"href":"http:\/\/www.eloriente.net\/home\/wp-json\/wp\/v2\/categories?post=44426"},{"taxonomy":"post_tag","embeddable":true,"href":"http:\/\/www.eloriente.net\/home\/wp-json\/wp\/v2\/tags?post=44426"}],"curies":[{"name":"wp","href":"https:\/\/api.w.org\/{rel}","templated":true}]}}