{"id":44477,"date":"2016-08-11T17:30:28","date_gmt":"2016-08-11T23:30:28","guid":{"rendered":"http:\/\/www.eloriente.net\/home\/?p=44477"},"modified":"2016-08-22T13:17:26","modified_gmt":"2016-08-22T19:17:26","slug":"videocolumna-libros-y-reflexiones-por-alejandra-silva","status":"publish","type":"post","link":"http:\/\/www.eloriente.net\/home\/2016\/08\/11\/videocolumna-libros-y-reflexiones-por-alejandra-silva\/","title":{"rendered":"VIDEOCOLUMNA: Libros y reflexiones. Por Alejandra Silva"},"content":{"rendered":"<p><script src=\"\/\/pagead2.googlesyndication.com\/pagead\/js\/adsbygoogle.js\" async=\"\"><\/script><!-- BANNER ELORIENTE INCRUSTADO NOTAS --> <ins class=\"adsbygoogle\" style=\"display: inline-block; width: 300px; height: 250px;\" data-ad-client=\"ca-pub-1136171134853753\" data-ad-slot=\"7974633627\"><\/ins><script>\/\/ <![CDATA[\n(adsbygoogle = window.adsbygoogle || []).push({});\n\/\/ ]]><\/script><\/p>\n<p>&nbsp;<\/p>\n<p>eloriente.net<\/p>\n<p>11 de agosto de 2016<\/p>\n<p><iframe loading=\"lazy\" style=\"border: none; overflow: hidden;\" src=\"https:\/\/www.facebook.com\/plugins\/video.php?href=https%3A%2F%2Fwww.facebook.com%2F443535572345554%2Fvideos%2F1254810817884688%2F&amp;show_text=0&amp;width=560\" width=\"560\" height=\"315\" frameborder=\"0\" scrolling=\"no\" allowfullscreen=\"allowfullscreen\"><\/iframe><\/p>\n<p><script src=\"\/\/pagead2.googlesyndication.com\/pagead\/js\/adsbygoogle.js\" async=\"\"><\/script><!-- BANNER PEQUE\u00d1O PARA ENTRENOTAS EL ORIENTE --> <ins class=\"adsbygoogle\" style=\"display: inline-block; width: 468px; height: 60px;\" data-ad-client=\"ca-pub-1136171134853753\" data-ad-slot=\"4953536424\"><\/ins><script>\/\/ <![CDATA[\n(adsbygoogle = window.adsbygoogle || []).push({});\n\/\/ ]]><\/script><\/p>\n<p><a href=\"http:\/\/www.eloriente.net\/home\/wp-content\/uploads\/2016\/08\/libreo-alejandra.jpg\" rel=\"attachment wp-att-44479\"><img loading=\"lazy\" decoding=\"async\" class=\"alignnone wp-image-44479\" src=\"http:\/\/www.eloriente.net\/home\/wp-content\/uploads\/2016\/08\/libreo-alejandra.jpg\" alt=\"libreo alejandra\" width=\"601\" height=\"338\" srcset=\"http:\/\/www.eloriente.net\/home\/wp-content\/uploads\/2016\/08\/libreo-alejandra.jpg 1280w, http:\/\/www.eloriente.net\/home\/wp-content\/uploads\/2016\/08\/libreo-alejandra-300x169.jpg 300w, http:\/\/www.eloriente.net\/home\/wp-content\/uploads\/2016\/08\/libreo-alejandra-768x432.jpg 768w, http:\/\/www.eloriente.net\/home\/wp-content\/uploads\/2016\/08\/libreo-alejandra-1024x576.jpg 1024w\" sizes=\"(max-width: 601px) 100vw, 601px\" \/><\/a><\/p>\n<p><strong>OTRAS COLUMNAS, DAR CLICK SOBRE LA IMAGEN:<\/strong><\/p>\n<p><a href=\"http:\/\/www.eloriente.net\/home\/category\/videoblogs\/\" target=\"_blank\" rel=\"attachment wp-att-43191\"><img loading=\"lazy\" decoding=\"async\" class=\"alignnone size-full wp-image-43191\" src=\"http:\/\/www.eloriente.net\/home\/wp-content\/uploads\/2016\/04\/Columnistas-facebook-el-oriente.png\" alt=\"Columnistas facebook el oriente\" width=\"292\" height=\"251\" \/><\/a><\/p>\n<div class=\"be-social\" data-url=\"http:\/\/www.eloriente.net\/home\/2016\/08\/09\/videocolumna-9-de-agosto-dia-internacional-de-los-pueblos-indigenas-por-raul-maldonado-mendoza\/\" data-base=\"http:\/\/www.eloriente.net\/home\/wp-content\/plugins\/ic-besocial\" data-title=\"VIDEOCOLUMNA: 9 de agosto, D\u00eda Internacional de los Pueblos Ind\u00edgenas. Por Ra\u00fal Maldonado Mendoza\" data-track=\"true\" data-via=\"\" data-show=\"{&quot;facebook&quot;:true,&quot;twitter&quot;:true,&quot;google&quot;:true,&quot;reddit&quot;:true,&quot;linkedin&quot;:true,&quot;meneame&quot;:true}\"><\/div>\n\n\t\t\t  <div \n\t\t\t  \tclass = \"fb-comments\" \n\t\t\t  \tdata-href = \"http:\/\/www.eloriente.net\/home\/2016\/08\/11\/videocolumna-libros-y-reflexiones-por-alejandra-silva\/\"\n\t\t\t  \tdata-numposts = \"10\"\n\t\t\t\tdata-colorscheme = \"dark\"\n\t\t\t\tdata-order-by = \"social\"\n\t\t\t\tdata-mobile=true>\n\t\t\t  <\/div>\n\t\t  <style>\n\t\t\t.fb_iframe_widget_fluid_desktop iframe {\n\t\t\t    width: 100% !important;\n\t\t\t}\n\t\t  <\/style>\n\t\t  ","protected":false},"excerpt":{"rendered":"<p>&nbsp; eloriente.net 11 de agosto de 2016 OTRAS COLUMNAS, DAR CLICK SOBRE LA IMAGEN:<\/p>\n","protected":false},"author":44,"featured_media":44478,"comment_status":"open","ping_status":"open","sticky":false,"template":"","format":"standard","meta":{"_jetpack_memberships_contains_paid_content":false,"footnotes":""},"categories":[6883,18,32,3153,10,31,98],"tags":[1431,2101,350,297],"class_list":["post-44477","post","type-post","status-publish","format-standard","has-post-thumbnail","hentry","category-alejandra-silva-soriano-videoblogs","category-educacion-y-cultura","category-entradas","category-letras-educacion-y-cultura","category-lo-mas-reciente","category-principal","category-videoblogs","tag-alejandra-silva-soriano-2","tag-letras","tag-libros","tag-literatura"],"jetpack_featured_media_url":"http:\/\/www.eloriente.net\/home\/wp-content\/uploads\/2016\/08\/ALEJANDRA-SILVA-11-DE-AGOSTO-e1470957779172.jpg","jetpack_sharing_enabled":true,"_links":{"self":[{"href":"http:\/\/www.eloriente.net\/home\/wp-json\/wp\/v2\/posts\/44477"}],"collection":[{"href":"http:\/\/www.eloriente.net\/home\/wp-json\/wp\/v2\/posts"}],"about":[{"href":"http:\/\/www.eloriente.net\/home\/wp-json\/wp\/v2\/types\/post"}],"author":[{"embeddable":true,"href":"http:\/\/www.eloriente.net\/home\/wp-json\/wp\/v2\/users\/44"}],"replies":[{"embeddable":true,"href":"http:\/\/www.eloriente.net\/home\/wp-json\/wp\/v2\/comments?post=44477"}],"version-history":[{"count":1,"href":"http:\/\/www.eloriente.net\/home\/wp-json\/wp\/v2\/posts\/44477\/revisions"}],"predecessor-version":[{"id":44480,"href":"http:\/\/www.eloriente.net\/home\/wp-json\/wp\/v2\/posts\/44477\/revisions\/44480"}],"wp:featuredmedia":[{"embeddable":true,"href":"http:\/\/www.eloriente.net\/home\/wp-json\/wp\/v2\/media\/44478"}],"wp:attachment":[{"href":"http:\/\/www.eloriente.net\/home\/wp-json\/wp\/v2\/media?parent=44477"}],"wp:term":[{"taxonomy":"category","embeddable":true,"href":"http:\/\/www.eloriente.net\/home\/wp-json\/wp\/v2\/categories?post=44477"},{"taxonomy":"post_tag","embeddable":true,"href":"http:\/\/www.eloriente.net\/home\/wp-json\/wp\/v2\/tags?post=44477"}],"curies":[{"name":"wp","href":"https:\/\/api.w.org\/{rel}","templated":true}]}}