{"id":44485,"date":"2016-08-12T16:14:07","date_gmt":"2016-08-12T22:14:07","guid":{"rendered":"http:\/\/www.eloriente.net\/home\/?p=44485"},"modified":"2016-08-12T16:14:07","modified_gmt":"2016-08-12T22:14:07","slug":"oaxaca-un-medico-debe-tener-los-conocimientos-necesarios-para-salvar-vidas-director-de-medicina-uabjo","status":"publish","type":"post","link":"http:\/\/www.eloriente.net\/home\/2016\/08\/12\/oaxaca-un-medico-debe-tener-los-conocimientos-necesarios-para-salvar-vidas-director-de-medicina-uabjo\/","title":{"rendered":"OAXACA: Un m\u00e9dico debe tener los conocimientos necesarios para salvar vidas: Director de Medicina UABJO"},"content":{"rendered":"<p><script src=\"\/\/pagead2.googlesyndication.com\/pagead\/js\/adsbygoogle.js\" async=\"\"><\/script><!-- BANNER ELORIENTE INCRUSTADO NOTAS --> <ins class=\"adsbygoogle\" style=\"display: inline-block; width: 300px; height: 250px;\" data-ad-client=\"ca-pub-1136171134853753\" data-ad-slot=\"7974633627\"><\/ins><script>\/\/ <![CDATA[\n(adsbygoogle = window.adsbygoogle || []).push({});\n\/\/ ]]><\/script><\/p>\n<p>&nbsp;<\/p>\n<p>(www.eloriente.net, M\u00e9xico, a 12 de agosto de 2016).-\u00a0<span style=\"font-weight: 400;\">En la Facultad de Medicina y Cirug\u00eda de la UABJO no se puede dar a los aspirantes la oportunidad de pasar sin conocimientos; o aprenden y saben o no pueden ingresar porque un m\u00e9dico no tiene derecho a equivocarse; debe tener los conocimientos necesarios para salvar vidas, afirma contundente el director de la instituci\u00f3n, Dr. Guilebaldo Cruz Cort\u00e9s.<\/span><\/p>\n<p>Tampoco se arredra. Dice que no tiene miedo a enfrentar a los grupos de presi\u00f3n, por lo que exhorta a partir del convencimiento generalizado de que quienes deseen estudiar la carrera de Medicina en la Universidad Aut\u00f3noma \u201cBenito Ju\u00e1rez\u201d de Oaxaca deben cumplir el requisito indispensable de someterse al examen de admisi\u00f3n.<\/p>\n<p>En entrevista, el M\u00e9dico Cirujano reconoce que \u201csi hay compra-venta de espacios es porque alguien busca y otro ofrece\u201d.<\/p>\n<p>Admite tambi\u00e9n que desafortunadamente, el inicio de cada ciclo escolar, se ve como momento propicio para desestabilizar y mal-informar. \u201cEl motivo principal es desestabilizar para obtener alg\u00fan beneficio; por eso, durante los conflictos, grupos de pseudo estudiantes y pseudo trabajadores toman las instalaciones universitarias y las roban, las saquean\u201d.<\/p>\n<p>El tambi\u00e9n maestro en Ciencias M\u00e9dicas considera que lo importante es cohesionarnos para mantener la estabilidad acad\u00e9mica de las unidades, tener todos la misma informaci\u00f3n de que no hay otra forma de ingreso sino a trav\u00e9s del examen de admisi\u00f3n, para no ser presa de chantajes ni bot\u00edn de los grupos ajenos a la Universidad. De ah\u00ed nuestra campa\u00f1a de \u201cNo te dejes sorprender\u201d.<\/p>\n<p><b>MEDICINA: PRIMERA EN SOLICITUDES DE INGRESO<\/b><\/p>\n<p><script src=\"\/\/pagead2.googlesyndication.com\/pagead\/js\/adsbygoogle.js\" async=\"\"><\/script><!-- BANNER PEQUE\u00d1O PARA ENTRENOTAS EL ORIENTE --> <ins class=\"adsbygoogle\" style=\"display: inline-block; width: 468px; height: 60px;\" data-ad-client=\"ca-pub-1136171134853753\" data-ad-slot=\"4953536424\"><\/ins><script>\/\/ <![CDATA[\n(adsbygoogle = window.adsbygoogle || []).push({});\n\/\/ ]]><\/script><\/p>\n<p>El Dr. Guilebaldo Cruz Cort\u00e9s refiere que la Facultad de Medicina y Cirug\u00eda de la UABJO es la primera en solicitudes de ingreso; \u201cantes nos ganaba la Facultad de Derecho, pero ya la superamos y ahora estamos por arriba de las dem\u00e1s\u201d, precisa.<\/p>\n<p>Reitera, asimismo, que la instituci\u00f3n formadora de m\u00e9dicos no puede crecer si no se tiene m\u00e1s personal docente, infraestructura en aulas y laboratorios, adem\u00e1s de camas de hospital, etc\u00e9tera.<\/p>\n<p>Comenta que la acreditaci\u00f3n de la Facultad, lograda por primera vez en 2009 y que se reafirm\u00f3 en 2015, nos obliga a mantener el ingreso, el egreso, la titulaci\u00f3n y una serie de indicadores necesarios para ofrecer un programa de calidad.<\/p>\n<p>Por ello, de los 2 mil 700 aspirantes registrados que asisten a los dos ex\u00e1menes de ingreso a la Facultad de Medicina, incluyendo a los de Terapia F\u00edsica y Terapia Ocupacional, \u201cs\u00f3lo aceptaremos a 350, que son los que podemos atender, porque todo depende de los espacios disponibles\u201d.<\/p>\n<p>Detalla que de los aspirantes que han presentado examen de admisi\u00f3n este a\u00f1o, el que ha obtenido el mayor porcentaje de calificaci\u00f3n es de 9.1 y el \u00faltimo de 7, por lo que quedar\u00e1n unos 600 estudiantes que pasaron la prueba, con resultados de entre 6 y 7, pero no podr\u00e1n ingresar porque ya no hay espacio.<\/p>\n<p>En el caso de las licenciaturas de Terapia F\u00edsica y Terapia Ocupacional, informa que el puntaje m\u00e1s alto de calificaci\u00f3n es de 7 y de ah\u00ed para abajo hasta completar 35 nuevos alumnos de Terapia F\u00edsica y otros 35 de Terapia Ocupacional, de un total de m\u00e1s de 400 aspirantes.<\/p>\n<p><span style=\"font-weight: 400;\">Se\u00f1ala que ambas terapias ya cumplieron diez a\u00f1os de estar adheridas a la Facultad de Medicina y Cirug\u00eda, y requieren de una evaluaci\u00f3n para comprobar que su programa de estudios es de calidad.<\/span><\/p>\n<p>\u201cPor eso no podemos aceptar un mayor n\u00famero de alumnos. Se han revisado los mecanismos para incrementar la matr\u00edcula, pero no es posible, en tanto no podamos tener mayores recursos\u201d, puntualiza el Director.<\/p>\n<p><a href=\"http:\/\/www.eloriente.net\/home\/wp-content\/uploads\/2016\/08\/DIRECTOR-MEDICINA-UABJO.jpg\" rel=\"attachment wp-att-44486\"><img loading=\"lazy\" decoding=\"async\" class=\"alignnone  wp-image-44486\" src=\"http:\/\/www.eloriente.net\/home\/wp-content\/uploads\/2016\/08\/DIRECTOR-MEDICINA-UABJO.jpg\" alt=\"DIRECTOR MEDICINA UABJO\" width=\"601\" height=\"443\" srcset=\"http:\/\/www.eloriente.net\/home\/wp-content\/uploads\/2016\/08\/DIRECTOR-MEDICINA-UABJO.jpg 3300w, http:\/\/www.eloriente.net\/home\/wp-content\/uploads\/2016\/08\/DIRECTOR-MEDICINA-UABJO-300x221.jpg 300w, http:\/\/www.eloriente.net\/home\/wp-content\/uploads\/2016\/08\/DIRECTOR-MEDICINA-UABJO-768x566.jpg 768w, http:\/\/www.eloriente.net\/home\/wp-content\/uploads\/2016\/08\/DIRECTOR-MEDICINA-UABJO-1024x754.jpg 1024w\" sizes=\"(max-width: 601px) 100vw, 601px\" \/><\/a><\/p>\n<p>&nbsp;<\/p>\n<p><strong>OTRAS ENTRADAS<\/strong><\/p>\n<div class=\"featuredpost\">\n<div class=\"flow_hide\">\n<h2 class=\"posttitle bigposttitle\"><a title=\"Enlace Permanente a \u00bfC\u00f3mo duermen los ni\u00f1os alrededor del mundo?\" href=\"http:\/\/www.eloriente.net\/home\/2016\/08\/12\/como-duermen-los-ninos-alrededor-del-mundo\/\" rel=\"bookmark\">\u00bfC\u00f3mo duermen los ni\u00f1os alrededor del mundo?<\/a><\/h2>\n<\/div>\n<p>(www.eloriente.net, M\u00e9xico 12 de Agosto de 2016) .- Por Jessica Lamadrid El fot\u00f3grafo James Mollison realiz\u00f3 un proyecto alrededor del mundo para contar la historia de ni\u00f1os de\u2026<\/p>\n<p class=\"postmeta\"><span class=\"meta_date\">agosto 12, 2016<\/span><\/p>\n<div class=\"toolbar-social\"><\/div>\n<\/div>\n<div class=\"featuredpost\">\n<div class=\"flow_hide\"><a href=\"http:\/\/www.eloriente.net\/home\/2016\/08\/11\/videocolumna-libros-y-reflexiones-por-alejandra-silva\/\" rel=\"bookmark\"><img decoding=\"async\" class=\"alignleft\" title=\"VIDEOCOLUMNA: Libros y reflexiones. Por Alejandra Silva\" src=\"http:\/\/www.eloriente.net\/home\/wp-content\/themes\/city-desk\/timthumb.php?src=http%3A%2F%2Fwww.eloriente.net%2Fhome%2Fwp-content%2Fuploads%2F2016%2F08%2FALEJANDRA-SILVA-11-DE-AGOSTO-e1470957779172.jpg&amp;q=90&amp;w=70&amp;h=45&amp;zc=1\" alt=\"VIDEOCOLUMNA: Libros y reflexiones. Por Alejandra Silva\" \/><\/a><\/p>\n<h2 class=\"posttitle \"><a title=\"Enlace Permanente a VIDEOCOLUMNA: Libros y reflexiones. Por Alejandra Silva\" href=\"http:\/\/www.eloriente.net\/home\/2016\/08\/11\/videocolumna-libros-y-reflexiones-por-alejandra-silva\/\" rel=\"bookmark\">VIDEOCOLUMNA: Libros y reflexiones. Por Alejandra Silva<\/a><\/h2>\n<\/div>\n<p>eloriente.net 11 de agosto de 2016 OTRAS COLUMNAS, DAR CLICK SOBRE LA IMAGEN: Share\u2026<\/p>\n<p class=\"postmeta\"><span class=\"meta_date\">agosto 11, 2016<\/span><\/p>\n<div class=\"toolbar-social\"><\/div>\n<\/div>\n<div class=\"featuredpost\">\n<div class=\"flow_hide\"><a href=\"http:\/\/www.eloriente.net\/home\/2016\/08\/11\/videocolumna-se-respetan-los-derechos-humanos-de-las-personas-trans-por-rebeca-garza\/\" rel=\"bookmark\"><img decoding=\"async\" class=\"alignleft\" title=\"VIDEOCOLUMNA: \u00bfSe respetan los derechos humanos de las personas trans? Por Rebeca Garza\" src=\"http:\/\/www.eloriente.net\/home\/wp-content\/themes\/city-desk\/timthumb.php?src=http%3A%2F%2Fwww.eloriente.net%2Fhome%2Fwp-content%2Fuploads%2F2016%2F08%2FREBECA-GARZA-10-DE-AGOSTO-1-e1470934278907.jpg&amp;q=90&amp;w=70&amp;h=45&amp;zc=1\" alt=\"VIDEOCOLUMNA: \u00bfSe respetan los derechos humanos de las personas trans? Por Rebeca Garza\" \/><\/a><\/p>\n<h2 class=\"posttitle \"><a title=\"Enlace Permanente a VIDEOCOLUMNA: \u00bfSe respetan los derechos humanos de las personas trans? Por Rebeca Garza\" href=\"http:\/\/www.eloriente.net\/home\/2016\/08\/11\/videocolumna-se-respetan-los-derechos-humanos-de-las-personas-trans-por-rebeca-garza\/\" rel=\"bookmark\">VIDEOCOLUMNA: \u00bfSe respetan los derechos humanos de las personas trans? Por Rebeca Garza<\/a><\/h2>\n<\/div>\n<p>eloriente.net 11 de agosto Share\u2026<\/p>\n<p class=\"postmeta\"><span class=\"meta_date\">agosto 11, 2016<\/span><\/p>\n<\/div>\n\n\t\t\t  <div \n\t\t\t  \tclass = \"fb-comments\" \n\t\t\t  \tdata-href = \"http:\/\/www.eloriente.net\/home\/2016\/08\/12\/oaxaca-un-medico-debe-tener-los-conocimientos-necesarios-para-salvar-vidas-director-de-medicina-uabjo\/\"\n\t\t\t  \tdata-numposts = \"10\"\n\t\t\t\tdata-colorscheme = \"dark\"\n\t\t\t\tdata-order-by = \"social\"\n\t\t\t\tdata-mobile=true>\n\t\t\t  <\/div>\n\t\t  <style>\n\t\t\t.fb_iframe_widget_fluid_desktop iframe {\n\t\t\t    width: 100% !important;\n\t\t\t}\n\t\t  <\/style>\n\t\t  ","protected":false},"excerpt":{"rendered":"<p>&nbsp; (www.eloriente.net, M\u00e9xico, a 12 de agosto de 2016).-\u00a0En la Facultad de Medicina y Cirug\u00eda de la UABJO no se puede dar a los aspirantes la oportunidad de pasar sin conocimientos; o aprenden y saben o no pueden ingresar porque un m\u00e9dico no tiene derecho a equivocarse; debe tener los conocimientos necesarios para salvar vidas, [&hellip;]<\/p>\n","protected":false},"author":44,"featured_media":44486,"comment_status":"open","ping_status":"open","sticky":false,"template":"","format":"standard","meta":{"_jetpack_memberships_contains_paid_content":false,"footnotes":""},"categories":[1588,18,32,63,464,84],"tags":[3006,519,6839,144,182],"class_list":["post-44485","post","type-post","status-publish","format-standard","has-post-thumbnail","hentry","category-comunicados-y-boletines","category-educacion-y-cultura","category-entradas","category-estados","category-oaxaca-estados","category-universidades","tag-facultad-de-medicina","tag-medicina","tag-nuevo-ingreso","tag-salud-2","tag-uabjo"],"jetpack_featured_media_url":"http:\/\/www.eloriente.net\/home\/wp-content\/uploads\/2016\/08\/DIRECTOR-MEDICINA-UABJO.jpg","jetpack_sharing_enabled":true,"_links":{"self":[{"href":"http:\/\/www.eloriente.net\/home\/wp-json\/wp\/v2\/posts\/44485"}],"collection":[{"href":"http:\/\/www.eloriente.net\/home\/wp-json\/wp\/v2\/posts"}],"about":[{"href":"http:\/\/www.eloriente.net\/home\/wp-json\/wp\/v2\/types\/post"}],"author":[{"embeddable":true,"href":"http:\/\/www.eloriente.net\/home\/wp-json\/wp\/v2\/users\/44"}],"replies":[{"embeddable":true,"href":"http:\/\/www.eloriente.net\/home\/wp-json\/wp\/v2\/comments?post=44485"}],"version-history":[{"count":1,"href":"http:\/\/www.eloriente.net\/home\/wp-json\/wp\/v2\/posts\/44485\/revisions"}],"predecessor-version":[{"id":44487,"href":"http:\/\/www.eloriente.net\/home\/wp-json\/wp\/v2\/posts\/44485\/revisions\/44487"}],"wp:featuredmedia":[{"embeddable":true,"href":"http:\/\/www.eloriente.net\/home\/wp-json\/wp\/v2\/media\/44486"}],"wp:attachment":[{"href":"http:\/\/www.eloriente.net\/home\/wp-json\/wp\/v2\/media?parent=44485"}],"wp:term":[{"taxonomy":"category","embeddable":true,"href":"http:\/\/www.eloriente.net\/home\/wp-json\/wp\/v2\/categories?post=44485"},{"taxonomy":"post_tag","embeddable":true,"href":"http:\/\/www.eloriente.net\/home\/wp-json\/wp\/v2\/tags?post=44485"}],"curies":[{"name":"wp","href":"https:\/\/api.w.org\/{rel}","templated":true}]}}