{"id":44533,"date":"2016-08-16T15:33:18","date_gmt":"2016-08-16T21:33:18","guid":{"rendered":"http:\/\/www.eloriente.net\/home\/?p=44533"},"modified":"2016-08-16T15:33:18","modified_gmt":"2016-08-16T21:33:18","slug":"cultura-no-te-pierdas-el-coloquio-de-produccion-artistica-contemporanea","status":"publish","type":"post","link":"http:\/\/www.eloriente.net\/home\/2016\/08\/16\/cultura-no-te-pierdas-el-coloquio-de-produccion-artistica-contemporanea\/","title":{"rendered":"CULTURA: No te pierdas el Coloquio de Producci\u00f3n Art\u00edstica Contempor\u00e1nea"},"content":{"rendered":"<p><script src=\"\/\/pagead2.googlesyndication.com\/pagead\/js\/adsbygoogle.js\" async=\"\"><\/script><!-- BANNER ELORIENTE INCRUSTADO NOTAS --> <ins class=\"adsbygoogle\" style=\"display: inline-block; width: 300px; height: 250px;\" data-ad-client=\"ca-pub-1136171134853753\" data-ad-slot=\"7974633627\"><\/ins><script>\/\/ <![CDATA[\n(adsbygoogle = window.adsbygoogle || []).push({});\n\/\/ ]]><\/script><\/p>\n<p>&nbsp;<\/p>\n<p>eloriente.net\/Santa Cultura<\/p>\n<p>16 de agosto de 2016<\/p>\n<p>Reunir en una sola sede a artistas,\u00a0pensadores y cr\u00edticos de talla internacional para que durante cuatro d\u00edas\u00a0reflexionen, dialoguen y participen en diversas manifestaciones art\u00edsticas y\u00a0educativas en torno al tema de la disrupci\u00f3n, es el prop\u00f3sito de Protovecka al\u00a0realizar el Coloquio de Producci\u00f3n Art\u00edstica Contempor\u00e1nea, que se llevar\u00e1 a\u00a0cabo los d\u00edas 24, 25, 26 y 27 de agosto en el Centro Cultural San Pablo, en la\u00a0ciudad de Oaxaca.<\/p>\n<p>La segunda edici\u00f3n del Coloquio de Producci\u00f3n Art\u00edstica Contempor\u00e1nea forma\u00a0parte de Oaxaca Intercultural: Programa de Fortalecimiento y Desarrollo Cultural\u00a0en el Estado de Oaxaca, apoyado por la Secretar\u00eda de Cultura Federal a trav\u00e9s de\u00a0Consoricio Arte y Escuela A.C. (ConArte).<\/p>\n<p><a href=\"http:\/\/www.eloriente.net\/home\/wp-content\/uploads\/2016\/08\/PAC2016.jpg\" rel=\"attachment wp-att-44538\"><img loading=\"lazy\" decoding=\"async\" class=\"alignnone wp-image-44538\" src=\"http:\/\/www.eloriente.net\/home\/wp-content\/uploads\/2016\/08\/PAC2016.jpg\" alt=\"PAC2016\" width=\"599\" height=\"398\" srcset=\"http:\/\/www.eloriente.net\/home\/wp-content\/uploads\/2016\/08\/PAC2016.jpg 3008w, http:\/\/www.eloriente.net\/home\/wp-content\/uploads\/2016\/08\/PAC2016-300x199.jpg 300w, http:\/\/www.eloriente.net\/home\/wp-content\/uploads\/2016\/08\/PAC2016-768x511.jpg 768w, http:\/\/www.eloriente.net\/home\/wp-content\/uploads\/2016\/08\/PAC2016-1024x681.jpg 1024w\" sizes=\"(max-width: 599px) 100vw, 599px\" \/><\/a><\/p>\n<p>Con clases magistrales, ponencias y mesas redondas, disciplinarias e\u00a0interdisciplinarias, el Coloquio abordar\u00e1 diversas tem\u00e1ticas relacionadas con el\u00a0fen\u00f3meno de la disrupci\u00f3n en el proceso de la creaci\u00f3n art\u00edstica actual en el\u00a0pensamiento est\u00e9tico, las artes visuales, el cine y la m\u00fasica, considerando los\u00a0v\u00ednculos de estas artes, entre s\u00ed y con otras disciplinas art\u00edsticas.<\/p>\n<p>La estructura del Coloquio est\u00e1 conformada por cuatro disciplinas en las que se\u00a0convoca a expertos en el \u00e1mbito te\u00f3rico y cr\u00edtico as\u00ed como de la pr\u00e1ctica art\u00edstica\u00a0para presentar ponencias y establecer mesas de di\u00e1logo por especialidades e\u00a0interdisciplina. Pensamiento Est\u00e9tico: Arne De Boever, Giuseppe Di Giacomo,\u00a0Benjam\u00edn Mayer Foulkes y Jes\u00fas Silva-Herzog M\u00e1rquez; Cine: No\u00ebl Carroll, Claire\u00a0Denis, y Eva Sangiorgi; M\u00fasica: Mark Prendergast, David Toop y Jos\u00e9 Wolffer, y\u00a0Artes Visuales: Alberto L\u00f3pez Cuenca, Gerardo Mosquera y Fran\u00e7oise Parfait. La\u00a0intenci\u00f3n es crear un di\u00e1logo abierto, diverso e integrador al mismo tiempo, que\u00a0trascienda los l\u00edmites de las disciplinas y sirva de hilo conductor a esta amplia\u00a0pluralidad de voces y experiencias.<\/p>\n<p><a href=\"http:\/\/www.eloriente.net\/home\/wp-content\/uploads\/2016\/08\/PAC2016-4.jpg\" rel=\"attachment wp-att-44536\"><img loading=\"lazy\" decoding=\"async\" class=\"alignnone wp-image-44536\" src=\"http:\/\/www.eloriente.net\/home\/wp-content\/uploads\/2016\/08\/PAC2016-4.jpg\" alt=\"PAC2016 4\" width=\"600\" height=\"401\" srcset=\"http:\/\/www.eloriente.net\/home\/wp-content\/uploads\/2016\/08\/PAC2016-4.jpg 584w, http:\/\/www.eloriente.net\/home\/wp-content\/uploads\/2016\/08\/PAC2016-4-300x200.jpg 300w\" sizes=\"(max-width: 600px) 100vw, 600px\" \/><\/a><\/p>\n<p>El programa del Coloquio incluye ponencias, mesas de di\u00e1logo e interdisciplina,\u00a0as\u00ed como actividades art\u00edsticas: en Cine se proyectar\u00e1 un largometraje presentado\u00a0por la realizadora Claire Denis, en Artes Visuales Fran\u00e7oise Parfait presentar\u00e1 una\u00a0serie de piezas de videoarte del proyecto colectivo Suspended Spaces, y en\u00a0M\u00fasica David Toop ofrecer\u00e1 un concierto a partir de su discograf\u00eda m\u00e1s reciente.<\/p>\n<p>En torno a la parte educativa, Eva Sangiorgi, Jos\u00e9 Wolffer y Alberto L\u00f3pez Cuenca\u00a0ofrecer\u00e1n un taller de acercamiento al arte contempor\u00e1neo a un grupo de\u00a0maestros normalistas biling\u00fces de distintas comunidades de Oaxaca.<\/p>\n<p><a href=\"http:\/\/www.eloriente.net\/home\/wp-content\/uploads\/2016\/08\/PAC2016-3.jpg\" rel=\"attachment wp-att-44535\"><img loading=\"lazy\" decoding=\"async\" class=\"alignnone wp-image-44535\" src=\"http:\/\/www.eloriente.net\/home\/wp-content\/uploads\/2016\/08\/PAC2016-3.jpg\" alt=\"PAC2016 3\" width=\"599\" height=\"399\" srcset=\"http:\/\/www.eloriente.net\/home\/wp-content\/uploads\/2016\/08\/PAC2016-3.jpg 1772w, http:\/\/www.eloriente.net\/home\/wp-content\/uploads\/2016\/08\/PAC2016-3-300x200.jpg 300w, http:\/\/www.eloriente.net\/home\/wp-content\/uploads\/2016\/08\/PAC2016-3-768x511.jpg 768w, http:\/\/www.eloriente.net\/home\/wp-content\/uploads\/2016\/08\/PAC2016-3-1024x681.jpg 1024w\" sizes=\"(max-width: 599px) 100vw, 599px\" \/><\/a><\/p>\n<p>Se ha propuesto el fen\u00f3meno de la disrupci\u00f3n como eje de este Coloquio de\u00a0Producci\u00f3n Art\u00edstica Contempor\u00e1nea, que si bien tiene referencias de uso desde\u00a0los or\u00edgenes del arte hasta nuestros d\u00edas preserva una vigorosa actualidad y es\u00a0sin\u00f3nimo de vanguardia.<\/p>\n<p><script src=\"\/\/pagead2.googlesyndication.com\/pagead\/js\/adsbygoogle.js\" async=\"\"><\/script><!-- BANNER PEQUE\u00d1O PARA ENTRENOTAS EL ORIENTE --> <ins class=\"adsbygoogle\" style=\"display: inline-block; width: 468px; height: 60px;\" data-ad-client=\"ca-pub-1136171134853753\" data-ad-slot=\"4953536424\"><\/ins><script>\/\/ <![CDATA[\n(adsbygoogle = window.adsbygoogle || []).push({});\n\/\/ ]]><\/script><\/p>\n<p>El estado de Oaxaca tiene una gran tradici\u00f3n art\u00edstica y cultural en las disciplinas\u00a0que aborda este Coloquio, por tanto uno de los principales objetivos de esta\u00a0segunda edici\u00f3n es establecer un di\u00e1logo que tenga repercusi\u00f3n en los procesos\u00a0de creaci\u00f3n en la comunidad art\u00edstica local y hacer del Coloquio un referente en el\u00a0\u00e1mbito nacional e internacional en lo que se refiere al arte contempor\u00e1neo,\u00a0particularmente en el cine, la m\u00fasica y el arte visual, y su interdisciplinariedad.<\/p>\n<p><a href=\"http:\/\/www.eloriente.net\/home\/wp-content\/uploads\/2016\/08\/PAC2016-2.jpg\" rel=\"attachment wp-att-44534\"><img loading=\"lazy\" decoding=\"async\" class=\"alignnone wp-image-44534\" src=\"http:\/\/www.eloriente.net\/home\/wp-content\/uploads\/2016\/08\/PAC2016-2.jpg\" alt=\"PAC2016 2\" width=\"600\" height=\"400\" srcset=\"http:\/\/www.eloriente.net\/home\/wp-content\/uploads\/2016\/08\/PAC2016-2.jpg 4017w, http:\/\/www.eloriente.net\/home\/wp-content\/uploads\/2016\/08\/PAC2016-2-300x200.jpg 300w, http:\/\/www.eloriente.net\/home\/wp-content\/uploads\/2016\/08\/PAC2016-2-768x512.jpg 768w, http:\/\/www.eloriente.net\/home\/wp-content\/uploads\/2016\/08\/PAC2016-2-1024x683.jpg 1024w\" sizes=\"(max-width: 600px) 100vw, 600px\" \/><\/a><\/p>\n<p>Los contenidos del Coloquio estar\u00e1n disponibles en www.coloquiopac.com y\u00a0www.oaxacaintercultural.org.mx<\/p>\n<p><a href=\"http:\/\/www.eloriente.net\/home\/wp-content\/uploads\/2016\/08\/PAC2016-5.jpg\" rel=\"attachment wp-att-44537\"><img loading=\"lazy\" decoding=\"async\" class=\"alignnone wp-image-44537\" src=\"http:\/\/www.eloriente.net\/home\/wp-content\/uploads\/2016\/08\/PAC2016-5.jpg\" alt=\"PAC2016 5\" width=\"600\" height=\"222\" srcset=\"http:\/\/www.eloriente.net\/home\/wp-content\/uploads\/2016\/08\/PAC2016-5.jpg 851w, http:\/\/www.eloriente.net\/home\/wp-content\/uploads\/2016\/08\/PAC2016-5-300x111.jpg 300w, http:\/\/www.eloriente.net\/home\/wp-content\/uploads\/2016\/08\/PAC2016-5-768x284.jpg 768w\" sizes=\"(max-width: 600px) 100vw, 600px\" \/><\/a><\/p>\n<p><strong>OTRAS ENTRADAS<\/strong><\/p>\n<div class=\"featuredpost\">\n<div class=\"flow_hide\">\n<h2 class=\"posttitle bigposttitle\"><a title=\"Enlace Permanente a VIDEOCOLUMNA: Una pol\u00edtica distinta con la Alianza para el Bienestar Social. Por Karina Bar\u00f3n\" href=\"http:\/\/www.eloriente.net\/home\/2016\/08\/15\/videocolumna-una-politica-distinta-con-la-alianza-para-el-bienestar-social-por-karina-baron\/\" rel=\"bookmark\">VIDEOCOLUMNA: Una pol\u00edtica distinta con la Alianza para el Bienestar Social. Por Karina Bar\u00f3n<\/a><\/h2>\n<\/div>\n<p>eloriente.net 15 de agosto de 2016 OTRAS COLUMNAS, DAR CLICK SOBRE LA IMAGEN: Share\u2026<\/p>\n<p class=\"postmeta\"><span class=\"meta_date\">agosto 15, 2016<\/span><\/p>\n<div class=\"toolbar-social\"><\/div>\n<\/div>\n<div class=\"featuredpost\">\n<div class=\"flow_hide\"><a href=\"http:\/\/www.eloriente.net\/home\/2016\/08\/15\/videocolumnas\/\" rel=\"bookmark\"><img decoding=\"async\" class=\"alignleft\" title=\"VIDEOCOLUMNAS: La direcci\u00f3n de orquesta. Por Carlos Sp\u00edndola\" src=\"http:\/\/www.eloriente.net\/home\/wp-content\/themes\/city-desk\/timthumb.php?src=http%3A%2F%2Fwww.eloriente.net%2Fhome%2Fwp-content%2Fuploads%2F2016%2F08%2FCARLOS-SPI%CC%81NDOLA-12-3-DE-AGOSTO-1-e1471284210953.jpg&amp;q=90&amp;w=70&amp;h=45&amp;zc=1\" alt=\"VIDEOCOLUMNAS: La direcci\u00f3n de orquesta. Por Carlos Sp\u00edndola\" \/><\/a><\/p>\n<h2 class=\"posttitle \"><a title=\"Enlace Permanente a VIDEOCOLUMNAS: La direcci\u00f3n de orquesta. Por Carlos Sp\u00edndola\" href=\"http:\/\/www.eloriente.net\/home\/2016\/08\/15\/videocolumnas\/\" rel=\"bookmark\">VIDEOCOLUMNAS: La direcci\u00f3n de orquesta. Por Carlos Sp\u00edndola<\/a><\/h2>\n<\/div>\n<p>15 de agosto de 2016 \u00a0 OTRAS COLUMNAS, DAR CLICK SOBRE LA IMAGEN: Share\u2026<\/p>\n<p class=\"postmeta\"><span class=\"meta_date\">agosto 15, 2016<\/span><\/p>\n<div class=\"toolbar-social\"><\/div>\n<\/div>\n<div class=\"featuredpost\">\n<div class=\"flow_hide\"><a href=\"http:\/\/www.eloriente.net\/home\/2016\/08\/13\/quieres-poner-tu-negocio-aqui-5-videos-de-como-iniciar\/\" rel=\"bookmark\"><img decoding=\"async\" class=\"alignleft\" title=\"\u00bfQuieres poner tu negocio? Aqu\u00ed 5 videos de como iniciar\" src=\"http:\/\/www.eloriente.net\/home\/wp-content\/themes\/city-desk\/timthumb.php?src=http%3A%2F%2Fwww.eloriente.net%2Fhome%2Fwp-content%2Fuploads%2F2016%2F08%2Ffranquicias-en-mexico-inadem.jpg&amp;q=90&amp;w=70&amp;h=45&amp;zc=1\" alt=\"\u00bfQuieres poner tu negocio? Aqu\u00ed 5 videos de como iniciar\" \/><\/a><\/p>\n<h2 class=\"posttitle \"><a title=\"Enlace Permanente a \u00bfQuieres poner tu negocio? Aqu\u00ed 5 videos de como iniciar\" href=\"http:\/\/www.eloriente.net\/home\/2016\/08\/13\/quieres-poner-tu-negocio-aqui-5-videos-de-como-iniciar\/\" rel=\"bookmark\">\u00bfQuieres poner tu negocio? Aqu\u00ed 5 videos de como iniciar<\/a><\/h2>\n<\/div>\n<p>(www.eloriente.net, M\u00e9xico 13 de Agosto de 2016).- Por Jessica Lamadrid Muchas personas buscan iniciar negocios propios para llevar a cabo sus ideas y proyectos personales que se ajusten\u2026<\/p>\n<p class=\"postmeta\"><span class=\"meta_date\">agosto 13, 2016<\/span><\/p>\n<\/div>\n\n\t\t\t  <div \n\t\t\t  \tclass = \"fb-comments\" \n\t\t\t  \tdata-href = \"http:\/\/www.eloriente.net\/home\/2016\/08\/16\/cultura-no-te-pierdas-el-coloquio-de-produccion-artistica-contemporanea\/\"\n\t\t\t  \tdata-numposts = \"10\"\n\t\t\t\tdata-colorscheme = \"dark\"\n\t\t\t\tdata-order-by = \"social\"\n\t\t\t\tdata-mobile=true>\n\t\t\t  <\/div>\n\t\t  <style>\n\t\t\t.fb_iframe_widget_fluid_desktop iframe {\n\t\t\t    width: 100% !important;\n\t\t\t}\n\t\t  <\/style>\n\t\t  ","protected":false},"excerpt":{"rendered":"<p>&nbsp; eloriente.net\/Santa Cultura 16 de agosto de 2016 Reunir en una sola sede a artistas,\u00a0pensadores y cr\u00edticos de talla internacional para que durante cuatro d\u00edas\u00a0reflexionen, dialoguen y participen en diversas manifestaciones art\u00edsticas y\u00a0educativas en torno al tema de la disrupci\u00f3n, es el prop\u00f3sito de Protovecka al\u00a0realizar el Coloquio de Producci\u00f3n Art\u00edstica Contempor\u00e1nea, que se llevar\u00e1 [&hellip;]<\/p>\n","protected":false},"author":44,"featured_media":44535,"comment_status":"open","ping_status":"open","sticky":false,"template":"","format":"standard","meta":{"_jetpack_memberships_contains_paid_content":false,"footnotes":""},"categories":[8,1588,18,63,464],"tags":[239,3477,6857,241,73],"class_list":["post-44533","post","type-post","status-publish","format-standard","has-post-thumbnail","hentry","category-agenda","category-comunicados-y-boletines","category-educacion-y-cultura","category-estados","category-oaxaca-estados","tag-arte","tag-centro-cultural-san-pablo-2","tag-coloquio-de-produccion-artistica-contemporanea","tag-cultura","tag-oaxaca"],"jetpack_featured_media_url":"http:\/\/www.eloriente.net\/home\/wp-content\/uploads\/2016\/08\/PAC2016-3.jpg","jetpack_sharing_enabled":true,"_links":{"self":[{"href":"http:\/\/www.eloriente.net\/home\/wp-json\/wp\/v2\/posts\/44533"}],"collection":[{"href":"http:\/\/www.eloriente.net\/home\/wp-json\/wp\/v2\/posts"}],"about":[{"href":"http:\/\/www.eloriente.net\/home\/wp-json\/wp\/v2\/types\/post"}],"author":[{"embeddable":true,"href":"http:\/\/www.eloriente.net\/home\/wp-json\/wp\/v2\/users\/44"}],"replies":[{"embeddable":true,"href":"http:\/\/www.eloriente.net\/home\/wp-json\/wp\/v2\/comments?post=44533"}],"version-history":[{"count":2,"href":"http:\/\/www.eloriente.net\/home\/wp-json\/wp\/v2\/posts\/44533\/revisions"}],"predecessor-version":[{"id":44540,"href":"http:\/\/www.eloriente.net\/home\/wp-json\/wp\/v2\/posts\/44533\/revisions\/44540"}],"wp:featuredmedia":[{"embeddable":true,"href":"http:\/\/www.eloriente.net\/home\/wp-json\/wp\/v2\/media\/44535"}],"wp:attachment":[{"href":"http:\/\/www.eloriente.net\/home\/wp-json\/wp\/v2\/media?parent=44533"}],"wp:term":[{"taxonomy":"category","embeddable":true,"href":"http:\/\/www.eloriente.net\/home\/wp-json\/wp\/v2\/categories?post=44533"},{"taxonomy":"post_tag","embeddable":true,"href":"http:\/\/www.eloriente.net\/home\/wp-json\/wp\/v2\/tags?post=44533"}],"curies":[{"name":"wp","href":"https:\/\/api.w.org\/{rel}","templated":true}]}}