{"id":44554,"date":"2016-08-19T10:15:52","date_gmt":"2016-08-19T16:15:52","guid":{"rendered":"http:\/\/www.eloriente.net\/home\/?p=44554"},"modified":"2023-05-04T12:58:14","modified_gmt":"2023-05-04T18:58:14","slug":"la-inspiradora-historia-de-majinlinda-kelmendi","status":"publish","type":"post","link":"http:\/\/www.eloriente.net\/home\/2016\/08\/19\/la-inspiradora-historia-de-majinlinda-kelmendi\/","title":{"rendered":"#ViernesdeFelicidad  La inspiradora historia de Majlinda Kelmendi"},"content":{"rendered":"<p><script src=\"\/\/pagead2.googlesyndication.com\/pagead\/js\/adsbygoogle.js\" async=\"\"><\/script><!-- BANNER ELORIENTE INCRUSTADO NOTAS --> <ins class=\"adsbygoogle\" style=\"display: inline-block; width: 300px; height: 250px;\" data-ad-client=\"ca-pub-1136171134853753\" data-ad-slot=\"7974633627\"><\/ins><script>\/\/ <![CDATA[ (adsbygoogle = window.adsbygoogle || []).push({}); \/\/ ]]><\/script><br \/>\n(www.eloriente.net; M\u00e9xico 19 de Agosto de 2016).- Por Jessica Lamadrid<\/p>\n<p style=\"text-align: justify; line-height: 17.15pt; background: white; margin: 0cm 0cm 12.0pt 0cm;\"><span style=\"font-family: 'Arial','sans-serif'; color: #4d4d4d;\">Conoce a Majlinda Kelmendi la hero\u00edna de Kosovo que le acaba de dar a su pa\u00eds la primera medalla ol\u00edmpica de la historia.<\/span><\/p>\n<p>El pa\u00eds de Kosovo es una zona de disputa para Serbia al considerarlo una parte de su territorio al sureste de Europa, aunque \u00e9ste declarara su independencia en 2008; derivando en guerra civil por un conflicto \u00e9tnico y despu\u00e9s en una guerra entre esas naciones.<\/p>\n<p>El Comit\u00e9 Ol\u00edmpico Internacional (COI) reconoci\u00f3 a Kosovo como pa\u00eds en 2014.<\/p>\n<p>De esta manera la judoca Majlinda Kelmendi se convirti\u00f3 en la primera abanderada ol\u00edmpica en la historia de\u00a0 ese pa\u00eds y no solo eso, sino que adem\u00e1s le dio la primera medalla ol\u00edmpica.<\/p>\n<p>Gan\u00f3 el oro en la categor\u00eda de 52 kg de los Juegos de <a href=\"http:\/\/www.eloriente.net\/home\/2016\/03\/29\/rio-2016-paola-rommel-german-confirmados-en-seleccion-de-clavados\/\" target=\"_blank\" rel=\"noopener\">Rio de Janeiro<\/a> 2016 batiendo a la italiana Odette Giuffrida.<\/p>\n<p>Tras ganar el combate, Kelmendi se desmoron\u00f3 en el tatami, antes de saludar a los kosovares presentes que la alentaban al grito de \u00ab\u00a1Ko-so-vo! \u00a1Ko-so-vo!\u00bb. Esta atleta <a href=\"http:\/\/okdiario.com\/deportes\/2016\/08\/09\/majlinda-kelmendi-yudoca-que-no-vende-amor-kosovo-310082\" target=\"_blank\" rel=\"noopener\">rechaz\u00f3 ofertas millonarias para representar a otros pa\u00edses<\/a> en R\u00edo, sin embargo, la ahora campeona de Judo decidi\u00f3 que quer\u00eda luchar por su bandera.<\/p>\n<p>Al t\u00e9rmino de su pelea declar\u00f3 \u201cLa gente, especialmente los ni\u00f1os en Kosovo me ven como una hero\u00edna \u00a0y acabo de demostrar que si quieren algo pueden tenerlo.<\/p>\n<p>Si quieren ser campeones ol\u00edmpicos pueden serlo. Aunque vengamos de un pa\u00eds peque\u00f1o y pobre, somos fuertes\u201d.<\/p>\n<p><script src=\"\/\/pagead2.googlesyndication.com\/pagead\/js\/adsbygoogle.js\" async=\"\"><\/script><!-- BANNER PEQUE\u00d1O PARA ENTRENOTAS EL ORIENTE --> <ins class=\"adsbygoogle\" style=\"display: inline-block; width: 468px; height: 60px;\" data-ad-client=\"ca-pub-1136171134853753\" data-ad-slot=\"4953536424\"><\/ins><script>\/\/ <![CDATA[ (adsbygoogle = window.adsbygoogle || []).push({}); \/\/ ]]><\/script><\/p>\n<p><a href=\"http:\/\/www.eloriente.net\/home\/wp-content\/uploads\/2016\/08\/kosovo.png\" rel=\"attachment wp-att-44555\"><img loading=\"lazy\" decoding=\"async\" class=\"alignnone size-medium wp-image-44555\" src=\"http:\/\/www.eloriente.net\/home\/wp-content\/uploads\/2016\/08\/kosovo-300x169.png\" alt=\"kosovo\" width=\"300\" height=\"169\" srcset=\"http:\/\/www.eloriente.net\/home\/wp-content\/uploads\/2016\/08\/kosovo-300x169.png 300w, http:\/\/www.eloriente.net\/home\/wp-content\/uploads\/2016\/08\/kosovo-768x432.png 768w, http:\/\/www.eloriente.net\/home\/wp-content\/uploads\/2016\/08\/kosovo-1024x576.png 1024w, http:\/\/www.eloriente.net\/home\/wp-content\/uploads\/2016\/08\/kosovo.png 1366w\" sizes=\"(max-width: 300px) 100vw, 300px\" \/><\/a><\/p>\n<blockquote class=\"twitter-tweet\" data-width=\"550\" data-dnt=\"true\">\n<p lang=\"und\" dir=\"ltr\">Majlinda ne finale!!!! <a href=\"https:\/\/twitter.com\/hashtag\/judorio2016?src=hash&amp;ref_src=twsrc%5Etfw\">#judorio2016<\/a> <a href=\"https:\/\/t.co\/ZVQ9qU2TpD\">pic.twitter.com\/ZVQ9qU2TpD<\/a><\/p>\n<p>&mdash; KosJudoFederation (@KosovaJudo) <a href=\"https:\/\/twitter.com\/KosovaJudo\/status\/762368802352992262?ref_src=twsrc%5Etfw\">August 7, 2016<\/a><\/p><\/blockquote>\n<p><script async src=\"https:\/\/platform.twitter.com\/widgets.js\" charset=\"utf-8\"><\/script><\/p>\n<blockquote class=\"twitter-tweet\" data-width=\"550\" data-dnt=\"true\">\n<p lang=\"en\" dir=\"ltr\">Majlinda Kelmendi won the first ever gold for <a href=\"https:\/\/twitter.com\/hashtag\/KOS?src=hash&amp;ref_src=twsrc%5Etfw\">#KOS<\/a> at the <a href=\"https:\/\/twitter.com\/hashtag\/Olympics?src=hash&amp;ref_src=twsrc%5Etfw\">#Olympics<\/a>  <a href=\"https:\/\/twitter.com\/hashtag\/Judo?src=hash&amp;ref_src=twsrc%5Etfw\">#Judo<\/a> <a href=\"https:\/\/t.co\/2RHzEzOqq2\">pic.twitter.com\/2RHzEzOqq2<\/a><\/p>\n<p>&mdash; The Olympic Games (@Olympics) <a href=\"https:\/\/twitter.com\/Olympics\/status\/762396323416903680?ref_src=twsrc%5Etfw\">August 7, 2016<\/a><\/p><\/blockquote>\n<p><script async src=\"https:\/\/platform.twitter.com\/widgets.js\" charset=\"utf-8\"><\/script><\/p>\n<p><script async src=\"https:\/\/pagead2.googlesyndication.com\/pagead\/js\/adsbygoogle.js\"><\/script><br \/>\n<ins class=\"adsbygoogle\" style=\"display: block; text-align: center;\" data-ad-layout=\"in-article\" data-ad-format=\"fluid\" data-ad-client=\"ca-pub-1136171134853753\" data-ad-slot=\"1904291222\"><\/ins><br \/>\n<script>\n     (adsbygoogle = window.adsbygoogle || []).push({});\n<\/script><\/p>\n<div class=\"featuredpost\">\n<div class=\"flow_hide\">\n<h2 class=\"posttitle bigposttitle\"><a title=\"Enlace Permanente a VIDEOCOLUMNA: Violencias de g\u00e9nero que vivimos las personas trans. Por Rebeca Garza\" href=\"http:\/\/www.eloriente.net\/home\/2016\/08\/17\/videocolumna-violencias-de-genero-que-vivimos-las-personas-trans-por-rebeca-garza\/\" rel=\"bookmark\">VIDEOCOLUMNA: Violencias de g\u00e9nero que vivimos las personas trans. Por Rebeca Garza<\/a><\/h2>\n<\/div>\n<p>eloriente.net 17 de agosto de 2016 OTRAS COLUMNAS, DAR CLICK SOBRE LA IMAGEN: Share\u2026<\/p>\n<p class=\"postmeta\"><span class=\"meta_date\">agosto 17, 201<\/span><\/p>\n<\/div>\n<div class=\"featuredpost\">\n<div class=\"flow_hide\">\n<p><a href=\"http:\/\/www.eloriente.net\/home\/2016\/08\/15\/videocolumna-una-politica-distinta-con-la-alianza-para-el-bienestar-social-por-karina-baron\/\" rel=\"bookmark\"><img decoding=\"async\" class=\"alignleft\" title=\"VIDEOCOLUMNA: Una pol\u00edtica distinta con la Alianza para el Bienestar Social. Por Karina Bar\u00f3n\" src=\"http:\/\/www.eloriente.net\/home\/wp-content\/themes\/city-desk\/timthumb.php?src=http%3A%2F%2Fwww.eloriente.net%2Fhome%2Fwp-content%2Fuploads%2F2016%2F08%2FKARINA-BARO%CC%81N-15-DE-AGOSTO-1-e1471298388556.jpg&amp;q=90&amp;w=70&amp;h=45&amp;zc=1\" alt=\"VIDEOCOLUMNA: Una pol\u00edtica distinta con la Alianza para el Bienestar Social. Por Karina Bar\u00f3n\" \/><\/a><\/p>\n<h2 class=\"posttitle \"><a title=\"Enlace Permanente a VIDEOCOLUMNA: Una pol\u00edtica distinta con la Alianza para el Bienestar Social. Por Karina Bar\u00f3n\" href=\"http:\/\/www.eloriente.net\/home\/2016\/08\/15\/videocolumna-una-politica-distinta-con-la-alianza-para-el-bienestar-social-por-karina-baron\/\" rel=\"bookmark\">VIDEOCOLUMNA: Una pol\u00edtica distinta con la Alianza para el Bienestar Social. Por Karina Bar\u00f3n<\/a><\/h2>\n<\/div>\n<p>eloriente.net 15 de agosto de 2016 OTRAS COLUMNAS, DAR CLICK SOBRE LA IMAGEN: Share\u2026<\/p>\n<p class=\"postmeta\"><span class=\"meta_date\">agosto 15, 2016<\/span><\/p>\n<\/div>\n<div class=\"featuredpost\">\n<div class=\"flow_hide\">\n<p><a href=\"http:\/\/www.eloriente.net\/home\/2016\/08\/15\/videocolumnas\/\" rel=\"bookmark\"><img decoding=\"async\" class=\"alignleft\" title=\"VIDEOCOLUMNAS: La direcci\u00f3n de orquesta. Por Carlos Sp\u00edndola\" src=\"http:\/\/www.eloriente.net\/home\/wp-content\/themes\/city-desk\/timthumb.php?src=http%3A%2F%2Fwww.eloriente.net%2Fhome%2Fwp-content%2Fuploads%2F2016%2F08%2FCARLOS-SPI%CC%81NDOLA-12-3-DE-AGOSTO-1-e1471284210953.jpg&amp;q=90&amp;w=70&amp;h=45&amp;zc=1\" alt=\"VIDEOCOLUMNAS: La direcci\u00f3n de orquesta. Por Carlos Sp\u00edndola\" \/><\/a><\/p>\n<h2 class=\"posttitle \"><a title=\"Enlace Permanente a VIDEOCOLUMNAS: La direcci\u00f3n de orquesta. Por Carlos Sp\u00edndola\" href=\"http:\/\/www.eloriente.net\/home\/2016\/08\/15\/videocolumnas\/\" rel=\"bookmark\">VIDEOCOLUMNAS: La direcci\u00f3n de orquesta. Por Carlos Sp\u00edndola<\/a><\/h2>\n<\/div>\n<p>15 de agosto de 2016 \u00a0 OTRAS COLUMNAS, DAR CLICK SOBRE LA IMAGEN: Share\u2026<\/p>\n<p class=\"postmeta\"><span class=\"meta_date\">agosto 15, 2016<\/span><\/p>\n<\/div>\n\n\t\t\t  <div \n\t\t\t  \tclass = \"fb-comments\" \n\t\t\t  \tdata-href = \"http:\/\/www.eloriente.net\/home\/2016\/08\/19\/la-inspiradora-historia-de-majinlinda-kelmendi\/\"\n\t\t\t  \tdata-numposts = \"10\"\n\t\t\t\tdata-colorscheme = \"dark\"\n\t\t\t\tdata-order-by = \"social\"\n\t\t\t\tdata-mobile=true>\n\t\t\t  <\/div>\n\t\t  <style>\n\t\t\t.fb_iframe_widget_fluid_desktop iframe {\n\t\t\t    width: 100% !important;\n\t\t\t}\n\t\t  <\/style>\n\t\t  ","protected":false},"excerpt":{"rendered":"<p>(www.eloriente.net; M\u00e9xico 19 de Agosto de 2016).- Por Jessica Lamadrid Conoce a Majlinda Kelmendi la hero\u00edna de Kosovo que le acaba de dar a su pa\u00eds la primera medalla ol\u00edmpica de la historia. El pa\u00eds de Kosovo es una zona de disputa para Serbia al considerarlo una parte de su territorio al sureste de Europa, [&hellip;]<\/p>\n","protected":false},"author":45,"featured_media":44555,"comment_status":"open","ping_status":"open","sticky":false,"template":"","format":"standard","meta":{"_jetpack_memberships_contains_paid_content":false,"footnotes":""},"categories":[2015,32,10],"tags":[6862,6859,6861,6860,6863],"class_list":["post-44554","post","type-post","status-publish","format-standard","has-post-thumbnail","hentry","category-viernesdefelicidad","category-entradas","category-lo-mas-reciente","tag-judo","tag-kosovo","tag-majilinda-kelmendi","tag-olimpiadas","tag-rio-de-janeiro-2016"],"jetpack_featured_media_url":"http:\/\/www.eloriente.net\/home\/wp-content\/uploads\/2016\/08\/kosovo.png","jetpack_sharing_enabled":true,"_links":{"self":[{"href":"http:\/\/www.eloriente.net\/home\/wp-json\/wp\/v2\/posts\/44554"}],"collection":[{"href":"http:\/\/www.eloriente.net\/home\/wp-json\/wp\/v2\/posts"}],"about":[{"href":"http:\/\/www.eloriente.net\/home\/wp-json\/wp\/v2\/types\/post"}],"author":[{"embeddable":true,"href":"http:\/\/www.eloriente.net\/home\/wp-json\/wp\/v2\/users\/45"}],"replies":[{"embeddable":true,"href":"http:\/\/www.eloriente.net\/home\/wp-json\/wp\/v2\/comments?post=44554"}],"version-history":[{"count":5,"href":"http:\/\/www.eloriente.net\/home\/wp-json\/wp\/v2\/posts\/44554\/revisions"}],"predecessor-version":[{"id":66266,"href":"http:\/\/www.eloriente.net\/home\/wp-json\/wp\/v2\/posts\/44554\/revisions\/66266"}],"wp:featuredmedia":[{"embeddable":true,"href":"http:\/\/www.eloriente.net\/home\/wp-json\/wp\/v2\/media\/44555"}],"wp:attachment":[{"href":"http:\/\/www.eloriente.net\/home\/wp-json\/wp\/v2\/media?parent=44554"}],"wp:term":[{"taxonomy":"category","embeddable":true,"href":"http:\/\/www.eloriente.net\/home\/wp-json\/wp\/v2\/categories?post=44554"},{"taxonomy":"post_tag","embeddable":true,"href":"http:\/\/www.eloriente.net\/home\/wp-json\/wp\/v2\/tags?post=44554"}],"curies":[{"name":"wp","href":"https:\/\/api.w.org\/{rel}","templated":true}]}}