{"id":44592,"date":"2016-08-19T15:10:25","date_gmt":"2016-08-19T21:10:25","guid":{"rendered":"http:\/\/www.eloriente.net\/home\/?p=44592"},"modified":"2016-08-20T18:57:14","modified_gmt":"2016-08-21T00:57:14","slug":"opinion-inicio-de-clases-ocurra-o-no-en-tiempo-quien-es-el-responsable","status":"publish","type":"post","link":"http:\/\/www.eloriente.net\/home\/2016\/08\/19\/opinion-inicio-de-clases-ocurra-o-no-en-tiempo-quien-es-el-responsable\/","title":{"rendered":"OPINI\u00d3N: Inicio de clases: ocurra o no en tiempo, \u00bfqui\u00e9n es el responsable?"},"content":{"rendered":"<p><script src=\"\/\/pagead2.googlesyndication.com\/pagead\/js\/adsbygoogle.js\" async=\"\"><\/script><!-- BANNER ELORIENTE INCRUSTADO NOTAS --> <ins class=\"adsbygoogle\" style=\"display: inline-block; width: 300px; height: 250px;\" data-ad-client=\"ca-pub-1136171134853753\" data-ad-slot=\"7974633627\"><\/ins><script>\/\/ <![CDATA[\n(adsbygoogle = window.adsbygoogle || []).push({});\n\/\/ ]]><\/script><\/p>\n<p>&nbsp;<\/p>\n<p>(www.eloriente.net, M\u00e9xico, a 19 de agosto de 2016, por Adri\u00e1n Ortiz Romero\/<a href=\"https:\/\/columnaalmargen.mx\/2016\/08\/19\/inicio-de-clases-ocurra-o-no-en-tiempo-quien-es-el-responsable\/\" target=\"_blank\">Al Margen<\/a>).-\u00a0El inicio del ciclo escolar est\u00e1 en vilo, y ante los hechos ni el gobierno federal, ni la Coordinadora, pueden decir que van ganando la batalla. Como ha ocurrido en otros a\u00f1os \u2014cuando los conflictos pol\u00edticos rebasan las garant\u00edas educativas\u2014 los padres de familia terminan \u00fanicamente comprometidos con sus hijos, y con sus problemas. El ciclo iniciar\u00e1, en efecto, pero lo har\u00e1 en medio de una crisis potencial en la que la ciudadan\u00eda deja de creer cada d\u00eda m\u00e1s en el gobierno, pero tambi\u00e9n en los otrora \u201cap\u00f3stoles de la docencia\u201d, y opta por la educaci\u00f3n privada.<\/p>\n<p>Esa es parte de la tragedia que vive esta entidad. Aqu\u00ed viven y act\u00faan los aparentes defensores de la educaci\u00f3n p\u00fablica y de los derechos de los trabajadores de la educaci\u00f3n. En Oaxaca, como reh\u00e9n, el gobierno federal se est\u00e1 jugando tambi\u00e9n su futuro como r\u00e9gimen y como grupo pol\u00edtico que, naturalmente, desea trascender al gobierno del presidente Enrique Pe\u00f1a Nieto. Oaxaca, por ende, termina siendo una especie de escenario de guerra en el que dos c\u00fapulas, la magisterial y la gubernamental, se est\u00e1n jugando su resto sin importarle demasiado los problemas que se generen a ras de tierra. Como en todo conflicto, pareciera que las v\u00edctimas colaterales son parte del da\u00f1o con el que el los grupos en pugna est\u00e1n dispuestos a cargar.<\/p>\n<p>El problema es que para las personas \u2014usted, el autor de este espacio, o cualquiera\u2014 el problema se traduce en la falta de opciones para la educaci\u00f3n de sus hijos. En esa l\u00f3gica, el problema real radica en que la crisis magisterial est\u00e1 orillando a muchas personas a realizar esfuerzos verdaderamente heroicos por pagar por instrucci\u00f3n privada para sus tutorados por la sencilla raz\u00f3n de que el gobierno y el magisterio no alcanzan a ver que los ni\u00f1os y j\u00f3venes son quienes deber\u00edan estar en el centro de la discusi\u00f3n, y no los intereses y mezquindades por los que tienen de rodillas a Oaxaca.<\/p>\n<p>Hoy las cifras simples son alarmantes. Pues del tradicional \u201cmill\u00f3n 300 mil\u201d alumnos que acud\u00edan a escuelas de gobierno a recibir instrucci\u00f3n preescolar, primaria, secundaria y preparatoria, hoy no quedan m\u00e1s de 800 mil. \u00bfA d\u00f3nde se fue ese medio mill\u00f3n de estudiantes?<\/p>\n<p>La realidad indica que esos estudiantes no desaparecieron, ni que la cifra disminuy\u00f3 por alg\u00fan efecto de contracci\u00f3n demogr\u00e1fica. M\u00e1s bien, todo apunta a que alrededor del 30 por ciento de la matr\u00edcula de las escuelas p\u00fablicas en Oaxaca se fue a instituciones privadas, para intentar suplir las deficiencias de esa educaci\u00f3n que imparte el Estado, con instrucci\u00f3n en centro escolares no perturbados por la intransigencia magisterial, o las torpezas gubernamentales.<\/p>\n<p><b>CONFLICTO DE C\u00daPULAS<\/b><\/p>\n<p>La Secci\u00f3n 22, la CNTE, y el gobierno federal se est\u00e1n jugando sus respectivos restos en este arranque del ciclo escolar. El Presidente de la Rep\u00fablica ha asegurado que conf\u00eda en que el ciclo escolar iniciar\u00e1. La autoridad educativa estatal insiste en que habr\u00e1 clases a partir del pr\u00f3ximo lunes, pero en realidad no tiene ninguna certeza ni siquiera de cu\u00e1ntas escuelas verdaderamente podr\u00edan abrir y arrancar el curso.<\/p>\n<p><script src=\"\/\/pagead2.googlesyndication.com\/pagead\/js\/adsbygoogle.js\" async=\"\"><\/script><!-- BANNER PEQUE\u00d1O PARA ENTRENOTAS EL ORIENTE --> <ins class=\"adsbygoogle\" style=\"display: inline-block; width: 468px; height: 60px;\" data-ad-client=\"ca-pub-1136171134853753\" data-ad-slot=\"4953536424\"><\/ins><script>\/\/ <![CDATA[\n(adsbygoogle = window.adsbygoogle || []).push({});\n\/\/ ]]><\/script><\/p>\n<p>En el fondo, uno y otro \u00e1mbito de gobierno terminar\u00e1n lav\u00e1ndose las manos frente al fracaso en el arranque del ciclo escolar, gracias a que toda la educaci\u00f3n privada \u2014boyante en Oaxaca\u2014 s\u00ed iniciar\u00e1 el curso normal, porque es ajena totalmente al conflicto y porque, de hecho, le beneficia que contin\u00fae este problema.<\/p>\n<p>No obstante, el problema de fondo contin\u00faa porque \u00e9ste radica en que las personas siguen batallando para encontrar educaci\u00f3n de calidad, justamente en la entidad donde se est\u00e1 dirimiendo la batalla nacional sobre ese tema. El gobierno federal, el de Oaxaca \u2014que ha asumido el papel de espectador frente al conflicto\u2014 y la Secci\u00f3n 22 est\u00e1n en realidad jugando un esquema de vencidas pol\u00edticas que esencialmente no pasa por el verdadero problema educativo.<\/p>\n<p>Todos juntos est\u00e1n dirimiendo su futuro como grupos de poder. El magisterio est\u00e1 aprovechando el momento pol\u00edtico que vive gracias al desastre de Nochixtl\u00e1n, que lo reposicion\u00f3 y le permiti\u00f3 el di\u00e1logo al m\u00e1s alto nivel, para poner nuevamente en marcha su vieja estrategia de presi\u00f3n-negociaci\u00f3n-presi\u00f3n para tratar de maximizar los efectos de sus exigencias; el gobierno federal est\u00e1 tratando de demostrar \u2014en un verdadero salto al vac\u00edo\u2014 que tiene capacidad de di\u00e1logo y de conseguir acuerdos sin tener que recurrir a la fuerza p\u00fablica.<\/p>\n<p>El problema es que consigui\u00f3 al peor interlocutor posible, porque la Coordinadora \u2014y m\u00e1s, teniendo como base de di\u00e1logo las experiencias y las t\u00e1cticas de la Secci\u00f3n 22 del SNTE\u2014 ha tenido la caracter\u00edstica de la intransigencia tan a flor de piel como es posible imaginarlo. Por eso, mientras la federaci\u00f3n se empe\u00f1a en decir que dialogar\u00e1 hasta el cansancio antes de tomar otras medidas, la Coordinadora anuncia que no habr\u00e1 inicio de ciclo escolar. Se juegan sus proyectos, sin que eso implique que les interesa la educaci\u00f3n en Oaxaca.<\/p>\n<p><b>CORRESPONSABLES<\/b><\/p>\n<p>Por eso el inicio del ciclo escolar representa un golpe m\u00e1s a la gente, que ni al gobierno ni al magisterio les interesa. Ellos est\u00e1n en su agenda pol\u00edtica, e involuntariamente est\u00e1n alimentando los problemas de la ciudadan\u00eda para conseguir una educaci\u00f3n medianamente de calidad. Hay un espacio vac\u00edo, ocupado \u00fanicamente por la mezquindad, en el que los problemas de unos no les interesa a los otros.<\/p>\n<p><a href=\"http:\/\/www.eloriente.net\/home\/wp-content\/uploads\/2016\/08\/regreso-a-clases-e1471640493604.jpg\" rel=\"attachment wp-att-44594\"><img loading=\"lazy\" decoding=\"async\" class=\"alignnone  wp-image-44594\" src=\"http:\/\/www.eloriente.net\/home\/wp-content\/uploads\/2016\/08\/regreso-a-clases-e1471640493604.jpg\" alt=\"regreso a clases\" width=\"601\" height=\"427\" srcset=\"http:\/\/www.eloriente.net\/home\/wp-content\/uploads\/2016\/08\/regreso-a-clases-e1471640493604.jpg 680w, http:\/\/www.eloriente.net\/home\/wp-content\/uploads\/2016\/08\/regreso-a-clases-e1471640493604-300x213.jpg 300w\" sizes=\"(max-width: 601px) 100vw, 601px\" \/><\/a><\/p>\n<p><strong>OTRAS ENTRADAS<\/strong><\/p>\n<div class=\"featuredpost\">\n<div class=\"flow_hide\">\n<h2 class=\"posttitle bigposttitle\"><a title=\"Enlace Permanente a #ViernesdeFelicidad  La inspiradora historia de Majlinda Kelmendi\" href=\"http:\/\/www.eloriente.net\/home\/2016\/08\/19\/la-inspiradora-historia-de-majinlinda-kelmendi\/\" rel=\"bookmark\">#ViernesdeFelicidad La inspiradora historia de Majlinda Kelmendi<\/a><\/h2>\n<\/div>\n<p>(www.eloriente.net; M\u00e9xico 19 de Agosto de 2016).- Por Jessica Lamadrid Conoce a Majlinda Kelmendi la hero\u00edna de Kosovo que le acaba de dar a su pa\u00eds la\u2026<\/p>\n<p class=\"postmeta\"><span class=\"meta_date\">agosto 19, 2016<\/span><\/p>\n<div class=\"toolbar-social\"><\/div>\n<\/div>\n<div class=\"featuredpost\">\n<div class=\"flow_hide\"><a href=\"http:\/\/www.eloriente.net\/home\/2016\/08\/18\/videocolumna-los-culpables-de-juan-villoro-por-alejandra-silva\/\" rel=\"bookmark\"><img decoding=\"async\" class=\"alignleft\" title=\"VIDEOCOLUMNA: Los Culpables de Juan Villoro. Por Alejandra Silva\" src=\"http:\/\/www.eloriente.net\/home\/wp-content\/themes\/city-desk\/timthumb.php?src=http%3A%2F%2Fwww.eloriente.net%2Fhome%2Fwp-content%2Fuploads%2F2016%2F08%2FALEJANDRA-SILVA-SORIANO-18-de-agosto-1-e1471562711625.jpg&amp;q=90&amp;w=70&amp;h=45&amp;zc=1\" alt=\"VIDEOCOLUMNA: Los Culpables de Juan Villoro. Por Alejandra Silva\" \/><\/a><\/p>\n<h2 class=\"posttitle \"><a title=\"Enlace Permanente a VIDEOCOLUMNA: Los Culpables de Juan Villoro. Por Alejandra Silva\" href=\"http:\/\/www.eloriente.net\/home\/2016\/08\/18\/videocolumna-los-culpables-de-juan-villoro-por-alejandra-silva\/\" rel=\"bookmark\">VIDEOCOLUMNA: Los Culpables de Juan Villoro. Por Alejandra Silva<\/a><\/h2>\n<\/div>\n<p>eloriente.net 18 de agosto de 2016 \u00a0 OTRAS COLUMNAS, DAR CLICK SOBRE LA IMAGEN: Share\u2026<\/p>\n<p class=\"postmeta\"><span class=\"meta_date\">agosto 18, 2016<\/span><\/p>\n<div class=\"toolbar-social\"><\/div>\n<\/div>\n<div class=\"featuredpost\">\n<div class=\"flow_hide\"><a href=\"http:\/\/www.eloriente.net\/home\/2016\/08\/18\/videocolumna-la-democracia-deliberativa-y-la-ciudadania-multicultural-por-rodolfo-moreno\/\" rel=\"bookmark\"><img decoding=\"async\" class=\"alignleft\" title=\"VIDEOCOLUMNA: La democracia deliberativa y la ciudadan\u00eda multicultural. Por Rodolfo Moreno\" src=\"http:\/\/www.eloriente.net\/home\/wp-content\/themes\/city-desk\/timthumb.php?src=http%3A%2F%2Fwww.eloriente.net%2Fhome%2Fwp-content%2Fuploads%2F2016%2F08%2FRODOLFO-MORENO-18-DE-AGOSTO-e1471547610741.jpg&amp;q=90&amp;w=70&amp;h=45&amp;zc=1\" alt=\"VIDEOCOLUMNA: La democracia deliberativa y la ciudadan\u00eda multicultural. Por Rodolfo Moreno\" \/><\/a><\/p>\n<h2 class=\"posttitle \"><a title=\"Enlace Permanente a VIDEOCOLUMNA: La democracia deliberativa y la ciudadan\u00eda multicultural. Por Rodolfo Moreno\" href=\"http:\/\/www.eloriente.net\/home\/2016\/08\/18\/videocolumna-la-democracia-deliberativa-y-la-ciudadania-multicultural-por-rodolfo-moreno\/\" rel=\"bookmark\">VIDEOCOLUMNA: La democracia deliberativa y la ciudadan\u00eda multicultural. Por Rodolfo Moreno<\/a><\/h2>\n<\/div>\n<p>eloriente.net 18 de agosto de 2016 OTRAS COLUMNAS, DAR CLICK SOBRE LA IMAGEN: Share\u2026<\/p>\n<p class=\"postmeta\"><span class=\"meta_date\">agosto 18, 2016<\/span><\/p>\n<\/div>\n\n\t\t\t  <div \n\t\t\t  \tclass = \"fb-comments\" \n\t\t\t  \tdata-href = \"http:\/\/www.eloriente.net\/home\/2016\/08\/19\/opinion-inicio-de-clases-ocurra-o-no-en-tiempo-quien-es-el-responsable\/\"\n\t\t\t  \tdata-numposts = \"10\"\n\t\t\t\tdata-colorscheme = \"dark\"\n\t\t\t\tdata-order-by = \"social\"\n\t\t\t\tdata-mobile=true>\n\t\t\t  <\/div>\n\t\t  <style>\n\t\t\t.fb_iframe_widget_fluid_desktop iframe {\n\t\t\t    width: 100% !important;\n\t\t\t}\n\t\t  <\/style>\n\t\t  ","protected":false},"excerpt":{"rendered":"<p>&nbsp; (www.eloriente.net, M\u00e9xico, a 19 de agosto de 2016, por Adri\u00e1n Ortiz Romero\/Al Margen).-\u00a0El inicio del ciclo escolar est\u00e1 en vilo, y ante los hechos ni el gobierno federal, ni la Coordinadora, pueden decir que van ganando la batalla. Como ha ocurrido en otros a\u00f1os \u2014cuando los conflictos pol\u00edticos rebasan las garant\u00edas educativas\u2014 los padres [&hellip;]<\/p>\n","protected":false},"author":2,"featured_media":44594,"comment_status":"open","ping_status":"open","sticky":false,"template":"","format":"standard","meta":{"_jetpack_memberships_contains_paid_content":false,"footnotes":""},"categories":[38,11,18,32,63,464,21],"tags":[1717,4431,545,879,73,197,6872],"class_list":["post-44592","post","type-post","status-publish","format-standard","has-post-thumbnail","hentry","category-adrian-ortiz-romero","category-colaboradores","category-educacion-y-cultura","category-entradas","category-estados","category-oaxaca-estados","category-politica-y-gobierno","tag-adrian-ortiz-romero-2","tag-al-margen","tag-cnte","tag-columna","tag-oaxaca","tag-opinion","tag-regreso-a-clases"],"jetpack_featured_media_url":"http:\/\/www.eloriente.net\/home\/wp-content\/uploads\/2016\/08\/regreso-a-clases-e1471640493604.jpg","jetpack_sharing_enabled":true,"_links":{"self":[{"href":"http:\/\/www.eloriente.net\/home\/wp-json\/wp\/v2\/posts\/44592"}],"collection":[{"href":"http:\/\/www.eloriente.net\/home\/wp-json\/wp\/v2\/posts"}],"about":[{"href":"http:\/\/www.eloriente.net\/home\/wp-json\/wp\/v2\/types\/post"}],"author":[{"embeddable":true,"href":"http:\/\/www.eloriente.net\/home\/wp-json\/wp\/v2\/users\/2"}],"replies":[{"embeddable":true,"href":"http:\/\/www.eloriente.net\/home\/wp-json\/wp\/v2\/comments?post=44592"}],"version-history":[{"count":1,"href":"http:\/\/www.eloriente.net\/home\/wp-json\/wp\/v2\/posts\/44592\/revisions"}],"predecessor-version":[{"id":44595,"href":"http:\/\/www.eloriente.net\/home\/wp-json\/wp\/v2\/posts\/44592\/revisions\/44595"}],"wp:featuredmedia":[{"embeddable":true,"href":"http:\/\/www.eloriente.net\/home\/wp-json\/wp\/v2\/media\/44594"}],"wp:attachment":[{"href":"http:\/\/www.eloriente.net\/home\/wp-json\/wp\/v2\/media?parent=44592"}],"wp:term":[{"taxonomy":"category","embeddable":true,"href":"http:\/\/www.eloriente.net\/home\/wp-json\/wp\/v2\/categories?post=44592"},{"taxonomy":"post_tag","embeddable":true,"href":"http:\/\/www.eloriente.net\/home\/wp-json\/wp\/v2\/tags?post=44592"}],"curies":[{"name":"wp","href":"https:\/\/api.w.org\/{rel}","templated":true}]}}