{"id":44596,"date":"2016-08-19T16:46:38","date_gmt":"2016-08-19T22:46:38","guid":{"rendered":"http:\/\/www.eloriente.net\/home\/?p=44596"},"modified":"2016-08-19T16:46:38","modified_gmt":"2016-08-19T22:46:38","slug":"oaxaca-denunciar-delitos-una-responsabilidad-ciudadana","status":"publish","type":"post","link":"http:\/\/www.eloriente.net\/home\/2016\/08\/19\/oaxaca-denunciar-delitos-una-responsabilidad-ciudadana\/","title":{"rendered":"OAXACA: Denunciar delitos una responsabilidad ciudadana"},"content":{"rendered":"<p><script src=\"\/\/pagead2.googlesyndication.com\/pagead\/js\/adsbygoogle.js\" async=\"\"><\/script><!-- BANNER ELORIENTE INCRUSTADO NOTAS --> <ins class=\"adsbygoogle\" style=\"display: inline-block; width: 300px; height: 250px;\" data-ad-client=\"ca-pub-1136171134853753\" data-ad-slot=\"7974633627\"><\/ins><script>\/\/ <![CDATA[\n(adsbygoogle = window.adsbygoogle || []).push({});\n\/\/ ]]><\/script><\/p>\n<p>&nbsp;<\/p>\n<p>eloriente.net\/TSJ<\/p>\n<p>19 de agosto de 2016<\/p>\n<p><span style=\"font-weight: 400;\">Es necesario generar una cultura de la denuncia y concientizar a la poblaci\u00f3n a acudir a las instituciones de procuraci\u00f3n de justicia ante <\/span><span style=\"font-weight: 400;\">cualquier hecho delictivo del que haya sido objeto, ya que solo de esta forma se podr\u00e1 combatir la impunidad e investigar los delitos, afirm\u00f3 el juez del Poder Judicial del Estado, Jorge L\u00f3pez Reyes, especializado en el Sistema de Justicia Penal Acusatorio (SJPA).<\/span><\/p>\n<p>No puede haber un proceso eficaz si como ciudadanos no denunciamos los hechos por m\u00ednimos que nos parezcan, destac\u00f3 el jurista quien pertenece a la primera generaci\u00f3n de juzgadores del nuevo modelo de justicia y se ha desempe\u00f1ado en las regiones del Istmo, la Mixteca, la Costa y ahora forma parte del Circuito Judicial de Valles Centrales que dentro de su \u00e1mbito de competencia atiende los distritos judiciales de Ejutla, Etla, Ocotl\u00e1n, Tlacolula, Zaachila, Zimatl\u00e1n y el Centro.<\/p>\n<p>Indic\u00f3 que en el Sistema de Justicia Penal Acusatorio, los operadores est\u00e1n obligados a ejercer su funci\u00f3n con \u00e9tica, objetividad y lealtad para recuperar la confianza de las personas en las instituciones de seguridad, procuraci\u00f3n y administraci\u00f3n de justicia. \u201cEn este cambio estamos involucrados todos y es necesario eliminar muchos vicios que gener\u00f3 el sistema anterior\u201d, apunt\u00f3.<\/p>\n<p><script src=\"\/\/pagead2.googlesyndication.com\/pagead\/js\/adsbygoogle.js\" async=\"\"><\/script><!-- BANNER PEQUE\u00d1O PARA ENTRENOTAS EL ORIENTE --> <ins class=\"adsbygoogle\" style=\"display: inline-block; width: 468px; height: 60px;\" data-ad-client=\"ca-pub-1136171134853753\" data-ad-slot=\"4953536424\"><\/ins><script>\/\/ <![CDATA[\n(adsbygoogle = window.adsbygoogle || []).push({});\n\/\/ ]]><\/script><\/p>\n<p><span style=\"font-weight: 400;\">El juez rechaz\u00f3 que el modelo basado en los juicios orales beneficie \u00fanicamente a las personas acusadas de cometer un delito; por el contrario, evita la fabricaci\u00f3n de\u00a0<\/span><span style=\"font-weight: 400;\">culpables pues prev\u00e9 la presunci\u00f3n de inocencia para el imputado, la garant\u00eda de los derechos fundamentales de ambas partes involucradas en el proceso y otorga a la v\u00edctima la reparaci\u00f3n del da\u00f1o. <\/span><\/p>\n<p>Adem\u00e1s, este sistema de audiencias p\u00fablicas da la oportunidad a cualquier ciudadano de acudir a presenciarlas para que corrobore si se est\u00e1 respetando el debido proceso, explic\u00f3.<\/p>\n<p>Por otra parte, el juez L\u00f3pez Reyes resalt\u00f3 que algunos de los par\u00e1metros establecidos para evaluar el funcionamiento del Sistema de Justicia Penal Acusatorio son el tiempo que dura un proceso, el respeto a los derechos humanos de la v\u00edctima y el imputado, la designaci\u00f3n de abogado defensor para este \u00faltimo y la intervenci\u00f3n de un int\u00e9rprete-traductor en el caso de las personas ind\u00edgenas.<\/p>\n<p><span style=\"font-weight: 400;\"><span style=\"font-weight: 400;\">Cabe se\u00f1alar que con la entrada en vigor del C\u00f3digo Nacional de Procedimientos Penales a partir del 18 de junio de 2016 en los Valles Centrales de Oaxaca, cambi\u00f3 totalmente el paradigma en el \u00e1mbito de procuraci\u00f3n e impartici\u00f3n de justicia, as\u00ed como en la estructura organizacional de las instituciones operadoras del nuevo modelo, por lo cual el Poder Judicial del Estado cre\u00f3 un Circuito Judicial que integran actualmente 16 jueces especializados en el nuevo modelo.<\/span><\/span><\/p>\n<p><a href=\"http:\/\/www.eloriente.net\/home\/wp-content\/uploads\/2016\/08\/TSJO-19-DE-AGOSTO.jpg\" rel=\"attachment wp-att-44597\"><img loading=\"lazy\" decoding=\"async\" class=\"alignnone  wp-image-44597\" src=\"http:\/\/www.eloriente.net\/home\/wp-content\/uploads\/2016\/08\/TSJO-19-DE-AGOSTO.jpg\" alt=\"TSJO 19 DE AGOSTO\" width=\"601\" height=\"338\" srcset=\"http:\/\/www.eloriente.net\/home\/wp-content\/uploads\/2016\/08\/TSJO-19-DE-AGOSTO.jpg 3264w, http:\/\/www.eloriente.net\/home\/wp-content\/uploads\/2016\/08\/TSJO-19-DE-AGOSTO-300x169.jpg 300w, http:\/\/www.eloriente.net\/home\/wp-content\/uploads\/2016\/08\/TSJO-19-DE-AGOSTO-768x432.jpg 768w, http:\/\/www.eloriente.net\/home\/wp-content\/uploads\/2016\/08\/TSJO-19-DE-AGOSTO-1024x576.jpg 1024w\" sizes=\"(max-width: 601px) 100vw, 601px\" \/><\/a><\/p>\n<p><strong>OTRAS ENTRADAS<\/strong><\/p>\n<div class=\"featuredpost\">\n<div class=\"flow_hide\">\n<h2 class=\"posttitle bigposttitle\"><a title=\"Enlace Permanente a #ViernesdeFelicidad  La inspiradora historia de Majlinda Kelmendi\" href=\"http:\/\/www.eloriente.net\/home\/2016\/08\/19\/la-inspiradora-historia-de-majinlinda-kelmendi\/\" rel=\"bookmark\">#ViernesdeFelicidad La inspiradora historia de Majlinda Kelmendi<\/a><\/h2>\n<\/div>\n<p>(www.eloriente.net; M\u00e9xico 19 de Agosto de 2016).- Por Jessica Lamadrid Conoce a Majlinda Kelmendi la hero\u00edna de Kosovo que le acaba de dar a su pa\u00eds la\u2026<\/p>\n<p class=\"postmeta\"><span class=\"meta_date\">agosto 19, 2016<\/span><\/p>\n<div class=\"toolbar-social\"><\/div>\n<\/div>\n<div class=\"featuredpost\">\n<div class=\"flow_hide\"><a href=\"http:\/\/www.eloriente.net\/home\/2016\/08\/18\/videocolumna-los-culpables-de-juan-villoro-por-alejandra-silva\/\" rel=\"bookmark\"><img decoding=\"async\" class=\"alignleft\" title=\"VIDEOCOLUMNA: Los Culpables de Juan Villoro. Por Alejandra Silva\" src=\"http:\/\/www.eloriente.net\/home\/wp-content\/themes\/city-desk\/timthumb.php?src=http%3A%2F%2Fwww.eloriente.net%2Fhome%2Fwp-content%2Fuploads%2F2016%2F08%2FALEJANDRA-SILVA-SORIANO-18-de-agosto-1-e1471562711625.jpg&amp;q=90&amp;w=70&amp;h=45&amp;zc=1\" alt=\"VIDEOCOLUMNA: Los Culpables de Juan Villoro. Por Alejandra Silva\" \/><\/a><\/p>\n<h2 class=\"posttitle \"><a title=\"Enlace Permanente a VIDEOCOLUMNA: Los Culpables de Juan Villoro. Por Alejandra Silva\" href=\"http:\/\/www.eloriente.net\/home\/2016\/08\/18\/videocolumna-los-culpables-de-juan-villoro-por-alejandra-silva\/\" rel=\"bookmark\">VIDEOCOLUMNA: Los Culpables de Juan Villoro. Por Alejandra Silva<\/a><\/h2>\n<\/div>\n<p>eloriente.net 18 de agosto de 2016 \u00a0 OTRAS COLUMNAS, DAR CLICK SOBRE LA IMAGEN: Share\u2026<\/p>\n<p class=\"postmeta\"><span class=\"meta_date\">agosto 18, 2016<\/span><\/p>\n<div class=\"toolbar-social\"><\/div>\n<\/div>\n<div class=\"featuredpost\">\n<div class=\"flow_hide\"><a href=\"http:\/\/www.eloriente.net\/home\/2016\/08\/18\/videocolumna-la-democracia-deliberativa-y-la-ciudadania-multicultural-por-rodolfo-moreno\/\" rel=\"bookmark\"><img decoding=\"async\" class=\"alignleft\" title=\"VIDEOCOLUMNA: La democracia deliberativa y la ciudadan\u00eda multicultural. Por Rodolfo Moreno\" src=\"http:\/\/www.eloriente.net\/home\/wp-content\/themes\/city-desk\/timthumb.php?src=http%3A%2F%2Fwww.eloriente.net%2Fhome%2Fwp-content%2Fuploads%2F2016%2F08%2FRODOLFO-MORENO-18-DE-AGOSTO-e1471547610741.jpg&amp;q=90&amp;w=70&amp;h=45&amp;zc=1\" alt=\"VIDEOCOLUMNA: La democracia deliberativa y la ciudadan\u00eda multicultural. Por Rodolfo Moreno\" \/><\/a><\/p>\n<h2 class=\"posttitle \"><a title=\"Enlace Permanente a VIDEOCOLUMNA: La democracia deliberativa y la ciudadan\u00eda multicultural. Por Rodolfo Moreno\" href=\"http:\/\/www.eloriente.net\/home\/2016\/08\/18\/videocolumna-la-democracia-deliberativa-y-la-ciudadania-multicultural-por-rodolfo-moreno\/\" rel=\"bookmark\">VIDEOCOLUMNA: La democracia deliberativa y la ciudadan\u00eda multicultural. Por Rodolfo Moreno<\/a><\/h2>\n<\/div>\n<p>eloriente.net 18 de agosto de 2016 OTRAS COLUMNAS, DAR CLICK SOBRE LA IMAGEN: Share\u2026<\/p>\n<p class=\"postmeta\"><span class=\"meta_date\">agosto 18, 2016<\/span><\/p>\n<\/div>\n\n\t\t\t  <div \n\t\t\t  \tclass = \"fb-comments\" \n\t\t\t  \tdata-href = \"http:\/\/www.eloriente.net\/home\/2016\/08\/19\/oaxaca-denunciar-delitos-una-responsabilidad-ciudadana\/\"\n\t\t\t  \tdata-numposts = \"10\"\n\t\t\t\tdata-colorscheme = \"dark\"\n\t\t\t\tdata-order-by = \"social\"\n\t\t\t\tdata-mobile=true>\n\t\t\t  <\/div>\n\t\t  <style>\n\t\t\t.fb_iframe_widget_fluid_desktop iframe {\n\t\t\t    width: 100% !important;\n\t\t\t}\n\t\t  <\/style>\n\t\t  ","protected":false},"excerpt":{"rendered":"<p>&nbsp; eloriente.net\/TSJ 19 de agosto de 2016 Es necesario generar una cultura de la denuncia y concientizar a la poblaci\u00f3n a acudir a las instituciones de procuraci\u00f3n de justicia ante cualquier hecho delictivo del que haya sido objeto, ya que solo de esta forma se podr\u00e1 combatir la impunidad e investigar los delitos, afirm\u00f3 el [&hellip;]<\/p>\n","protected":false},"author":44,"featured_media":44597,"comment_status":"open","ping_status":"open","sticky":false,"template":"","format":"standard","meta":{"_jetpack_memberships_contains_paid_content":false,"footnotes":""},"categories":[1588,91,32,63,464],"tags":[4428,4195,697,6873,2318,225,4134],"class_list":["post-44596","post","type-post","status-publish","format-standard","has-post-thumbnail","hentry","category-comunicados-y-boletines","category-congreso-y-justicia","category-entradas","category-estados","category-oaxaca-estados","tag-boletin","tag-comunicado","tag-delitos","tag-denuncia-ciudadana","tag-tribunal-superior-de-justicia","tag-tsj","tag-tsjo"],"jetpack_featured_media_url":"http:\/\/www.eloriente.net\/home\/wp-content\/uploads\/2016\/08\/TSJO-19-DE-AGOSTO.jpg","jetpack_sharing_enabled":true,"_links":{"self":[{"href":"http:\/\/www.eloriente.net\/home\/wp-json\/wp\/v2\/posts\/44596"}],"collection":[{"href":"http:\/\/www.eloriente.net\/home\/wp-json\/wp\/v2\/posts"}],"about":[{"href":"http:\/\/www.eloriente.net\/home\/wp-json\/wp\/v2\/types\/post"}],"author":[{"embeddable":true,"href":"http:\/\/www.eloriente.net\/home\/wp-json\/wp\/v2\/users\/44"}],"replies":[{"embeddable":true,"href":"http:\/\/www.eloriente.net\/home\/wp-json\/wp\/v2\/comments?post=44596"}],"version-history":[{"count":1,"href":"http:\/\/www.eloriente.net\/home\/wp-json\/wp\/v2\/posts\/44596\/revisions"}],"predecessor-version":[{"id":44598,"href":"http:\/\/www.eloriente.net\/home\/wp-json\/wp\/v2\/posts\/44596\/revisions\/44598"}],"wp:featuredmedia":[{"embeddable":true,"href":"http:\/\/www.eloriente.net\/home\/wp-json\/wp\/v2\/media\/44597"}],"wp:attachment":[{"href":"http:\/\/www.eloriente.net\/home\/wp-json\/wp\/v2\/media?parent=44596"}],"wp:term":[{"taxonomy":"category","embeddable":true,"href":"http:\/\/www.eloriente.net\/home\/wp-json\/wp\/v2\/categories?post=44596"},{"taxonomy":"post_tag","embeddable":true,"href":"http:\/\/www.eloriente.net\/home\/wp-json\/wp\/v2\/tags?post=44596"}],"curies":[{"name":"wp","href":"https:\/\/api.w.org\/{rel}","templated":true}]}}