{"id":44735,"date":"2016-09-01T13:53:13","date_gmt":"2016-09-01T19:53:13","guid":{"rendered":"http:\/\/www.eloriente.net\/home\/?p=44735"},"modified":"2016-09-02T08:55:53","modified_gmt":"2016-09-02T14:55:53","slug":"cultura-reporte-arete-digital-sobre-gestion-cultural-septiembre-2016","status":"publish","type":"post","link":"http:\/\/www.eloriente.net\/home\/2016\/09\/01\/cultura-reporte-arete-digital-sobre-gestion-cultural-septiembre-2016\/","title":{"rendered":"CULTURA: Reporte Aret\u00e9 Digital sobre gesti\u00f3n cultural, septiembre 2016"},"content":{"rendered":"<p><script src=\"\/\/pagead2.googlesyndication.com\/pagead\/js\/adsbygoogle.js\" async=\"\"><\/script><!-- BANNER ELORIENTE INCRUSTADO NOTAS --> <ins class=\"adsbygoogle\" style=\"display: inline-block; width: 300px; height: 250px;\" data-ad-client=\"ca-pub-1136171134853753\" data-ad-slot=\"7974633627\"><\/ins><script>\/\/ <![CDATA[\n(adsbygoogle = window.adsbygoogle || []).push({});\n\/\/ ]]><\/script><\/p>\n<p>&nbsp;<\/p>\n<p>(www.eloriente.net, M\u00e9xico, 02 de agosto de 2016).- La Asociaci\u00f3n Espa\u00f1ola de Gestores de Patrimonio Cultural (AEGPC) public\u00f3 su reporte mensual sobre gesti\u00f3n cultural, Aret\u00e9 Digital, noviembre 2015, en el cual muestra una s\u00edntesis sobre las actividades, convocatorias, cursos, jornadas, congresos, seminarios y noticias de la instituci\u00f3n.<\/p>\n<p>En esta edici\u00f3n destaca primeramente el\u00a0<strong>II Foro de la Cultura, Identidades, en la frontera<\/strong>, el cual se llevar\u00e1 a cabo el 4, 5 y 6 de noviembre de 2016. Fil\u00f3sofos, antrop\u00f3logos, escritores, pedagogos, arquitectos, artistas y dise\u00f1adores de \u00e1mbito internacional, entre otros profesionales, reflexionar\u00e1n del 4 al 6 de noviembre en Burgos sobre los principales retos a los que se enfrenta la sociedad en el siglo XXI.<\/p>\n<p>Por otro lado encontramos la<strong> Bienal AR&amp;PA\u00a0<\/strong>que se realizar\u00e1 del 10 al 13 de noviembre de 2016. Actualmente est\u00e1 abierto el plazo para enviar candidaturas al Premio AR&amp;PA, al Premio AR&amp;PA Joven y para participar como Voluntario AR&amp;PA.<\/p>\n<p>Cabe recordar que el Bolet\u00edn Aret\u00e9 es producido, dise\u00f1ado y distribuido por la Asociaci\u00f3n Espa\u00f1ola de Gestores del Patrimonio Cultural y contiene noticias, convocatorias, cursos y otro contenido de inter\u00e9s para el sector.<\/p>\n<p><script src=\"\/\/pagead2.googlesyndication.com\/pagead\/js\/adsbygoogle.js\" async=\"\"><\/script><!-- BANNER PEQUE\u00d1O PARA ENTRENOTAS EL ORIENTE --> <ins class=\"adsbygoogle\" style=\"display: inline-block; width: 468px; height: 60px;\" data-ad-client=\"ca-pub-1136171134853753\" data-ad-slot=\"4953536424\"><\/ins><script>\/\/ <![CDATA[\n(adsbygoogle = window.adsbygoogle || []).push({});\n\/\/ ]]><\/script><\/p>\n<p>A continuaci\u00f3n el visor oficial y, abajo, otros boletines compartidos:<\/p>\n<p><iframe loading=\"lazy\" src=\"\/\/e.issuu.com\/embed.html#0\/38435833\" width=\"525\" height=\"371\" frameborder=\"0\" allowfullscreen=\"allowfullscreen\"><\/iframe><\/p>\n<p><a href=\"http:\/\/www.eloriente.net\/home\/wp-content\/uploads\/2016\/09\/4024751175_6a87b82652_o.jpg\" rel=\"attachment wp-att-44736\"><img loading=\"lazy\" decoding=\"async\" class=\"alignnone wp-image-44736\" src=\"http:\/\/www.eloriente.net\/home\/wp-content\/uploads\/2016\/09\/4024751175_6a87b82652_o.jpg\" alt=\"4024751175_6a87b82652_o\" width=\"602\" height=\"400\" srcset=\"http:\/\/www.eloriente.net\/home\/wp-content\/uploads\/2016\/09\/4024751175_6a87b82652_o.jpg 1280w, http:\/\/www.eloriente.net\/home\/wp-content\/uploads\/2016\/09\/4024751175_6a87b82652_o-300x199.jpg 300w, http:\/\/www.eloriente.net\/home\/wp-content\/uploads\/2016\/09\/4024751175_6a87b82652_o-768x511.jpg 768w, http:\/\/www.eloriente.net\/home\/wp-content\/uploads\/2016\/09\/4024751175_6a87b82652_o-1024x681.jpg 1024w\" sizes=\"(max-width: 602px) 100vw, 602px\" \/><\/a><\/p>\n<p><strong>OTRAS ENTRADAS<\/strong><\/p>\n<div id=\"post-44322\" class=\"entry loop-default border_bottom_30 post-44322 post type-post status-publish format-standard has-post-thumbnail hentry category-agenda category-comunicados-y-boletines category-educacion-y-cultura category-entradas category-lo-mas-reciente category-principal tag-agenda-2 tag-arete tag-cultura tag-espana tag-gestion-cultural tag-valencia\">\n<h2 class=\"entry_title\"><a title=\"Enlace Permanente a CULTURA: Reporte Aret\u00e9 Digital sobre gesti\u00f3n cultural, agosto 2016\" href=\"http:\/\/www.eloriente.net\/home\/2016\/08\/02\/cultura-reporte-arete-digital-sobre-gestion-cultural-agosto-2016\/\" rel=\"bookmark\">CULTURA: Reporte Aret\u00e9 Digital sobre gesti\u00f3n cultural, agosto 2016<\/a><\/h2>\n<p><a href=\"http:\/\/www.eloriente.net\/home\/2016\/08\/02\/cultura-reporte-arete-digital-sobre-gestion-cultural-agosto-2016\/\" rel=\"bookmark\"><img decoding=\"async\" class=\"alignleft\" title=\"CULTURA: Reporte Aret\u00e9 Digital sobre gesti\u00f3n cultural, agosto 2016\" src=\"http:\/\/www.eloriente.net\/home\/wp-content\/themes\/city-desk\/timthumb.php?src=http%3A%2F%2Fwww.eloriente.net%2Fhome%2Fwp-content%2Fuploads%2F2016%2F08%2FValencia_-_Estacio_del_Nord_01.jpg&amp;q=90&amp;w=160&amp;h=106&amp;zc=1\" alt=\"CULTURA: Reporte Aret\u00e9 Digital sobre gesti\u00f3n cultural, agosto 2016\" \/><\/a>\u00a0 (www.eloriente.net, M\u00e9xico, 02 de agosto de 2016).- La Asociaci\u00f3n Espa\u00f1ola de Gestores de Patrimonio Cultural (AEGPC) public\u00f3 su reporte mensual sobre gesti\u00f3n cultural, Aret\u00e9 Digital, noviembre 2015, en el cual muestra una s\u00edntesis sobre las actividades, convocatorias, cursos, jornadas, congresos, seminarios y noticias de la instituci\u00f3n. En esta edici\u00f3n destaca primeramente\u00a0las XVIII Jornadas Internacionales [\u2026]<\/p>\n<p class=\"postmeta\"><span class=\"meta_date\">agosto 2, 2016<\/span><\/p>\n<\/div>\n<div id=\"post-43707\" class=\"entry loop-default border_bottom_30 post-43707 post type-post status-publish format-standard has-post-thumbnail hentry category-comunicados-y-boletines category-educacion-y-cultura category-entradas category-lo-mas-reciente category-mexico-y-el-mundo tag-arete-digital tag-conferencia-internacional-de-economia-de-la-cultura tag-cultura tag-gestion-cultural tag-valladolid\">\n<h2 class=\"entry_title\"><a title=\"Enlace Permanente a CULTURA: Reporte Aret\u00e9 Digital sobre gesti\u00f3n cultural, junio 2016\" href=\"http:\/\/www.eloriente.net\/home\/2016\/06\/02\/cultura-reporte-arete-digital-sobre-gestion-cultural-junio-2016\/\" rel=\"bookmark\">CULTURA: Reporte Aret\u00e9 Digital sobre gesti\u00f3n cultural, junio 2016<\/a><\/h2>\n<p><a href=\"http:\/\/www.eloriente.net\/home\/2016\/06\/02\/cultura-reporte-arete-digital-sobre-gestion-cultural-junio-2016\/\" rel=\"bookmark\"><img decoding=\"async\" class=\"alignleft\" title=\"CULTURA: Reporte Aret\u00e9 Digital sobre gesti\u00f3n cultural, junio 2016\" src=\"http:\/\/www.eloriente.net\/home\/wp-content\/themes\/city-desk\/timthumb.php?src=http%3A%2F%2Fwww.eloriente.net%2Fhome%2Fwp-content%2Fuploads%2F2016%2F06%2Fvalladolid.jpg&amp;q=90&amp;w=160&amp;h=106&amp;zc=1\" alt=\"CULTURA: Reporte Aret\u00e9 Digital sobre gesti\u00f3n cultural, junio 2016\" \/><\/a>\u00a0 (www.eloriente.net, M\u00e9xico, 02 de junio de 2016).- La Asociaci\u00f3n Espa\u00f1ola de Gestores de Patrimonio Cultural (AEGPC) public\u00f3 su reporte mensual sobre gesti\u00f3n cultural, Aret\u00e9 Digital, noviembre 2015, en el cual muestra una s\u00edntesis sobre las actividades, convocatorias, cursos, jornadas, congresos, seminarios y noticias de la instituci\u00f3n. En esta edici\u00f3n destaca primeramente el III Congreso [\u2026]<\/p>\n<p class=\"postmeta\"><span class=\"meta_date\">junio 2, 2016<\/span><\/p>\n<\/div>\n<div id=\"post-43407\" class=\"entry loop-default border_bottom_30 post-43407 post type-post status-publish format-standard has-post-thumbnail hentry category-comunicados-y-boletines category-educacion-y-cultura category-entradas category-lo-mas-reciente category-mexico-y-el-mundo tag-40-aniversario tag-arete-digital tag-cultura tag-el-greco tag-espana tag-festival-de-musica tag-gestion-cultural tag-hispania-nostra tag-mayo-2016 tag-toledo\">\n<h2 class=\"entry_title\"><a title=\"Enlace Permanente a CULTURA: Reporte Aret\u00e9 Digital sobre gesti\u00f3n cultural, mayo 2016\" href=\"http:\/\/www.eloriente.net\/home\/2016\/05\/03\/cultura-reporte-arete-digital-sobre-gestion-cultural-mayo-2016\/\" rel=\"bookmark\">CULTURA: Reporte Aret\u00e9 Digital sobre gesti\u00f3n cultural, mayo 2016<\/a><\/h2>\n<p><a href=\"http:\/\/www.eloriente.net\/home\/2016\/05\/03\/cultura-reporte-arete-digital-sobre-gestion-cultural-mayo-2016\/\" rel=\"bookmark\"><img decoding=\"async\" class=\"alignleft\" title=\"CULTURA: Reporte Aret\u00e9 Digital sobre gesti\u00f3n cultural, mayo 2016\" src=\"http:\/\/www.eloriente.net\/home\/wp-content\/themes\/city-desk\/timthumb.php?src=http%3A%2F%2Fwww.eloriente.net%2Fhome%2Fwp-content%2Fuploads%2F2016%2F05%2FCatedral-de-toledo-por-%40jorgeip.jpg&amp;q=90&amp;w=160&amp;h=106&amp;zc=1\" alt=\"CULTURA: Reporte Aret\u00e9 Digital sobre gesti\u00f3n cultural, mayo 2016\" \/><\/a>\u00a0 (www.eloriente.net, M\u00e9xico, 03 de mayo de 2016).-\u00a0La Asociaci\u00f3n Espa\u00f1ola de Gestores de Patrimonio Cultural (AEGPC) public\u00f3 su reporte mensual sobre gesti\u00f3n cultural, Aret\u00e9 Digital, noviembre 2015, en el cual muestra una s\u00edntesis sobre las actividades, convocatorias, cursos, jornadas, congresos, seminarios y noticias de la instituci\u00f3n. En esta edici\u00f3n destaca primeramente\u00a0el 40 Aniversario de Hispania [\u2026]<\/p>\n<p class=\"postmeta\"><span class=\"meta_date\">mayo 3, 2016<\/span><\/p>\n<\/div>\n\n\t\t\t  <div \n\t\t\t  \tclass = \"fb-comments\" \n\t\t\t  \tdata-href = \"http:\/\/www.eloriente.net\/home\/2016\/09\/01\/cultura-reporte-arete-digital-sobre-gestion-cultural-septiembre-2016\/\"\n\t\t\t  \tdata-numposts = \"10\"\n\t\t\t\tdata-colorscheme = \"dark\"\n\t\t\t\tdata-order-by = \"social\"\n\t\t\t\tdata-mobile=true>\n\t\t\t  <\/div>\n\t\t  <style>\n\t\t\t.fb_iframe_widget_fluid_desktop iframe {\n\t\t\t    width: 100% !important;\n\t\t\t}\n\t\t  <\/style>\n\t\t  ","protected":false},"excerpt":{"rendered":"<p>&nbsp; (www.eloriente.net, M\u00e9xico, 02 de agosto de 2016).- La Asociaci\u00f3n Espa\u00f1ola de Gestores de Patrimonio Cultural (AEGPC) public\u00f3 su reporte mensual sobre gesti\u00f3n cultural, Aret\u00e9 Digital, noviembre 2015, en el cual muestra una s\u00edntesis sobre las actividades, convocatorias, cursos, jornadas, congresos, seminarios y noticias de la instituci\u00f3n. En esta edici\u00f3n destaca primeramente el\u00a0II Foro de [&hellip;]<\/p>\n","protected":false},"author":44,"featured_media":44736,"comment_status":"open","ping_status":"open","sticky":false,"template":"","format":"standard","meta":{"_jetpack_memberships_contains_paid_content":false,"footnotes":""},"categories":[1588,49,32,35,10],"tags":[2559,6918,4428,4195,241,110,6917],"class_list":{"0":"post-44735","1":"post","2":"type-post","3":"status-publish","4":"format-standard","5":"has-post-thumbnail","6":"hentry","7":"category-comunicados-y-boletines","8":"category-destacadas","9":"category-entradas","10":"category-secciones-oriente","11":"category-lo-mas-reciente","12":"tag-arete-digital","13":"tag-bienal-arpa","14":"tag-boletin","15":"tag-comunicado","16":"tag-cultura","18":"tag-ii-foro-de-la-cultura-identidades-en-la-frontera"},"jetpack_featured_media_url":"http:\/\/www.eloriente.net\/home\/wp-content\/uploads\/2016\/09\/4024751175_6a87b82652_o.jpg","jetpack_sharing_enabled":true,"_links":{"self":[{"href":"http:\/\/www.eloriente.net\/home\/wp-json\/wp\/v2\/posts\/44735"}],"collection":[{"href":"http:\/\/www.eloriente.net\/home\/wp-json\/wp\/v2\/posts"}],"about":[{"href":"http:\/\/www.eloriente.net\/home\/wp-json\/wp\/v2\/types\/post"}],"author":[{"embeddable":true,"href":"http:\/\/www.eloriente.net\/home\/wp-json\/wp\/v2\/users\/44"}],"replies":[{"embeddable":true,"href":"http:\/\/www.eloriente.net\/home\/wp-json\/wp\/v2\/comments?post=44735"}],"version-history":[{"count":1,"href":"http:\/\/www.eloriente.net\/home\/wp-json\/wp\/v2\/posts\/44735\/revisions"}],"predecessor-version":[{"id":44737,"href":"http:\/\/www.eloriente.net\/home\/wp-json\/wp\/v2\/posts\/44735\/revisions\/44737"}],"wp:featuredmedia":[{"embeddable":true,"href":"http:\/\/www.eloriente.net\/home\/wp-json\/wp\/v2\/media\/44736"}],"wp:attachment":[{"href":"http:\/\/www.eloriente.net\/home\/wp-json\/wp\/v2\/media?parent=44735"}],"wp:term":[{"taxonomy":"category","embeddable":true,"href":"http:\/\/www.eloriente.net\/home\/wp-json\/wp\/v2\/categories?post=44735"},{"taxonomy":"post_tag","embeddable":true,"href":"http:\/\/www.eloriente.net\/home\/wp-json\/wp\/v2\/tags?post=44735"}],"curies":[{"name":"wp","href":"https:\/\/api.w.org\/{rel}","templated":true}]}}