{"id":44738,"date":"2016-09-01T16:03:31","date_gmt":"2016-09-01T22:03:31","guid":{"rendered":"http:\/\/www.eloriente.net\/home\/?p=44738"},"modified":"2016-09-02T05:19:18","modified_gmt":"2016-09-02T11:19:18","slug":"las-10-mas-leidas-de-el-oriente-en-agosto-de-2016","status":"publish","type":"post","link":"http:\/\/www.eloriente.net\/home\/2016\/09\/01\/las-10-mas-leidas-de-el-oriente-en-agosto-de-2016\/","title":{"rendered":"Las 10 m\u00e1s le\u00eddas de EL ORIENTE en agosto de 2016"},"content":{"rendered":"<p><script src=\"\/\/pagead2.googlesyndication.com\/pagead\/js\/adsbygoogle.js\" async=\"\"><\/script><!-- BANNER ELORIENTE INCRUSTADO NOTAS --> <ins class=\"adsbygoogle\" style=\"display: inline-block; width: 300px; height: 250px;\" data-ad-client=\"ca-pub-1136171134853753\" data-ad-slot=\"7974633627\"><\/ins><script>\/\/ <![CDATA[\n(adsbygoogle = window.adsbygoogle || []).push({});\n\/\/ ]]><\/script><\/p>\n<p>&nbsp;<\/p>\n<p>(www.eloriente.net, M\u00e9xico, a 1 de septiembre de 2016).-\u00a0De los variados contenidos que se publican en EL ORIENTE, hay unos que llaman m\u00e1s la atenci\u00f3n que otros, ya sea por la actualidad del tema, o bien porque tratan de algo interesante y que siempre est\u00e1 vigente.<\/p>\n<p>A continuaci\u00f3n presentamos las 10 entradas m\u00e1s visitadas por los usuarios de EL ORIENTE en agosto de\u00a02016. Es importante aclarar que en este conteo no se incluyeron las VIDEOCOLUMNAS, las cuales puedes revisar en el siguiente <strong><a href=\"http:\/\/www.eloriente.net\/home\/category\/videoblogs\/\" target=\"_blank\">enlace<\/a><\/strong>.<\/p>\n<p><strong><a href=\"http:\/\/www.eloriente.net\/home\/2013\/03\/07\/historia-detras-de-la-cancion-y-como-es-el-de-jose-luis-perales-por-canal-3\/\" target=\"_blank\">1.- SERIE HISTORIA DETR\u00c1S DE LA CANCI\u00d3N<\/a><\/strong><\/p>\n<p>Cada cierto tiempo nos permitimos contarte la historia que inspir\u00f3 la letra de canciones que se han vuelto populares. El caso de <em>\u00bfY C\u00f3mo es \u00e9l?\u00a0<\/em>de Jos\u00e9 Luis Perales es una de las entradas que m\u00e1s ha gustado y que siempre forma parte de conteos como \u00e9ste.<\/p>\n<p><span class=\"embed-youtube\" style=\"text-align:center; display: block;\"><iframe loading=\"lazy\" class=\"youtube-player\" width=\"640\" height=\"360\" src=\"https:\/\/www.youtube.com\/embed\/XBBqc_JbdBs?version=3&#038;rel=1&#038;showsearch=0&#038;showinfo=1&#038;iv_load_policy=1&#038;fs=1&#038;hl=es-ES&#038;autohide=2&#038;wmode=transparent\" allowfullscreen=\"true\" style=\"border:0;\" sandbox=\"allow-scripts allow-same-origin allow-popups allow-presentation allow-popups-to-escape-sandbox\"><\/iframe><\/span><\/p>\n<p><strong><a href=\"http:\/\/www.eloriente.net\/home\/tus-redes\/\" target=\"_blank\">2.- SECCI\u00d3N TWITTER EN OAXACA<\/a><\/strong><\/p>\n<p>Twitter es una extensa fuente de informaci\u00f3n de todo tipo. Aqu\u00ed te compartimos el contenido m\u00e1s reciente que aparece en dicha red social relacionado con Oaxaca.<\/p>\n<p><a href=\"http:\/\/www.eloriente.net\/home\/wp-content\/uploads\/2012\/11\/twitter.jpeg\" rel=\"attachment wp-att-4659\"><img loading=\"lazy\" decoding=\"async\" class=\"alignnone wp-image-4659\" src=\"http:\/\/www.eloriente.net\/home\/wp-content\/uploads\/2012\/11\/twitter.jpeg\" alt=\"twitter\" width=\"601\" height=\"450\" srcset=\"http:\/\/www.eloriente.net\/home\/wp-content\/uploads\/2012\/11\/twitter.jpeg 634w, http:\/\/www.eloriente.net\/home\/wp-content\/uploads\/2012\/11\/twitter-300x224.jpeg 300w\" sizes=\"(max-width: 601px) 100vw, 601px\" \/><\/a><\/p>\n<p><strong><a href=\"http:\/\/www.eloriente.net\/home\/2016\/07\/06\/educacion-los-mapas-mentales-por-diego-gonzalez-algara\/\" target=\"_blank\">3.- LOS MAPAS MENTALES, POR DIEGO GONZ\u00c1LEZ ALGARA<\/a><\/strong><\/p>\n<p>Los mapas mentales son una muy \u00fatil e important\u00edsima herramienta que sirve de ayuda en diversas actividades acad\u00e9micas. En este art\u00edculo, Diego Gonz\u00e1lez Algara nos detalla a fondo c\u00f3mo se deben utilizar y las mejores maneras de realizarlos.<\/p>\n<p><a href=\"http:\/\/www.eloriente.net\/home\/wp-content\/uploads\/2016\/07\/Captura-de-pantalla-2016-07-06-a-las-11.49.34.png\" rel=\"attachment wp-att-44034\"><img loading=\"lazy\" decoding=\"async\" class=\"alignnone wp-image-44034\" src=\"http:\/\/www.eloriente.net\/home\/wp-content\/uploads\/2016\/07\/Captura-de-pantalla-2016-07-06-a-las-11.49.34.png\" alt=\"Captura de pantalla 2016-07-06 a las 11.49.34\" width=\"601\" height=\"451\" srcset=\"http:\/\/www.eloriente.net\/home\/wp-content\/uploads\/2016\/07\/Captura-de-pantalla-2016-07-06-a-las-11.49.34.png 3842w, http:\/\/www.eloriente.net\/home\/wp-content\/uploads\/2016\/07\/Captura-de-pantalla-2016-07-06-a-las-11.49.34-300x225.png 300w, http:\/\/www.eloriente.net\/home\/wp-content\/uploads\/2016\/07\/Captura-de-pantalla-2016-07-06-a-las-11.49.34-768x576.png 768w, http:\/\/www.eloriente.net\/home\/wp-content\/uploads\/2016\/07\/Captura-de-pantalla-2016-07-06-a-las-11.49.34-1024x768.png 1024w\" sizes=\"(max-width: 601px) 100vw, 601px\" \/><\/a><\/p>\n<p><strong><a href=\"http:\/\/www.eloriente.net\/home\/2014\/03\/18\/5-peliculas-sobre-vih-sida-que-no-te-puedes-perder\/\" target=\"_blank\">4.- PEL\u00cdCULAS SOBRE VIH-SIDA QUE NO TE PUEDES PERDER<\/a><\/strong><\/p>\n<p>Conscientes de la necesidad de atenuar la discriminaci\u00f3n y prejuicios en la sociedad hacia personas con enfermedades terminales,\u00a0capacidades y orientaciones sexuales diferentes, ELORIENTE.NET te recomienda cinco pel\u00edculas que abordan historias con personajes enfermemos de VIH-Sida; y los retos sociales y de salud a los que se enfrentan \u00a1no te las pierdas!<\/p>\n<p><a href=\"http:\/\/www.eloriente.net\/home\/wp-content\/uploads\/2014\/03\/dallas-buyers-club.jpg\" rel=\"attachment wp-att-22690\"><img loading=\"lazy\" decoding=\"async\" class=\"alignnone wp-image-22690\" src=\"http:\/\/www.eloriente.net\/home\/wp-content\/uploads\/2014\/03\/dallas-buyers-club.jpg\" alt=\"Dallas Buyers Club\" width=\"600\" height=\"399\" srcset=\"http:\/\/www.eloriente.net\/home\/wp-content\/uploads\/2014\/03\/dallas-buyers-club.jpg 1500w, http:\/\/www.eloriente.net\/home\/wp-content\/uploads\/2014\/03\/dallas-buyers-club-300x199.jpg 300w, http:\/\/www.eloriente.net\/home\/wp-content\/uploads\/2014\/03\/dallas-buyers-club-1024x681.jpg 1024w\" sizes=\"(max-width: 600px) 100vw, 600px\" \/><\/a><\/p>\n<p><strong><a href=\"http:\/\/www.eloriente.net\/home\/2014\/10\/09\/los-5-mejores-cafes-de-oaxaca-turismoenjueves\/\" target=\"_blank\">5.- LOS 5 MEJORES CAF\u00c9S DE OAXACA<\/a><\/strong><\/p>\n<p>Concebidos como lugares para tomar una bebida reconfortante, acompa\u00f1ado de alg\u00fan refrigerio o postre, los buenos caf\u00e9s de Oaxaca se mantienen independientes y diferenciados de las grandes franquicias del producto. Creemos lo mejor que pueda decirse de estos lugares es a juicio de los visitantes, as\u00ed que estos son los cinco mejores caf\u00e9s de la ciudad de Oaxaca.<\/p>\n<p><script src=\"\/\/pagead2.googlesyndication.com\/pagead\/js\/adsbygoogle.js\" async=\"\"><\/script><!-- BANNER PEQUE\u00d1O PARA ENTRENOTAS EL ORIENTE --> <ins class=\"adsbygoogle\" style=\"display: inline-block; width: 468px; height: 60px;\" data-ad-client=\"ca-pub-1136171134853753\" data-ad-slot=\"4953536424\"><\/ins><script>\/\/ <![CDATA[\n(adsbygoogle = window.adsbygoogle || []).push({});\n\/\/ ]]><\/script><\/p>\n<p><a href=\"http:\/\/www.eloriente.net\/home\/wp-content\/uploads\/2014\/10\/Br\u00fajula.jpg\" rel=\"attachment wp-att-32974\"><img loading=\"lazy\" decoding=\"async\" class=\"alignnone wp-image-32974\" src=\"http:\/\/www.eloriente.net\/home\/wp-content\/uploads\/2014\/10\/Br\u00fajula.jpg\" alt=\"Br\u00fajula\" width=\"601\" height=\"449\" srcset=\"http:\/\/www.eloriente.net\/home\/wp-content\/uploads\/2014\/10\/Br\u00fajula.jpg 792w, http:\/\/www.eloriente.net\/home\/wp-content\/uploads\/2014\/10\/Br\u00fajula-300x224.jpg 300w\" sizes=\"(max-width: 601px) 100vw, 601px\" \/><\/a><\/p>\n<p><strong><a href=\"http:\/\/www.eloriente.net\/home\/2013\/07\/06\/15-consejos-para-cuidar-el-medio-ambiente-desde-el-hogar\/\" target=\"_blank\">6.- 15 CONSEJOS PARA CUIDAR EL MEDIO AMBIENTE DESDE EL HOGAR<\/a><\/strong><\/p>\n<p>EL ORIENTE te comparte 15 acciones que puedes llevar a cabo en tu hogar para contribuir al cuidado de nuestro planeta. Cabe mencionar que estos consejos han sido propuestos por la Secretar\u00eda de Medio Ambiente y Recursos Naturales.<\/p>\n<p><a href=\"http:\/\/www.eloriente.net\/home\/wp-content\/uploads\/2013\/07\/Algunos-derechos-reservados-por-felicemcc-RECICLAR.jpg\" rel=\"attachment wp-att-14240\"><img loading=\"lazy\" decoding=\"async\" class=\"alignnone wp-image-14240\" src=\"http:\/\/www.eloriente.net\/home\/wp-content\/uploads\/2013\/07\/Algunos-derechos-reservados-por-felicemcc-RECICLAR.jpg\" alt=\"Algunos derechos reservados por felicemcc-RECICLAR\" width=\"602\" height=\"251\" srcset=\"http:\/\/www.eloriente.net\/home\/wp-content\/uploads\/2013\/07\/Algunos-derechos-reservados-por-felicemcc-RECICLAR.jpg 640w, http:\/\/www.eloriente.net\/home\/wp-content\/uploads\/2013\/07\/Algunos-derechos-reservados-por-felicemcc-RECICLAR-300x125.jpg 300w\" sizes=\"(max-width: 602px) 100vw, 602px\" \/><\/a><\/p>\n<p><strong><a href=\"http:\/\/www.eloriente.net\/home\/2015\/11\/13\/situacion-de-los-medios-de-comunicacion-en-mexico-por-mauricio-barba\/\" target=\"_blank\">7.- SITUACI\u00d3N DE LOS MEDIOS DE COMUNICACI\u00d3N EN M\u00c9XICO, POR MAURICIO BARBA<\/a><\/strong><\/p>\n<p>La influencia de los medios de comunicaci\u00f3n ha sido un factor determinante en el desarrollo de las sociedades modernas, al grado de que, desde la perspectiva de algunos autores, \u00e9stos podr\u00edan ser considerados el <i>cuarto poder<\/i>. M\u00e9xico no es la excepci\u00f3n.<\/p>\n<p><a href=\"http:\/\/www.eloriente.net\/home\/wp-content\/uploads\/2012\/12\/DR-PREMIO-MONTELEON.jpg\" rel=\"attachment wp-att-5991\"><img loading=\"lazy\" decoding=\"async\" class=\"alignnone wp-image-5991\" src=\"http:\/\/www.eloriente.net\/home\/wp-content\/uploads\/2012\/12\/DR-PREMIO-MONTELEON.jpg\" alt=\"DR PREMIO MONTELEON\" width=\"600\" height=\"504\" srcset=\"http:\/\/www.eloriente.net\/home\/wp-content\/uploads\/2012\/12\/DR-PREMIO-MONTELEON.jpg 569w, http:\/\/www.eloriente.net\/home\/wp-content\/uploads\/2012\/12\/DR-PREMIO-MONTELEON-300x252.jpg 300w\" sizes=\"(max-width: 600px) 100vw, 600px\" \/><\/a><\/p>\n<p><strong><a href=\"http:\/\/www.eloriente.net\/home\/2016\/07\/28\/cine-conoce-filmlatino-peliculas-de-online-de-calidad-gratis-y-legal\/\" target=\"_blank\">8.- CONOCE FILM LATINO, PEL\u00cdCULAS&#8230;.<\/a><\/strong><\/p>\n<p>El 21 de julio se celebr\u00f3 un a\u00f1o de la puesta en l\u00ednea de FilmLatino, una interesante propuesta de pel\u00edculas online cuyo mayor atractivo es la calidad de los filmes que ah\u00ed se presentan, adem\u00e1s del plus de ser una plataforma gratuita.<\/p>\n<p><a href=\"http:\/\/www.eloriente.net\/home\/wp-content\/uploads\/2016\/07\/filmlatino.jpg\" rel=\"attachment wp-att-44280\"><img loading=\"lazy\" decoding=\"async\" class=\"alignnone wp-image-44280\" src=\"http:\/\/www.eloriente.net\/home\/wp-content\/uploads\/2016\/07\/filmlatino.jpg\" alt=\"filmlatino\" width=\"600\" height=\"342\" srcset=\"http:\/\/www.eloriente.net\/home\/wp-content\/uploads\/2016\/07\/filmlatino.jpg 1000w, http:\/\/www.eloriente.net\/home\/wp-content\/uploads\/2016\/07\/filmlatino-300x171.jpg 300w, http:\/\/www.eloriente.net\/home\/wp-content\/uploads\/2016\/07\/filmlatino-768x438.jpg 768w\" sizes=\"(max-width: 600px) 100vw, 600px\" \/><\/a><\/p>\n<p><strong><a href=\"http:\/\/www.eloriente.net\/home\/2013\/11\/01\/la-muerte-en-oaxaca-inegi\/\" target=\"_blank\">9.- ESTUDIO: LA MUERTE EN OAXACA<\/a><\/strong><\/p>\n<p>Se trata de un una compilaci\u00f3n exhaustiva de diversos aspectos relacionados con la muerte (y con la vida) en Oaxaca.<\/p>\n<p><a href=\"http:\/\/www.eloriente.net\/home\/wp-content\/uploads\/2013\/11\/Muertos-Oaxaca-Atribucio\u0301n-Algunos-derechos-reservados-por-Cidades-para-Pessoas-.jpg\" rel=\"attachment wp-att-17259\"><img loading=\"lazy\" decoding=\"async\" class=\"alignnone wp-image-17259\" src=\"http:\/\/www.eloriente.net\/home\/wp-content\/uploads\/2013\/11\/Muertos-Oaxaca-Atribucio\u0301n-Algunos-derechos-reservados-por-Cidades-para-Pessoas-.jpg\" alt=\"Muertos Oaxaca Atribucio\u0301n Algunos derechos reservados por Cidades para Pessoas\" width=\"601\" height=\"400\" srcset=\"http:\/\/www.eloriente.net\/home\/wp-content\/uploads\/2013\/11\/Muertos-Oaxaca-Atribucio\u0301n-Algunos-derechos-reservados-por-Cidades-para-Pessoas-.jpg 1024w, http:\/\/www.eloriente.net\/home\/wp-content\/uploads\/2013\/11\/Muertos-Oaxaca-Atribucio\u0301n-Algunos-derechos-reservados-por-Cidades-para-Pessoas--300x199.jpg 300w\" sizes=\"(max-width: 601px) 100vw, 601px\" \/><\/a><\/p>\n<p><strong><a href=\"http:\/\/www.eloriente.net\/home\/2014\/12\/13\/oaxaca-los-5-restaurantes-mejor-evaluados\/\" target=\"_blank\">10.- OAXACA: LOS 5 RESTAURANTES MEJOR EVALUADOS<\/a><\/strong><\/p>\n<p>Ejercicio similar al realizado con las caf\u00e9s de Oaxaca, aqu\u00ed se te presentamos los 5 restaurantes mejor evaluados en TripAdvisor.<\/p>\n<p><a href=\"http:\/\/www.eloriente.net\/home\/wp-content\/uploads\/2014\/12\/Restaurant-Catedral.jpg\" rel=\"attachment wp-att-34657\"><img loading=\"lazy\" decoding=\"async\" class=\"alignnone wp-image-34657\" src=\"http:\/\/www.eloriente.net\/home\/wp-content\/uploads\/2014\/12\/Restaurant-Catedral.jpg\" alt=\"Restaurant Catedral\" width=\"601\" height=\"402\" srcset=\"http:\/\/www.eloriente.net\/home\/wp-content\/uploads\/2014\/12\/Restaurant-Catedral.jpg 892w, http:\/\/www.eloriente.net\/home\/wp-content\/uploads\/2014\/12\/Restaurant-Catedral-300x200.jpg 300w\" sizes=\"(max-width: 601px) 100vw, 601px\" \/><\/a><\/p>\n<p><strong>OTRAS ENTRADAS<\/strong><\/p>\n<div class=\"featuredpost\">\n<div class=\"flow_hide\">\n<h2 class=\"posttitle bigposttitle\"><a title=\"Enlace Permanente a VIDEOCOLUMNA: Las desapariciones forzadas en M\u00e9xico. Por Rodolfo Moreno\" href=\"http:\/\/www.eloriente.net\/home\/2016\/09\/01\/videocolumna-las-desapariciones-forzadas-en-mexico-por-rodolfo-moreno\/\" rel=\"bookmark\">VIDEOCOLUMNA: Las desapariciones forzadas en M\u00e9xico. Por Rodolfo Moreno<\/a><\/h2>\n<\/div>\n<p>eloriente.net 1 de septiembre de 2016 Share\u2026<\/p>\n<p class=\"postmeta\"><span class=\"meta_date\">septiembre 1, 2016<\/span><\/p>\n<div class=\"toolbar-social\"><\/div>\n<\/div>\n<div class=\"featuredpost\">\n<div class=\"flow_hide\">\n<p><a href=\"http:\/\/www.eloriente.net\/home\/2016\/09\/01\/cultura-reporte-arete-digital-sobre-gestion-cultural-septiembre-2016\/\" rel=\"bookmark\"><img decoding=\"async\" class=\"alignleft\" title=\"CULTURA: Reporte Aret\u00e9 Digital sobre gesti\u00f3n cultural, septiembre 2016\" src=\"http:\/\/www.eloriente.net\/home\/wp-content\/themes\/city-desk\/timthumb.php?src=http%3A%2F%2Fwww.eloriente.net%2Fhome%2Fwp-content%2Fuploads%2F2016%2F09%2F4024751175_6a87b82652_o.jpg&amp;q=90&amp;w=70&amp;h=45&amp;zc=1\" alt=\"CULTURA: Reporte Aret\u00e9 Digital sobre gesti\u00f3n cultural, septiembre 2016\" \/><\/a><\/p>\n<h2 class=\"posttitle \"><a title=\"Enlace Permanente a CULTURA: Reporte Aret\u00e9 Digital sobre gesti\u00f3n cultural, septiembre 2016\" href=\"http:\/\/www.eloriente.net\/home\/2016\/09\/01\/cultura-reporte-arete-digital-sobre-gestion-cultural-septiembre-2016\/\" rel=\"bookmark\">CULTURA: Reporte Aret\u00e9 Digital sobre gesti\u00f3n cultural, septiembre 2016<\/a><\/h2>\n<\/div>\n<p>(www.eloriente.net, M\u00e9xico, 02 de agosto de 2016).- La Asociaci\u00f3n Espa\u00f1ola de Gestores de Patrimonio Cultural (AEGPC) public\u00f3 su reporte mensual sobre gesti\u00f3n cultural, Aret\u00e9 Digital, noviembre 2015,\u2026<\/p>\n<p class=\"postmeta\"><span class=\"meta_date\">septiembre 1, 2016<\/span><\/p>\n<div class=\"toolbar-social\"><\/div>\n<\/div>\n<div class=\"featuredpost\">\n<div class=\"flow_hide\">\n<p><a href=\"http:\/\/www.eloriente.net\/home\/2016\/08\/31\/videocolumna-el-caso-de-atala-riffo-vs-chile-y-el-matrimonio-igualitario-en-mexico-por-rebeca-garza\/\" rel=\"bookmark\"><img decoding=\"async\" class=\"alignleft\" title=\"VIDEOCOLUMNA: El caso de Atala Riffo vs Chile y el matrimonio igualitario en M\u00e9xico. Por Rebeca Garza\" src=\"http:\/\/www.eloriente.net\/home\/wp-content\/themes\/city-desk\/timthumb.php?src=http%3A%2F%2Fwww.eloriente.net%2Fhome%2Fwp-content%2Fuploads%2F2016%2F08%2FREBECA-GARZA-30-DE-AGOSTO-1-e1472684034396.jpg&amp;q=90&amp;w=70&amp;h=45&amp;zc=1\" alt=\"VIDEOCOLUMNA: El caso de Atala Riffo vs Chile y el matrimonio igualitario en M\u00e9xico. Por Rebeca Garza\" \/><\/a><\/p>\n<h2 class=\"posttitle \"><a title=\"Enlace Permanente a VIDEOCOLUMNA: El caso de Atala Riffo vs Chile y el matrimonio igualitario en M\u00e9xico. Por Rebeca Garza\" href=\"http:\/\/www.eloriente.net\/home\/2016\/08\/31\/videocolumna-el-caso-de-atala-riffo-vs-chile-y-el-matrimonio-igualitario-en-mexico-por-rebeca-garza\/\" rel=\"bookmark\">VIDEOCOLUMNA: El caso de Atala Riffo vs Chile y el matrimonio igualitario en M\u00e9xico. Por Rebeca Garza<\/a><\/h2>\n<\/div>\n<p>eloriente.net 31 de agosto Share\u2026<\/p>\n<p class=\"postmeta\"><span class=\"meta_date\">agosto 31, 2016<\/span><\/p>\n<\/div>\n<p>&nbsp;<\/p>\n\n\t\t\t  <div \n\t\t\t  \tclass = \"fb-comments\" \n\t\t\t  \tdata-href = \"http:\/\/www.eloriente.net\/home\/2016\/09\/01\/las-10-mas-leidas-de-el-oriente-en-agosto-de-2016\/\"\n\t\t\t  \tdata-numposts = \"10\"\n\t\t\t\tdata-colorscheme = \"dark\"\n\t\t\t\tdata-order-by = \"social\"\n\t\t\t\tdata-mobile=true>\n\t\t\t  <\/div>\n\t\t  <style>\n\t\t\t.fb_iframe_widget_fluid_desktop iframe {\n\t\t\t    width: 100% !important;\n\t\t\t}\n\t\t  <\/style>\n\t\t  ","protected":false},"excerpt":{"rendered":"<p>&nbsp; (www.eloriente.net, M\u00e9xico, a 1 de septiembre de 2016).-\u00a0De los variados contenidos que se publican en EL ORIENTE, hay unos que llaman m\u00e1s la atenci\u00f3n que otros, ya sea por la actualidad del tema, o bien porque tratan de algo interesante y que siempre est\u00e1 vigente. A continuaci\u00f3n presentamos las 10 entradas m\u00e1s visitadas por [&hellip;]<\/p>\n","protected":false},"author":44,"featured_media":26064,"comment_status":"open","ping_status":"open","sticky":false,"template":"","format":"standard","meta":{"_jetpack_memberships_contains_paid_content":false,"footnotes":""},"categories":[18,32,13,35],"tags":[6284,6919,2713,477,5766,5506,73,2693],"class_list":["post-44738","post","type-post","status-publish","format-standard","has-post-thumbnail","hentry","category-educacion-y-cultura","category-entradas","category-especiales","category-secciones-oriente","tag-6284","tag-10-mas-leidas","tag-cafes","tag-el-oriente","tag-historia-detras-de-la-cancion","tag-notas","tag-oaxaca","tag-restaurantes"],"jetpack_featured_media_url":"http:\/\/www.eloriente.net\/home\/wp-content\/uploads\/2014\/05\/Internet-Alejandro-Pinto.jpg","jetpack_sharing_enabled":true,"_links":{"self":[{"href":"http:\/\/www.eloriente.net\/home\/wp-json\/wp\/v2\/posts\/44738"}],"collection":[{"href":"http:\/\/www.eloriente.net\/home\/wp-json\/wp\/v2\/posts"}],"about":[{"href":"http:\/\/www.eloriente.net\/home\/wp-json\/wp\/v2\/types\/post"}],"author":[{"embeddable":true,"href":"http:\/\/www.eloriente.net\/home\/wp-json\/wp\/v2\/users\/44"}],"replies":[{"embeddable":true,"href":"http:\/\/www.eloriente.net\/home\/wp-json\/wp\/v2\/comments?post=44738"}],"version-history":[{"count":2,"href":"http:\/\/www.eloriente.net\/home\/wp-json\/wp\/v2\/posts\/44738\/revisions"}],"predecessor-version":[{"id":44752,"href":"http:\/\/www.eloriente.net\/home\/wp-json\/wp\/v2\/posts\/44738\/revisions\/44752"}],"wp:featuredmedia":[{"embeddable":true,"href":"http:\/\/www.eloriente.net\/home\/wp-json\/wp\/v2\/media\/26064"}],"wp:attachment":[{"href":"http:\/\/www.eloriente.net\/home\/wp-json\/wp\/v2\/media?parent=44738"}],"wp:term":[{"taxonomy":"category","embeddable":true,"href":"http:\/\/www.eloriente.net\/home\/wp-json\/wp\/v2\/categories?post=44738"},{"taxonomy":"post_tag","embeddable":true,"href":"http:\/\/www.eloriente.net\/home\/wp-json\/wp\/v2\/tags?post=44738"}],"curies":[{"name":"wp","href":"https:\/\/api.w.org\/{rel}","templated":true}]}}