{"id":44780,"date":"2016-09-08T01:00:00","date_gmt":"2016-09-08T07:00:00","guid":{"rendered":"http:\/\/www.eloriente.net\/home\/?p=44780"},"modified":"2016-09-09T12:04:34","modified_gmt":"2016-09-09T18:04:34","slug":"actividades-culturales-en-oaxaca-que-no-te-puedes-perder","status":"publish","type":"post","link":"http:\/\/www.eloriente.net\/home\/2016\/09\/08\/actividades-culturales-en-oaxaca-que-no-te-puedes-perder\/","title":{"rendered":"Actividades culturales en Oaxaca que no te puedes perder"},"content":{"rendered":"<p><!-- BANNER ELORIENTE INCRUSTADO NOTAS --> <ins class=\"adsbygoogle\" style=\"width: 300px; height: 250px;\"><\/ins><\/p>\n<p>(www.eloriente.net; M\u00e9xico a 08 de Septiembre de 2016).- Por Jessica Lamadrid<\/p>\n<p>Como todos los jueves, El Oriente te comparte las actividades culturales de la semana que puedes realizar en la ciudad. En esta ocasi\u00f3n te compartimos lo que son conciertos, proyecciones de documentales y co<strong>nferencias a las que puedes asistir.<\/strong><\/p>\n<p><strong>1.- <a href=\"http:\/\/&lt;iframe src=&quot;https:\/\/www.facebook.com\/plugins\/post.php?href=https%3A%2F%2Fwww.facebook.com%2FIAGOmx%2Fposts%2F1286484594719246%3A0&amp;width=500&quot; width=&quot;500&quot; height=&quot;561&quot; style=&quot;border:none;overflow:hidden&quot; scrolling=&quot;no&quot; frameborder=&quot;0&quot; allowTransparency=&quot;true&quot;&gt;&lt;\/iframe&gt;\" target=\"_blank\">LA MUJER DEL UMBRAL<\/a><\/strong><\/p>\n<p><!-- BANNER PEQUE\u00d1O PARA ENTRENOTAS EL ORIENTE --> <ins class=\"adsbygoogle\" style=\"width: 468px; height: 60px;\"><\/ins><\/p>\n<p>Este jueves 8 de septiembre en el Instituto de Artes Gr\u00e1ficas de Oaxaca (IAGO) se har\u00e1 la presentaci\u00f3n del libro \u00abLa mujer del umbral\u00bb escrito por Araceli Mancilla a las 7 de la tarde, se contar\u00e1 con la participaci\u00f3n de Guadalupe Angela, Julio Ram\u00edrez y Edgar Hern\u00e1ndez; igualmente se realizar\u00e1 una presentaci\u00f3n de m\u00fasica de flauta por Citlali Rivera. La entrada al evento es libre.<\/p>\n<p><a href=\"http:\/\/www.eloriente.net\/home\/wp-content\/uploads\/2016\/09\/mujer-umbral.jpg\" rel=\"attachment wp-att-44805\"><img loading=\"lazy\" decoding=\"async\" class=\" wp-image-44805 aligncenter\" src=\"http:\/\/www.eloriente.net\/home\/wp-content\/uploads\/2016\/09\/mujer-umbral-300x230.jpg\" alt=\"mujer umbral\" width=\"341\" height=\"261\" srcset=\"http:\/\/www.eloriente.net\/home\/wp-content\/uploads\/2016\/09\/mujer-umbral-300x230.jpg 300w, http:\/\/www.eloriente.net\/home\/wp-content\/uploads\/2016\/09\/mujer-umbral-768x590.jpg 768w, http:\/\/www.eloriente.net\/home\/wp-content\/uploads\/2016\/09\/mujer-umbral.jpg 960w\" sizes=\"(max-width: 341px) 100vw, 341px\" \/><\/a><\/p>\n<p>&nbsp;<\/p>\n<h2>2.- <a href=\"https:\/\/twitter.com\/MACOaxaca\/status\/772935342080962562\" target=\"_blank\">MIC G\u00e9nero<\/a><\/h2>\n<p>En el MACO (Museo de Arte Contempor\u00e1neo de Oaxaca) se presentar\u00e1 la quinta muestra internacional de cine con perspectiva de g\u00e9nero. El objetivo principal de <a href=\"http:\/\/micgenero.com\/micgenero-en-oaxaca\/\" target=\"_blank\">MICG\u00e9nero<\/a> es acercar los estudios de g\u00e9nero a un p\u00fablico m\u00e1s amplio y susceptible con el fin de orientar a la sociedad a ser m\u00e1s equitativa y justa a trav\u00e9s del cine con conciencia. Este a\u00f1o el eje tem\u00e1tico de la muestra se titula VS Media: Democracia, medios y feminismo.<\/p>\n<p><span style=\"line-height: 1.5;\">Para este jueves 8 de Septiembre se tiene programada la proyecci\u00f3n de \u00abThe Pearl of Africa\u00bb a las 7 de la tarde, la entrada es libre.<\/span><\/p>\n<blockquote class=\"twitter-tweet\" data-width=\"550\" data-dnt=\"true\">\n<p lang=\"es\" dir=\"ltr\">Ma\u00f1ana comenzamos con MICG\u00e9nero en el <a href=\"https:\/\/twitter.com\/MACOaxaca?ref_src=twsrc%5Etfw\">@MACOaxaca<\/a> 7pm <a href=\"https:\/\/twitter.com\/hashtag\/EntradaLibre?src=hash&amp;ref_src=twsrc%5Etfw\">#EntradaLibre<\/a> <a href=\"https:\/\/t.co\/w77MuHWlgF\">pic.twitter.com\/w77MuHWlgF<\/a><\/p>\n<p>&mdash; MACO (@MACOaxaca) <a href=\"https:\/\/twitter.com\/MACOaxaca\/status\/772935342080962562?ref_src=twsrc%5Etfw\">September 5, 2016<\/a><\/p><\/blockquote>\n<p><script async src=\"https:\/\/platform.twitter.com\/widgets.js\" charset=\"utf-8\"><\/script><\/p>\n<p>&nbsp;<\/p>\n<h2>3.- <a href=\"http:\/\/&lt;iframe%20src=&quot;https:\/\/www.facebook.com\/plugins\/post.php?href=https%3A%2F%2Fwww.facebook.com%2FIAGOmx%2Fposts%2F1282773211757051%3A0&amp;width=500&quot; width=&quot;500&quot; height=&quot;562&quot; style=&quot;border:none;overflow:hidden&quot; scrolling=&quot;no&quot; frameborder=&quot;0&quot; allowTransparency=&quot;true&quot;&gt;&lt;\/iframe&gt;\" target=\"_blank\">Nanoconciertos.<\/a><\/h2>\n<p>Para este viernes 9 de Septiembre en el IAGO se llevar\u00e1 a cabo una serie de nanoconciertos dando inicio a las 7 de la noche, en ellos se presentaran bandas como Rie Watanabe, la China Sonidera y una presentaci\u00f3n secreta. Para escuchar a cada una de las bandas tienes que estar movi\u00e9ndote entre las cedes que son IAGO Alcal\u00e1, IAGO Ju\u00e1rez y el Centro Fotogr\u00e1fico Manuel Alvarez Bravo.<\/p>\n<blockquote class=\"twitter-tweet\" data-width=\"550\" data-dnt=\"true\">\n<p lang=\"es\" dir=\"ltr\">\ud83d\ude4c \u00a1SEPTIEMBRE EN EL IAGO! \ud83d\ude4c <a href=\"https:\/\/t.co\/TAaEqqmCMi\">pic.twitter.com\/TAaEqqmCMi<\/a><\/p>\n<p>&mdash; IAGO (@IAGO_mx) <a href=\"https:\/\/twitter.com\/IAGO_mx\/status\/771388427979792386?ref_src=twsrc%5Etfw\">September 1, 2016<\/a><\/p><\/blockquote>\n<p><script async src=\"https:\/\/platform.twitter.com\/widgets.js\" charset=\"utf-8\"><\/script><\/p>\n<h2><a href=\"http:\/\/www.eloriente.net\/home\/wp-content\/uploads\/2016\/09\/14188204_509677502566029_4545372717765237004_o-1.jpg\" rel=\"attachment wp-att-44822\"><img loading=\"lazy\" decoding=\"async\" class=\"alignnone size-medium wp-image-44822\" src=\"http:\/\/www.eloriente.net\/home\/wp-content\/uploads\/2016\/09\/14188204_509677502566029_4545372717765237004_o-1-300x231.jpg\" alt=\"14188204_509677502566029_4545372717765237004_o\" width=\"300\" height=\"231\" srcset=\"http:\/\/www.eloriente.net\/home\/wp-content\/uploads\/2016\/09\/14188204_509677502566029_4545372717765237004_o-1-300x231.jpg 300w, http:\/\/www.eloriente.net\/home\/wp-content\/uploads\/2016\/09\/14188204_509677502566029_4545372717765237004_o-1-768x590.jpg 768w, http:\/\/www.eloriente.net\/home\/wp-content\/uploads\/2016\/09\/14188204_509677502566029_4545372717765237004_o-1-1024x787.jpg 1024w, http:\/\/www.eloriente.net\/home\/wp-content\/uploads\/2016\/09\/14188204_509677502566029_4545372717765237004_o-1.jpg 1093w\" sizes=\"(max-width: 300px) 100vw, 300px\" \/><\/a><\/h2>\n<h2>4.- \u00abOaxaca en su tinta\u00bb<\/h2>\n<p>La Proveedora Escolar presentar\u00e1 el ciclo \u00abOaxaca en su tinta\u00bb este viernes 9 de Septiembre en donde hablaran de la literatura y cultura del mezcal en Oaxaca siendo el expositor Ulises Torrentera. Esta charla se dar\u00e1 a las 6 de la tarde en la proveedora matriz en el foro \u00abEl Huaje\u00bb.<\/p>\n<p>&nbsp;<\/p>\n<p><a href=\"http:\/\/www.eloriente.net\/home\/wp-content\/uploads\/2016\/09\/Captura-de-pantalla-2016-09-05-a-las-10.55.26.png\" rel=\"attachment wp-att-44801\"><img loading=\"lazy\" decoding=\"async\" class=\" wp-image-44801 aligncenter\" src=\"http:\/\/www.eloriente.net\/home\/wp-content\/uploads\/2016\/09\/Captura-de-pantalla-2016-09-05-a-las-10.55.26-196x300.png\" alt=\"Captura de pantalla 2016-09-05 a las 10.55.26\" width=\"273\" height=\"417\" srcset=\"http:\/\/www.eloriente.net\/home\/wp-content\/uploads\/2016\/09\/Captura-de-pantalla-2016-09-05-a-las-10.55.26-196x300.png 196w, http:\/\/www.eloriente.net\/home\/wp-content\/uploads\/2016\/09\/Captura-de-pantalla-2016-09-05-a-las-10.55.26-768x1175.png 768w, http:\/\/www.eloriente.net\/home\/wp-content\/uploads\/2016\/09\/Captura-de-pantalla-2016-09-05-a-las-10.55.26-669x1024.png 669w, http:\/\/www.eloriente.net\/home\/wp-content\/uploads\/2016\/09\/Captura-de-pantalla-2016-09-05-a-las-10.55.26-1024x1567.png 1024w, http:\/\/www.eloriente.net\/home\/wp-content\/uploads\/2016\/09\/Captura-de-pantalla-2016-09-05-a-las-10.55.26.png 1132w\" sizes=\"(max-width: 273px) 100vw, 273px\" \/><\/a><\/p>\n<p>&nbsp;<\/p>\n<h2><strong>5.- <a href=\"http:\/\/&lt;iframe src=&quot;https:\/\/www.facebook.com\/plugins\/post.php?href=https%3A%2F%2Fwww.facebook.com%2Fteatromacedonioalcala%2Fposts%2F1059059190867777&amp;width=500&quot; width=&quot;500&quot; height=&quot;645&quot; style=&quot;border:none;overflow:hidden&quot; scrolling=&quot;no&quot; frameborder=&quot;0&quot; allowTransparency=&quot;true&quot;&gt;&lt;\/iframe&gt;\" target=\"_blank\">Presentaci\u00f3n \u00abBanda de m\u00fasica del Estado\u00bb<\/a><\/strong><\/h2>\n<p>Este 10 de Septiembre se presentar\u00e1 un concierto \u00a0de \u00abLa Banda de m\u00fasica del Estado\u00bb\u00a0en el teatro Macedonio Alcal\u00e1 con el objetivo de celebrar los 107 a\u00f1os del teatro. Este evento se realizar\u00e1 este s\u00e1bado de las 20:00 a 21:00 hrs. la entrada al evento ser\u00e1 libre.<\/p>\n<p><a href=\"http:\/\/www.eloriente.net\/home\/wp-content\/uploads\/2016\/09\/macedonio.jpg\" rel=\"attachment wp-att-44800\"><img loading=\"lazy\" decoding=\"async\" class=\" wp-image-44800 aligncenter\" src=\"http:\/\/www.eloriente.net\/home\/wp-content\/uploads\/2016\/09\/macedonio-200x300.jpg\" alt=\"macedonio\" width=\"306\" height=\"459\" srcset=\"http:\/\/www.eloriente.net\/home\/wp-content\/uploads\/2016\/09\/macedonio-200x300.jpg 200w, http:\/\/www.eloriente.net\/home\/wp-content\/uploads\/2016\/09\/macedonio.jpg 640w\" sizes=\"(max-width: 306px) 100vw, 306px\" \/><\/a><\/p>\n<blockquote class=\"twitter-tweet\" data-width=\"550\" data-dnt=\"true\">\n<p lang=\"es\" dir=\"ltr\">Festeja Teatro Macedonio Alcal\u00e1 su 107 aniversario <a href=\"https:\/\/t.co\/FvPN2i2u9N\">https:\/\/t.co\/FvPN2i2u9N<\/a><\/p>\n<p>&mdash; Teatro M. Alcala (@TeatroMAlcala) <a href=\"https:\/\/twitter.com\/TeatroMAlcala\/status\/773153189969276929?ref_src=twsrc%5Etfw\">September 6, 2016<\/a><\/p><\/blockquote>\n<p><script async src=\"https:\/\/platform.twitter.com\/widgets.js\" charset=\"utf-8\"><\/script><\/p>\n<blockquote class=\"twitter-tweet\" data-width=\"550\" data-dnt=\"true\">\n<p lang=\"es\" dir=\"ltr\"><a href=\"https:\/\/twitter.com\/TeatroMAlcala?ref_src=twsrc%5Etfw\">@TeatroMAlcala<\/a>, recinto cultural de <a href=\"https:\/\/twitter.com\/hashtag\/Oaxaca?src=hash&amp;ref_src=twsrc%5Etfw\">#Oaxaca<\/a>,esta cumpliendo 107 a\u00f1os de haberse inaugurado.(5 de septiembre de 1909) <a href=\"https:\/\/t.co\/yMhFUUk3vi\">pic.twitter.com\/yMhFUUk3vi<\/a><\/p>\n<p>&mdash; Te Invito a Oaxaca (@TeInvitoaOaxaca) <a href=\"https:\/\/twitter.com\/TeInvitoaOaxaca\/status\/773178031548407808?ref_src=twsrc%5Etfw\">September 6, 2016<\/a><\/p><\/blockquote>\n<p><script async src=\"https:\/\/platform.twitter.com\/widgets.js\" charset=\"utf-8\"><\/script><\/p>\n<p>&nbsp;<\/p>\n\n\t\t\t  <div \n\t\t\t  \tclass = \"fb-comments\" \n\t\t\t  \tdata-href = \"http:\/\/www.eloriente.net\/home\/2016\/09\/08\/actividades-culturales-en-oaxaca-que-no-te-puedes-perder\/\"\n\t\t\t  \tdata-numposts = \"10\"\n\t\t\t\tdata-colorscheme = \"dark\"\n\t\t\t\tdata-order-by = \"social\"\n\t\t\t\tdata-mobile=true>\n\t\t\t  <\/div>\n\t\t  <style>\n\t\t\t.fb_iframe_widget_fluid_desktop iframe {\n\t\t\t    width: 100% !important;\n\t\t\t}\n\t\t  <\/style>\n\t\t  ","protected":false},"excerpt":{"rendered":"<p>(www.eloriente.net; M\u00e9xico a 08 de Septiembre de 2016).- Por Jessica Lamadrid Como todos los jueves, El Oriente te comparte las actividades culturales de la semana que puedes realizar en la ciudad. En esta ocasi\u00f3n te compartimos lo que son conciertos, proyecciones de documentales y conferencias a las que puedes asistir. 1.- LA MUJER DEL UMBRAL [&hellip;]<\/p>\n","protected":false},"author":45,"featured_media":44823,"comment_status":"open","ping_status":"open","sticky":false,"template":"","format":"standard","meta":{"_jetpack_memberships_contains_paid_content":false,"footnotes":""},"categories":[8,18,32,63,464,31],"tags":[1032,801,241,1620,6941],"class_list":["post-44780","post","type-post","status-publish","format-standard","has-post-thumbnail","hentry","category-agenda","category-educacion-y-cultura","category-entradas","category-estados","category-oaxaca-estados","category-principal","tag-agenda-2","tag-conciertos","tag-cultura","tag-jueves","tag-presentacion-de-libros"],"jetpack_featured_media_url":"http:\/\/www.eloriente.net\/home\/wp-content\/uploads\/2016\/09\/12778845_977626512307455_5428895096846609924_o.jpg","jetpack_sharing_enabled":true,"_links":{"self":[{"href":"http:\/\/www.eloriente.net\/home\/wp-json\/wp\/v2\/posts\/44780"}],"collection":[{"href":"http:\/\/www.eloriente.net\/home\/wp-json\/wp\/v2\/posts"}],"about":[{"href":"http:\/\/www.eloriente.net\/home\/wp-json\/wp\/v2\/types\/post"}],"author":[{"embeddable":true,"href":"http:\/\/www.eloriente.net\/home\/wp-json\/wp\/v2\/users\/45"}],"replies":[{"embeddable":true,"href":"http:\/\/www.eloriente.net\/home\/wp-json\/wp\/v2\/comments?post=44780"}],"version-history":[{"count":8,"href":"http:\/\/www.eloriente.net\/home\/wp-json\/wp\/v2\/posts\/44780\/revisions"}],"predecessor-version":[{"id":44871,"href":"http:\/\/www.eloriente.net\/home\/wp-json\/wp\/v2\/posts\/44780\/revisions\/44871"}],"wp:featuredmedia":[{"embeddable":true,"href":"http:\/\/www.eloriente.net\/home\/wp-json\/wp\/v2\/media\/44823"}],"wp:attachment":[{"href":"http:\/\/www.eloriente.net\/home\/wp-json\/wp\/v2\/media?parent=44780"}],"wp:term":[{"taxonomy":"category","embeddable":true,"href":"http:\/\/www.eloriente.net\/home\/wp-json\/wp\/v2\/categories?post=44780"},{"taxonomy":"post_tag","embeddable":true,"href":"http:\/\/www.eloriente.net\/home\/wp-json\/wp\/v2\/tags?post=44780"}],"curies":[{"name":"wp","href":"https:\/\/api.w.org\/{rel}","templated":true}]}}