{"id":44812,"date":"2016-09-10T09:45:41","date_gmt":"2016-09-10T15:45:41","guid":{"rendered":"http:\/\/www.eloriente.net\/home\/?p=44812"},"modified":"2016-09-11T10:21:16","modified_gmt":"2016-09-11T16:21:16","slug":"5-videos-para-adquirir-disciplina","status":"publish","type":"post","link":"http:\/\/www.eloriente.net\/home\/2016\/09\/10\/5-videos-para-adquirir-disciplina\/","title":{"rendered":"TU AULA: 5 videos para adquirir disciplina"},"content":{"rendered":"<p><!-- BANNER ELORIENTE INCRUSTADO NOTAS --> <ins class=\"adsbygoogle\" style=\"width: 300px;height: 250px\"><\/ins><\/p>\n<p>(www.eloriente.net; M\u00e9xico a 10 de Septiembre de 2016) .- Por Jessica Lamadrid<\/p>\n<p>La disciplina es esencial para que las personas cumplan con los objetivos que se han puesto a largo, corto o mediano plazo, sin embargo, este es uno de los h\u00e1bitos m\u00e1s dif\u00edciles de adquirir pues durante la pr\u00e1ctica es abandonado. Por este motivo El Oriente en esta ocasi\u00f3n te comparte 5 videos que te ayudar\u00e1n a tener disciplina.<\/p>\n<p><!-- BANNER PEQUE\u00d1O PARA ENTRENOTAS EL ORIENTE --> <ins class=\"adsbygoogle\" style=\"width: 468px;height: 60px\"><\/ins><\/p>\n<p>1.- YOKOI KENJI &#8211; 3 Reglas Para Tener Disciplina<\/p>\n<p>Kenji Yokio iniciador de la <a href=\"http:\/\/www.turismoconproposito.org\/fundacin-turismo-con-propsito\" target=\"_blank\">Fundaci\u00f3n Turismo con Prop\u00f3sito<\/a>, adem\u00e1s de este trabajo se ah dedicado a dar conferencias a emprendedores haciendo comparaciones entre lo que es Colombia y Jap\u00f3n respecto a h\u00e1bitos como la disciplina.<\/p>\n<p><span class=\"embed-youtube\" style=\"text-align:center; display: block;\"><iframe loading=\"lazy\" class=\"youtube-player\" width=\"640\" height=\"360\" src=\"https:\/\/www.youtube.com\/embed\/MTnVbFxYgAI?version=3&#038;rel=1&#038;showsearch=0&#038;showinfo=1&#038;iv_load_policy=1&#038;fs=1&#038;hl=es-ES&#038;autohide=2&#038;wmode=transparent\" allowfullscreen=\"true\" style=\"border:0;\" sandbox=\"allow-scripts allow-same-origin allow-popups allow-presentation allow-popups-to-escape-sandbox\"><\/iframe><\/span><\/p>\n<p>&nbsp;<\/p>\n<p>2.-\u00a0Autodisciplina | C\u00f3mo tener disciplina para alcanzar tus metas (h\u00e1bitos, ejercicio, \u00e9xito) #120<\/p>\n<p>Este video fue realizado por Victor Toscano qui\u00e9n se dedica a dar conferencias acerca de t\u00e9cnicas para hablar en p\u00fablico, facilitando esta tarea a trav\u00e9s de su<a href=\"http:\/\/tecnicashablarenpublico.com\/blog\/\" target=\"_blank\"> blog<\/a> y canal de Youtube.<\/p>\n<p><span class=\"embed-youtube\" style=\"text-align:center; display: block;\"><iframe loading=\"lazy\" class=\"youtube-player\" width=\"640\" height=\"360\" src=\"https:\/\/www.youtube.com\/embed\/4nFndSlM9wI?version=3&#038;rel=1&#038;showsearch=0&#038;showinfo=1&#038;iv_load_policy=1&#038;fs=1&#038;hl=es-ES&#038;autohide=2&#038;wmode=transparent\" allowfullscreen=\"true\" style=\"border:0;\" sandbox=\"allow-scripts allow-same-origin allow-popups allow-presentation allow-popups-to-escape-sandbox\"><\/iframe><\/span><\/p>\n<p>3.- C\u00f3mo Ser M\u00e1s Disciplinado y Vencer la Pereza Para Siempre (en 5 pasos)<\/p>\n<p>En este video se dan recomendaciones de como facilitar la pr\u00e1ctica de este h\u00e1bito evitando el \u00a0abandonarlo, qui\u00e9n hizo el video es <a href=\"http:\/\/davidcantone.com\/about\/\" target=\"_blank\">David Cantone <\/a>un conferencista y asesor de empresas acerca de marketing digital.<\/p>\n<p><span class=\"embed-youtube\" style=\"text-align:center; display: block;\"><iframe loading=\"lazy\" class=\"youtube-player\" width=\"640\" height=\"360\" src=\"https:\/\/www.youtube.com\/embed\/3p7-PjmBMWE?version=3&#038;rel=1&#038;showsearch=0&#038;showinfo=1&#038;iv_load_policy=1&#038;fs=1&#038;hl=es-ES&#038;autohide=2&#038;wmode=transparent\" allowfullscreen=\"true\" style=\"border:0;\" sandbox=\"allow-scripts allow-same-origin allow-popups allow-presentation allow-popups-to-escape-sandbox\"><\/iframe><\/span><\/p>\n<p>4.-\u00a0C\u00f3mo ser Disciplinado<\/p>\n<p>En este videos se proporcionan consejos y tips para inculcar la disciplina, el video lo realizo Javier Mu\u00f1iz\u00a0Estudi\u00f3, Ingeniero T\u00e9cnico inform\u00e1tico, que ha escrito libros de inform\u00e1tica y ha dado conferencias en varias empresas sobre la importancia de la inform\u00e1tica. Si quieres conocer m\u00e1s de su trabajo te dejamos aqu\u00ed el link de su <a href=\"https:\/\/www.youtube.com\/channel\/UCt4oJu2ItngyTNBwPNmJDfA\" target=\"_blank\">canal de Youtube.<\/a><\/p>\n<p><span class=\"embed-youtube\" style=\"text-align:center; display: block;\"><iframe loading=\"lazy\" class=\"youtube-player\" width=\"640\" height=\"360\" src=\"https:\/\/www.youtube.com\/embed\/_bJXdtn-VbM?version=3&#038;rel=1&#038;showsearch=0&#038;showinfo=1&#038;iv_load_policy=1&#038;fs=1&#038;hl=es-ES&#038;autohide=2&#038;wmode=transparent\" allowfullscreen=\"true\" style=\"border:0;\" sandbox=\"allow-scripts allow-same-origin allow-popups allow-presentation allow-popups-to-escape-sandbox\"><\/iframe><\/span><\/p>\n<p>5.-\u00a07 trucos para ser m\u00e1s disciplinado en tu d\u00eda a d\u00eda. De: Alex Kei<\/p>\n<p><a href=\"http:\/\/alexkei.com\/es\/\" target=\"_blank\">Alex Kei<\/a>, estratega en marketing y conferencista en este video te comparte trucos que te ayudaran a ser m\u00e1s disciplinado.<\/p>\n<p><span class=\"embed-youtube\" style=\"text-align:center; display: block;\"><iframe loading=\"lazy\" class=\"youtube-player\" width=\"640\" height=\"360\" src=\"https:\/\/www.youtube.com\/embed\/tc67OvDUrJ4?version=3&#038;rel=1&#038;showsearch=0&#038;showinfo=1&#038;iv_load_policy=1&#038;fs=1&#038;hl=es-ES&#038;autohide=2&#038;wmode=transparent\" allowfullscreen=\"true\" style=\"border:0;\" sandbox=\"allow-scripts allow-same-origin allow-popups allow-presentation allow-popups-to-escape-sandbox\"><\/iframe><\/span><\/p>\n<p>&nbsp;<\/p>\n<div class=\"featuredpost\">\n<div class=\"flow_hide\">\n<p><a href=\"http:\/\/www.eloriente.net\/home\/2016\/09\/07\/videocolumna-conflicto-entre-estructura-tradicionales-y-modernas-por-rebeca-garza\/\" rel=\"bookmark\"><img decoding=\"async\" class=\"alignleft\" title=\"VIDEOCOLUMNA: Conflicto entre estructuras tradicionales y modernas. Por Rebeca Garza\" src=\"http:\/\/www.eloriente.net\/home\/wp-content\/themes\/city-desk\/timthumb.php?src=http%3A%2F%2Fwww.eloriente.net%2Fhome%2Fwp-content%2Fuploads%2F2016%2F09%2FREBECA-GARZA-7-DE-SEPTIEMBRE-1-e1473289966111.jpg&amp;q=90&amp;w=70&amp;h=45&amp;zc=1\" alt=\"VIDEOCOLUMNA: Conflicto entre estructuras tradicionales y modernas. Por Rebeca Garza\" \/><\/a><\/p>\n<h2 class=\"posttitle \"><a title=\"Enlace Permanente a VIDEOCOLUMNA: Conflicto entre estructuras tradicionales y modernas. Por Rebeca Garza\" href=\"http:\/\/www.eloriente.net\/home\/2016\/09\/07\/videocolumna-conflicto-entre-estructura-tradicionales-y-modernas-por-rebeca-garza\/\" rel=\"bookmark\">VIDEOCOLUMNA: Conflicto entre estructuras tradicionales y modernas. Por Rebeca Garza<\/a><\/h2>\n<\/div>\n<p>eloriente.net 7 de septiembre de 2016 OTRAS COLUMNAS, DAR CLICK SOBRE LA IMAGEN: Share\u2026<\/p>\n<p class=\"postmeta\"><span class=\"meta_date\">septiembre 7, 2016<\/span><\/p>\n<div class=\"toolbar-social\"><\/div>\n<\/div>\n<div class=\"featuredpost\">\n<div class=\"flow_hide\">\n<p><a href=\"http:\/\/www.eloriente.net\/home\/2016\/09\/07\/videocolumna-la-importancia-de-eduardo-mata-por-carlos-spindola\/\" rel=\"bookmark\"><img decoding=\"async\" class=\"alignleft\" title=\"VIDEOCOLUMNA: La importancia de Eduardo Mata. Por Carlos Sp\u00edndola\" src=\"http:\/\/www.eloriente.net\/home\/wp-content\/themes\/city-desk\/timthumb.php?src=http%3A%2F%2Fwww.eloriente.net%2Fhome%2Fwp-content%2Fuploads%2F2016%2F09%2FCaptura-de-pantalla-2016-09-06-a-las-12.01.31-2-e1473354889958.png&amp;q=90&amp;w=70&amp;h=45&amp;zc=1\" alt=\"VIDEOCOLUMNA: La importancia de Eduardo Mata. Por Carlos Sp\u00edndola\" \/><\/a><\/p>\n<h2 class=\"posttitle \"><a title=\"Enlace Permanente a VIDEOCOLUMNA: La importancia de Eduardo Mata. Por Carlos Sp\u00edndola\" href=\"http:\/\/www.eloriente.net\/home\/2016\/09\/07\/videocolumna-la-importancia-de-eduardo-mata-por-carlos-spindola\/\" rel=\"bookmark\">VIDEOCOLUMNA: La importancia de Eduardo Mata. Por Carlos Sp\u00edndola<\/a><\/h2>\n<\/div>\n<p>eloriente.net 7 de septiembre de 2016 OTRAS COLUMNAS, DAR CLICK SOBRE LA IMAGEN: Share\u2026<\/p>\n<p class=\"postmeta\"><span class=\"meta_date\">septiembre 7, 2016<\/span><\/p>\n<\/div>\n<div class=\"featuredpost\">\n<div class=\"flow_hide\">\n<p><a href=\"http:\/\/www.eloriente.net\/home\/2016\/09\/07\/07sep16-en-vivo-presidente-pena-nieto-anuncia-cambios\/\" rel=\"bookmark\"><img decoding=\"async\" class=\"alignleft\" title=\"07\/Sep\/16 EN VIVO: Presidente Pe\u00f1a Nieto anuncia cambios\" src=\"http:\/\/www.eloriente.net\/home\/wp-content\/themes\/city-desk\/timthumb.php?src=http%3A%2F%2Fwww.eloriente.net%2Fhome%2Fwp-content%2Fuploads%2F2016%2F09%2F%40EPN.jpg&amp;q=90&amp;w=70&amp;h=45&amp;zc=1\" alt=\"07\/Sep\/16 EN VIVO: Presidente Pe\u00f1a Nieto anuncia cambios\" \/><\/a><\/p>\n<h2 class=\"posttitle \"><a title=\"Enlace Permanente a 07\/Sep\/16 EN VIVO: Presidente Pe\u00f1a Nieto anuncia cambios\" href=\"http:\/\/www.eloriente.net\/home\/2016\/09\/07\/07sep16-en-vivo-presidente-pena-nieto-anuncia-cambios\/\" rel=\"bookmark\">07\/Sep\/16 EN VIVO: Presidente Pe\u00f1a Nieto anuncia cambios<\/a><\/h2>\n<\/div>\n<p>eloriente.net 7 de septiembre de 2016 Este mi\u00e9rcoles, desde la Residencia Oficial de los Los Pinos, el presidente Pe\u00f1a Nieto convoc\u00f3 a una conferencia de prensa en\u2026<\/p>\n<p class=\"postmeta\"><span class=\"meta_date\">septiembre 7, 2016<\/span><\/p>\n<\/div>\n\n\t\t\t  <div \n\t\t\t  \tclass = \"fb-comments\" \n\t\t\t  \tdata-href = \"http:\/\/www.eloriente.net\/home\/2016\/09\/10\/5-videos-para-adquirir-disciplina\/\"\n\t\t\t  \tdata-numposts = \"10\"\n\t\t\t\tdata-colorscheme = \"dark\"\n\t\t\t\tdata-order-by = \"social\"\n\t\t\t\tdata-mobile=true>\n\t\t\t  <\/div>\n\t\t  <style>\n\t\t\t.fb_iframe_widget_fluid_desktop iframe {\n\t\t\t    width: 100% !important;\n\t\t\t}\n\t\t  <\/style>\n\t\t  ","protected":false},"excerpt":{"rendered":"<p>(www.eloriente.net; M\u00e9xico a 10 de Septiembre de 2016) .- Por Jessica Lamadrid La disciplina es esencial para que las personas cumplan con los objetivos que se han puesto a largo, corto o mediano plazo, sin embargo, este es uno de los h\u00e1bitos m\u00e1s dif\u00edciles de adquirir pues durante la pr\u00e1ctica es abandonado. Por este motivo [&hellip;]<\/p>\n","protected":false},"author":45,"featured_media":44856,"comment_status":"open","ping_status":"open","sticky":false,"template":"","format":"standard","meta":{"_jetpack_memberships_contains_paid_content":false,"footnotes":""},"categories":[3,32,10,1],"tags":[6952,1782,866,3417,3725],"class_list":["post-44812","post","type-post","status-publish","format-standard","has-post-thumbnail","hentry","category-canal-1-tu-aula","category-entradas","category-lo-mas-reciente","category-uncategorized","tag-5-videos","tag-consejos","tag-disciplina","tag-habitos","tag-tu-aula"],"jetpack_featured_media_url":"http:\/\/www.eloriente.net\/home\/wp-content\/uploads\/2016\/09\/write-593333_1920.jpg","jetpack_sharing_enabled":true,"_links":{"self":[{"href":"http:\/\/www.eloriente.net\/home\/wp-json\/wp\/v2\/posts\/44812"}],"collection":[{"href":"http:\/\/www.eloriente.net\/home\/wp-json\/wp\/v2\/posts"}],"about":[{"href":"http:\/\/www.eloriente.net\/home\/wp-json\/wp\/v2\/types\/post"}],"author":[{"embeddable":true,"href":"http:\/\/www.eloriente.net\/home\/wp-json\/wp\/v2\/users\/45"}],"replies":[{"embeddable":true,"href":"http:\/\/www.eloriente.net\/home\/wp-json\/wp\/v2\/comments?post=44812"}],"version-history":[{"count":9,"href":"http:\/\/www.eloriente.net\/home\/wp-json\/wp\/v2\/posts\/44812\/revisions"}],"predecessor-version":[{"id":44876,"href":"http:\/\/www.eloriente.net\/home\/wp-json\/wp\/v2\/posts\/44812\/revisions\/44876"}],"wp:featuredmedia":[{"embeddable":true,"href":"http:\/\/www.eloriente.net\/home\/wp-json\/wp\/v2\/media\/44856"}],"wp:attachment":[{"href":"http:\/\/www.eloriente.net\/home\/wp-json\/wp\/v2\/media?parent=44812"}],"wp:term":[{"taxonomy":"category","embeddable":true,"href":"http:\/\/www.eloriente.net\/home\/wp-json\/wp\/v2\/categories?post=44812"},{"taxonomy":"post_tag","embeddable":true,"href":"http:\/\/www.eloriente.net\/home\/wp-json\/wp\/v2\/tags?post=44812"}],"curies":[{"name":"wp","href":"https:\/\/api.w.org\/{rel}","templated":true}]}}