{"id":44844,"date":"2016-09-08T17:33:53","date_gmt":"2016-09-08T23:33:53","guid":{"rendered":"http:\/\/www.eloriente.net\/home\/?p=44844"},"modified":"2016-09-11T10:22:09","modified_gmt":"2016-09-11T16:22:09","slug":"oaxaca-apoya-uabjo-con-diplomados-la-educacion-continua","status":"publish","type":"post","link":"http:\/\/www.eloriente.net\/home\/2016\/09\/08\/oaxaca-apoya-uabjo-con-diplomados-la-educacion-continua\/","title":{"rendered":"OAXACA: Diplomados en UABJO"},"content":{"rendered":"<p><script src=\"\/\/pagead2.googlesyndication.com\/pagead\/js\/adsbygoogle.js\" async=\"\"><\/script><!-- BANNER ELORIENTE INCRUSTADO NOTAS --> <ins class=\"adsbygoogle\" style=\"display: inline-block; width: 300px; height: 250px;\" data-ad-client=\"ca-pub-1136171134853753\" data-ad-slot=\"7974633627\"><\/ins><script>\/\/ <![CDATA[\n(adsbygoogle = window.adsbygoogle || []).push({});\n\/\/ ]]><\/script><\/p>\n<p>&nbsp;<\/p>\n<p>(www.eloriente.net, 8 de septiembre de 2016).-\u00a0<span style=\"font-weight: 400;\">Con gran participaci\u00f3n dio inicio la tercera edici\u00f3n del Diplomado \u201cDiagn\u00f3stico Integral en Hematopatolog\u00eda\u201d, ofertado por la Facultad de Ciencias Qu\u00edmicas de la Universidad Aut\u00f3noma \u201cBenito Ju\u00e1rez\u201d de Oaxaca.<\/span><\/p>\n<p>Durante la ceremonia inaugural, el Director de la Facultad, Jos\u00e9 \u00c1ngel Cueva Villanueva, se\u00f1al\u00f3 la importancia de la actualizaci\u00f3n, ya que los principales promotores del prestigio de esta instituci\u00f3n son los estudiantes y egresados.<\/p>\n<p>Mencion\u00f3 que la Unidad Acad\u00e9mica realiza de manera permanente cursos en el \u00e1rea qu\u00edmica, como parte de su compromiso con la sociedad y en cumplimiento a sus funciones sustantivas.<\/p>\n<p>El Catedr\u00e1tico y Titular del Diplomado, Alejandro Mart\u00ednez S\u00e1nchez, sostuvo que para poder aprender y generar calidad de conocimiento es necesario ser constante, \u00a0dedicado y sobre todo estar actualizado para enfrentar los retos de una mundo cada vez m\u00e1s demandante.<\/p>\n<p><span style=\"font-weight: 400;\">En representaci\u00f3n del Rector de la UABJO, Dr. Eduardo Bautista Mart\u00ednez, asisti\u00f3 la Directora del CECAD, Irma Yolanda Ortiz Acosta, quien felicit\u00f3 a los presentes por el inter\u00e9s de continuar prepar\u00e1ndose acad\u00e9micamente, ya que esto representa una parte primordial dentro de su carrera profesional que les abrir\u00e1 m\u00e1s puertas y as\u00ed brindar servicios de calidad a nuestra la sociedad.<\/span><\/p>\n<p><script src=\"\/\/pagead2.googlesyndication.com\/pagead\/js\/adsbygoogle.js\" async=\"\"><\/script><!-- BANNER PEQUE\u00d1O PARA ENTRENOTAS EL ORIENTE --> <ins class=\"adsbygoogle\" style=\"display: inline-block; width: 468px; height: 60px;\" data-ad-client=\"ca-pub-1136171134853753\" data-ad-slot=\"4953536424\"><\/ins><script>\/\/ <![CDATA[\n(adsbygoogle = window.adsbygoogle || []).push({});\n\/\/ ]]><\/script><\/p>\n<p>Cabe destacar que una de las ventajas que se tiene con el diplomado es que mediante tesis o trabajos que sean de alto impacto se abre la posibilidad de titulaci\u00f3n a su t\u00e9rmino.<\/p>\n<p><span style=\"font-weight: 400;\">Algunos de los temas que se abordar\u00e1n son: T\u00e9cnicas de Montaje y Diagnostico Parasitol\u00f3gico de Par\u00e1sitos Emergentes, Anticuerpos irregulares y Control de Calidad en Banco de Sangre. Adem\u00e1s, se tiene contemplado el curso de L\u00edquidos Org\u00e1nicos.<\/span><\/p>\n<p>Durante el acto protocolario tambi\u00e9n estuvieron presentes el Secretario de Planeaci\u00f3n, Aristeo Segura Salvador; de la Direcci\u00f3n de Evaluaci\u00f3n Acad\u00e9mica, Rolando Ferrado Mart\u00ednez; la Secretaria de Educaci\u00f3n Continua COLQUIMACO, A.C, Cristina Casillas C\u00f3rdova; el Coordinador de Docencia, H\u00e9ctor Bernardino Hern\u00e1ndez; el Coordinador de Titulaci\u00f3n, Arturo Sapi\u00e9n Mart\u00ednez; el Gerente de Difarmalar, Manuel Hern\u00e1ndez, el Dr. Jaime Vargas Arzola, Q.B. Mario Urbina, Q.B. Juan Pablo Merino Villalobos, entre otros invitados.<\/p>\n<p><a href=\"http:\/\/www.eloriente.net\/home\/wp-content\/uploads\/2016\/09\/UABJO-8-de-SEPT.jpg\" rel=\"attachment wp-att-44845\"><img loading=\"lazy\" decoding=\"async\" class=\"alignnone  wp-image-44845\" src=\"http:\/\/www.eloriente.net\/home\/wp-content\/uploads\/2016\/09\/UABJO-8-de-SEPT.jpg\" alt=\"uabjo-8-de-sept\" width=\"601\" height=\"451\" srcset=\"http:\/\/www.eloriente.net\/home\/wp-content\/uploads\/2016\/09\/UABJO-8-de-SEPT.jpg 2880w, http:\/\/www.eloriente.net\/home\/wp-content\/uploads\/2016\/09\/UABJO-8-de-SEPT-300x225.jpg 300w, http:\/\/www.eloriente.net\/home\/wp-content\/uploads\/2016\/09\/UABJO-8-de-SEPT-768x576.jpg 768w, http:\/\/www.eloriente.net\/home\/wp-content\/uploads\/2016\/09\/UABJO-8-de-SEPT-1024x768.jpg 1024w\" sizes=\"(max-width: 601px) 100vw, 601px\" \/><\/a><\/p>\n<p><strong>OTRAS ENTRADAS<\/strong><\/p>\n<div class=\"featuredpost\">\n<div class=\"flow_hide\">\n<h2 class=\"posttitle bigposttitle\"><a title=\"Enlace Permanente a VIDEOCOLUMNA: \u201cLa insoportable levedad del ser\u201d de Milan Kundera. Por Alejandra Silva\" href=\"http:\/\/www.eloriente.net\/home\/2016\/09\/08\/videocolumna-la-insoportable-levedad-del-ser-de-milan-kundera-por-alejandra-silva\/\" rel=\"bookmark\">VIDEOCOLUMNA: \u201cLa insoportable levedad del ser\u201d de Milan Kundera. Por Alejandra Silva<\/a><\/h2>\n<\/div>\n<p>eloriente.net 8 de septiembre de 2016 OTRAS COLUMNAS, DAR CLICK SOBRE LA IMAGEN: Share\u2026<\/p>\n<p class=\"postmeta\"><span class=\"meta_date\">septiembre 8, 2016<\/span><\/p>\n<div class=\"toolbar-social\"><\/div>\n<\/div>\n<div class=\"featuredpost\">\n<div class=\"flow_hide\">\n<p><a href=\"http:\/\/www.eloriente.net\/home\/2016\/09\/07\/videocolumna-conflicto-entre-estructura-tradicionales-y-modernas-por-rebeca-garza\/\" rel=\"bookmark\"><img decoding=\"async\" class=\"alignleft\" title=\"VIDEOCOLUMNA: Conflicto entre estructuras tradicionales y modernas. Por Rebeca Garza\" src=\"http:\/\/www.eloriente.net\/home\/wp-content\/themes\/city-desk\/timthumb.php?src=http%3A%2F%2Fwww.eloriente.net%2Fhome%2Fwp-content%2Fuploads%2F2016%2F09%2FREBECA-GARZA-7-DE-SEPTIEMBRE-1-e1473289966111.jpg&amp;q=90&amp;w=70&amp;h=45&amp;zc=1\" alt=\"VIDEOCOLUMNA: Conflicto entre estructuras tradicionales y modernas. Por Rebeca Garza\" \/><\/a><\/p>\n<h2 class=\"posttitle \"><a title=\"Enlace Permanente a VIDEOCOLUMNA: Conflicto entre estructuras tradicionales y modernas. Por Rebeca Garza\" href=\"http:\/\/www.eloriente.net\/home\/2016\/09\/07\/videocolumna-conflicto-entre-estructura-tradicionales-y-modernas-por-rebeca-garza\/\" rel=\"bookmark\">VIDEOCOLUMNA: Conflicto entre estructuras tradicionales y modernas. Por Rebeca Garza<\/a><\/h2>\n<\/div>\n<p>eloriente.net 7 de septiembre de 2016 OTRAS COLUMNAS, DAR CLICK SOBRE LA IMAGEN: Share\u2026<\/p>\n<p class=\"postmeta\"><span class=\"meta_date\">septiembre 7, 2016<\/span><\/p>\n<div class=\"toolbar-social\"><\/div>\n<\/div>\n<div class=\"featuredpost\">\n<div class=\"flow_hide\">\n<p><a href=\"http:\/\/www.eloriente.net\/home\/2016\/09\/07\/videocolumna-la-importancia-de-eduardo-mata-por-carlos-spindola\/\" rel=\"bookmark\"><img decoding=\"async\" class=\"alignleft\" title=\"VIDEOCOLUMNA: La importancia de Eduardo Mata. Por Carlos Sp\u00edndola\" src=\"http:\/\/www.eloriente.net\/home\/wp-content\/themes\/city-desk\/timthumb.php?src=http%3A%2F%2Fwww.eloriente.net%2Fhome%2Fwp-content%2Fuploads%2F2016%2F09%2FCaptura-de-pantalla-2016-09-06-a-las-12.01.31-2-e1473354889958.png&amp;q=90&amp;w=70&amp;h=45&amp;zc=1\" alt=\"VIDEOCOLUMNA: La importancia de Eduardo Mata. Por Carlos Sp\u00edndola\" \/><\/a><\/p>\n<h2 class=\"posttitle \"><a title=\"Enlace Permanente a VIDEOCOLUMNA: La importancia de Eduardo Mata. Por Carlos Sp\u00edndola\" href=\"http:\/\/www.eloriente.net\/home\/2016\/09\/07\/videocolumna-la-importancia-de-eduardo-mata-por-carlos-spindola\/\" rel=\"bookmark\">VIDEOCOLUMNA: La importancia de Eduardo Mata. Por Carlos Sp\u00edndola<\/a><\/h2>\n<\/div>\n<p>eloriente.net 7 de septiembre de 2016 OTRAS COLUMNAS, DAR CLICK SOBRE LA IMAGEN: Share\u2026<\/p>\n<p class=\"postmeta\"><span class=\"meta_date\">septiembre 7, 2016<\/span><\/p>\n<\/div>\n\n\t\t\t  <div \n\t\t\t  \tclass = \"fb-comments\" \n\t\t\t  \tdata-href = \"http:\/\/www.eloriente.net\/home\/2016\/09\/08\/oaxaca-apoya-uabjo-con-diplomados-la-educacion-continua\/\"\n\t\t\t  \tdata-numposts = \"10\"\n\t\t\t\tdata-colorscheme = \"dark\"\n\t\t\t\tdata-order-by = \"social\"\n\t\t\t\tdata-mobile=true>\n\t\t\t  <\/div>\n\t\t  <style>\n\t\t\t.fb_iframe_widget_fluid_desktop iframe {\n\t\t\t    width: 100% !important;\n\t\t\t}\n\t\t  <\/style>\n\t\t  ","protected":false},"excerpt":{"rendered":"<p>&nbsp; (www.eloriente.net, 8 de septiembre de 2016).-\u00a0Con gran participaci\u00f3n dio inicio la tercera edici\u00f3n del Diplomado \u201cDiagn\u00f3stico Integral en Hematopatolog\u00eda\u201d, ofertado por la Facultad de Ciencias Qu\u00edmicas de la Universidad Aut\u00f3noma \u201cBenito Ju\u00e1rez\u201d de Oaxaca. Durante la ceremonia inaugural, el Director de la Facultad, Jos\u00e9 \u00c1ngel Cueva Villanueva, se\u00f1al\u00f3 la importancia de la actualizaci\u00f3n, ya [&hellip;]<\/p>\n","protected":false},"author":44,"featured_media":44845,"comment_status":"open","ping_status":"open","sticky":false,"template":"","format":"standard","meta":{"_jetpack_memberships_contains_paid_content":false,"footnotes":""},"categories":[1588,18,32,63,464,84],"tags":[6947,6949,6946,6948,228,4433,5738],"class_list":["post-44844","post","type-post","status-publish","format-standard","has-post-thumbnail","hentry","category-comunicados-y-boletines","category-educacion-y-cultura","category-entradas","category-estados","category-oaxaca-estados","category-universidades","tag-actualizacion","tag-eduardo-bautista-martinez","tag-educacion-continua","tag-facultad-de-ciencias-quimicas","tag-rector","tag-ubajo","tag-universidad-autonoma-benito-juarez-de-oaxaca"],"jetpack_featured_media_url":"http:\/\/www.eloriente.net\/home\/wp-content\/uploads\/2016\/09\/UABJO-8-de-SEPT.jpg","jetpack_sharing_enabled":true,"_links":{"self":[{"href":"http:\/\/www.eloriente.net\/home\/wp-json\/wp\/v2\/posts\/44844"}],"collection":[{"href":"http:\/\/www.eloriente.net\/home\/wp-json\/wp\/v2\/posts"}],"about":[{"href":"http:\/\/www.eloriente.net\/home\/wp-json\/wp\/v2\/types\/post"}],"author":[{"embeddable":true,"href":"http:\/\/www.eloriente.net\/home\/wp-json\/wp\/v2\/users\/44"}],"replies":[{"embeddable":true,"href":"http:\/\/www.eloriente.net\/home\/wp-json\/wp\/v2\/comments?post=44844"}],"version-history":[{"count":2,"href":"http:\/\/www.eloriente.net\/home\/wp-json\/wp\/v2\/posts\/44844\/revisions"}],"predecessor-version":[{"id":44877,"href":"http:\/\/www.eloriente.net\/home\/wp-json\/wp\/v2\/posts\/44844\/revisions\/44877"}],"wp:featuredmedia":[{"embeddable":true,"href":"http:\/\/www.eloriente.net\/home\/wp-json\/wp\/v2\/media\/44845"}],"wp:attachment":[{"href":"http:\/\/www.eloriente.net\/home\/wp-json\/wp\/v2\/media?parent=44844"}],"wp:term":[{"taxonomy":"category","embeddable":true,"href":"http:\/\/www.eloriente.net\/home\/wp-json\/wp\/v2\/categories?post=44844"},{"taxonomy":"post_tag","embeddable":true,"href":"http:\/\/www.eloriente.net\/home\/wp-json\/wp\/v2\/tags?post=44844"}],"curies":[{"name":"wp","href":"https:\/\/api.w.org\/{rel}","templated":true}]}}