{"id":44908,"date":"2016-09-13T17:35:33","date_gmt":"2016-09-13T23:35:33","guid":{"rendered":"http:\/\/www.eloriente.net\/home\/?p=44908"},"modified":"2016-09-13T17:40:42","modified_gmt":"2016-09-13T23:40:42","slug":"videocolumna-en-homenaje-a-los-locutores-por-raul-maldonado-mendoza","status":"publish","type":"post","link":"http:\/\/www.eloriente.net\/home\/2016\/09\/13\/videocolumna-en-homenaje-a-los-locutores-por-raul-maldonado-mendoza\/","title":{"rendered":"VIDEOCOLUMNA: En homenaje a los locutores. Por Ra\u00fal Maldonado Mendoza"},"content":{"rendered":"<p><script src=\"\/\/pagead2.googlesyndication.com\/pagead\/js\/adsbygoogle.js\" async=\"\"><\/script><!-- BANNER ELORIENTE INCRUSTADO NOTAS --> <ins class=\"adsbygoogle\" style=\"display: inline-block; width: 300px; height: 250px;\" data-ad-client=\"ca-pub-1136171134853753\" data-ad-slot=\"7974633627\"><\/ins><script>\/\/ <![CDATA[\n(adsbygoogle = window.adsbygoogle || []).push({});\n\/\/ ]]><\/script><\/p>\n<p>&nbsp;<\/p>\n<p>eloriente.net<\/p>\n<p>13 de agosto de 2016<\/p>\n<p>Ra\u00fal Maldonado Mendoza es\u00a0Licenciado en Derecho por la UABJO,\u00a0Campe\u00f3n Nacional de Oratoria\u00a0representando al Estado de Oaxaca en el Concurso\u00a0\u00abUn Siglo de Sindicalismo en M\u00e9xico\u00bb, organizado por la CTM. Igualmente\u00a0Director del Programa Radiof\u00f3nico \u00abVoz, Educaci\u00f3n y Comunidad\u00bb del CSEIIO. Es autor de la obra literaria \u00abPoemas a la Vida\u00bb editada en disco compacto por la UABJO.<\/p>\n<p>El 14 de septiembre se celebra el D\u00eda del Locutor, y <a class=\"profileLink\" href=\"https:\/\/www.facebook.com\/raul.maldonadomendoza.9\" data-hovercard=\"\/ajax\/hovercard\/user.php?id=100001942230138\">Ra\u00fal Maldonado Mendoza<\/a> ha dedicado su videocolumna de esta semana para homenajear a quienes realizan tan importante labor.<\/p>\n<p><iframe loading=\"lazy\" style=\"border: none; overflow: hidden;\" src=\"https:\/\/www.facebook.com\/plugins\/video.php?href=https%3A%2F%2Fwww.facebook.com%2F443535572345554%2Fvideos%2F1285032034862566%2F&amp;show_text=0&amp;width=560\" width=\"560\" height=\"315\" frameborder=\"0\" scrolling=\"no\" allowfullscreen=\"allowfullscreen\"><\/iframe><\/p>\n<p><script src=\"\/\/pagead2.googlesyndication.com\/pagead\/js\/adsbygoogle.js\" async=\"\"><\/script><!-- BANNER PEQUE\u00d1O PARA ENTRENOTAS EL ORIENTE --> <ins class=\"adsbygoogle\" style=\"display: inline-block; width: 468px; height: 60px;\" data-ad-client=\"ca-pub-1136171134853753\" data-ad-slot=\"4953536424\"><\/ins><script>\/\/ <![CDATA[\n(adsbygoogle = window.adsbygoogle || []).push({});\n\/\/ ]]><\/script><\/p>\n<p><a href=\"http:\/\/www.eloriente.net\/home\/wp-content\/uploads\/2016\/09\/RAU\u0301L-MALDONADO-13-DE-SEPTIEMBRE.jpg\" rel=\"attachment wp-att-44909\"><img loading=\"lazy\" decoding=\"async\" class=\"alignnone wp-image-44909\" src=\"http:\/\/www.eloriente.net\/home\/wp-content\/uploads\/2016\/09\/RAU\u0301L-MALDONADO-13-DE-SEPTIEMBRE.jpg\" alt=\"raul-maldonado-13-de-septiembre\" width=\"599\" height=\"337\" srcset=\"http:\/\/www.eloriente.net\/home\/wp-content\/uploads\/2016\/09\/RAU\u0301L-MALDONADO-13-DE-SEPTIEMBRE.jpg 1920w, http:\/\/www.eloriente.net\/home\/wp-content\/uploads\/2016\/09\/RAU\u0301L-MALDONADO-13-DE-SEPTIEMBRE-300x169.jpg 300w, http:\/\/www.eloriente.net\/home\/wp-content\/uploads\/2016\/09\/RAU\u0301L-MALDONADO-13-DE-SEPTIEMBRE-768x432.jpg 768w, http:\/\/www.eloriente.net\/home\/wp-content\/uploads\/2016\/09\/RAU\u0301L-MALDONADO-13-DE-SEPTIEMBRE-1024x576.jpg 1024w\" sizes=\"(max-width: 599px) 100vw, 599px\" \/><\/a><\/p>\n<p><strong>OTRAS VIDEOCOLUMNAS<\/strong><\/p>\n<div id=\"post-44791\" class=\"entry loop-default border_bottom_30 post-44791 post type-post status-publish format-standard has-post-thumbnail hentry category-educacion-y-cultura category-entradas category-estados category-historia category-oaxaca-estados category-principal category-raul-cruz-maldonado category-videoblogs tag-batalla-5-de-septiembre tag-batalla-de-juchitan tag-juchitan tag-juchitan-de-zaragoza tag-raul-maldonado-mendoza tag-video tag-videocolumna\">\n<h2 class=\"entry_title\"><a title=\"Enlace Permanente a VIDEOCOLUMNA: La hist\u00f3rica Batalla de Juchit\u00e1n, por Ra\u00fal Maldonado Mendoza\" href=\"http:\/\/www.eloriente.net\/home\/2016\/09\/05\/videocolumna-la-historica-batalla-de-juchitan-por-raul-maldonado-mendoza\/\" rel=\"bookmark\">VIDEOCOLUMNA: La hist\u00f3rica Batalla de Juchit\u00e1n, por Ra\u00fal Maldonado Mendoza<\/a><\/h2>\n<p><a href=\"http:\/\/www.eloriente.net\/home\/2016\/09\/05\/videocolumna-la-historica-batalla-de-juchitan-por-raul-maldonado-mendoza\/\" rel=\"bookmark\"><img decoding=\"async\" class=\"alignleft\" title=\"VIDEOCOLUMNA: La hist\u00f3rica Batalla de Juchit\u00e1n, por Ra\u00fal Maldonado Mendoza\" src=\"http:\/\/www.eloriente.net\/home\/wp-content\/themes\/city-desk\/timthumb.php?src=http%3A%2F%2Fwww.eloriente.net%2Fhome%2Fwp-content%2Fuploads%2F2016%2F09%2FRAU%CC%81L-MALDONADO-5-DE-SEPTIEMBRE-1-e1473112249107.jpg&amp;q=90&amp;w=160&amp;h=106&amp;zc=1\" alt=\"VIDEOCOLUMNA: La hist\u00f3rica Batalla de Juchit\u00e1n, por Ra\u00fal Maldonado Mendoza\" \/><\/a>\u00a0 eloriente.net 5 de septiembre de 2016<\/p>\n<p class=\"postmeta\"><span class=\"meta_date\">septiembre 5, 2016<\/span><\/p>\n<\/div>\n<div id=\"post-44716\" class=\"entry loop-default border_bottom_30 post-44716 post type-post status-publish format-standard has-post-thumbnail hentry category-derechos-humanos category-entradas category-estados category-oaxaca-estados category-principal category-raul-cruz-maldonado category-videoblogs\">\n<h2 class=\"entry_title\"><\/h2>\n<h2 class=\"entry_title\"><a title=\"Enlace Permanente a VIDEOCOLUMNA: Un gran d\u00eda de fiesta en El Gachup\u00edn, Tlazoyaltepec. Por Ra\u00fal Maldonado Mendoza\" href=\"http:\/\/www.eloriente.net\/home\/2016\/08\/30\/videocolumna-un-gran-dia-de-fiesta-en-el-gachupin-tlazoyaltepec-por-raul-maldonado-mendoza\/\" rel=\"bookmark\">VIDEOCOLUMNA: Un gran d\u00eda de fiesta en El Gachup\u00edn, Tlazoyaltepec. Por Ra\u00fal Maldonado Mendoza<\/a><\/h2>\n<p><a href=\"http:\/\/www.eloriente.net\/home\/2016\/08\/30\/videocolumna-un-gran-dia-de-fiesta-en-el-gachupin-tlazoyaltepec-por-raul-maldonado-mendoza\/\" rel=\"bookmark\"><img decoding=\"async\" class=\"alignleft\" title=\"VIDEOCOLUMNA: Un gran d\u00eda de fiesta en El Gachup\u00edn, Tlazoyaltepec. Por Ra\u00fal Maldonado Mendoza\" src=\"http:\/\/www.eloriente.net\/home\/wp-content\/themes\/city-desk\/timthumb.php?src=http%3A%2F%2Fwww.eloriente.net%2Fhome%2Fwp-content%2Fuploads%2F2016%2F08%2FRAU%CC%81L-MALDONADO-30-DE-AGOSTO-1-e1472594756527.jpg&amp;q=90&amp;w=160&amp;h=106&amp;zc=1\" alt=\"VIDEOCOLUMNA: Un gran d\u00eda de fiesta en El Gachup\u00edn, Tlazoyaltepec. Por Ra\u00fal Maldonado Mendoza\" \/><\/a>\u00a0 eloriente.net 30 de agosto de 2016<\/p>\n<p class=\"postmeta\"><span class=\"meta_date\">agosto 30, 2016<\/span><\/p>\n<\/div>\n<div id=\"post-44639\" class=\"entry loop-default border_bottom_30 post-44639 post type-post status-publish format-standard has-post-thumbnail hentry category-canal-3-musica category-entradas category-especiales category-estados category-musica-de-oaxaca category-principal tag-anversario-luctuoso tag-macedonio-alcala tag-musica tag-raul-maldonado\">\n<h2 class=\"entry_title\"><\/h2>\n<h2 class=\"entry_title\"><a title=\"Enlace Permanente a VIDEOCOLUMNA: En homenaje a Macedonio Alcal\u00e1. Por Ra\u00fal Maldonado\" href=\"http:\/\/www.eloriente.net\/home\/2016\/08\/23\/videocolumna-en-homenaje-a-macedonio-alcala-por-raul-maldonado\/\" rel=\"bookmark\">VIDEOCOLUMNA: En homenaje a Macedonio Alcal\u00e1. Por Ra\u00fal Maldonado<\/a><\/h2>\n<p><a href=\"http:\/\/www.eloriente.net\/home\/2016\/08\/23\/videocolumna-en-homenaje-a-macedonio-alcala-por-raul-maldonado\/\" rel=\"bookmark\"><img decoding=\"async\" class=\"alignleft\" title=\"VIDEOCOLUMNA: En homenaje a Macedonio Alcal\u00e1. Por Ra\u00fal Maldonado\" src=\"http:\/\/www.eloriente.net\/home\/wp-content\/themes\/city-desk\/timthumb.php?src=http%3A%2F%2Fwww.eloriente.net%2Fhome%2Fwp-content%2Fuploads%2F2016%2F08%2FRAU%CC%81L-MALDONADO-23-DE-AGOSTo-1-e1471995713526.jpg&amp;q=90&amp;w=160&amp;h=106&amp;zc=1\" alt=\"VIDEOCOLUMNA: En homenaje a Macedonio Alcal\u00e1. Por Ra\u00fal Maldonado\" \/><\/a>eloriente.net 23 de agosto de 2016<\/p>\n<p class=\"postmeta\"><span class=\"meta_date\">agosto 23, 2016<\/span><\/p>\n<\/div>\n\n\t\t\t  <div \n\t\t\t  \tclass = \"fb-comments\" \n\t\t\t  \tdata-href = \"http:\/\/www.eloriente.net\/home\/2016\/09\/13\/videocolumna-en-homenaje-a-los-locutores-por-raul-maldonado-mendoza\/\"\n\t\t\t  \tdata-numposts = \"10\"\n\t\t\t\tdata-colorscheme = \"dark\"\n\t\t\t\tdata-order-by = \"social\"\n\t\t\t\tdata-mobile=true>\n\t\t\t  <\/div>\n\t\t  <style>\n\t\t\t.fb_iframe_widget_fluid_desktop iframe {\n\t\t\t    width: 100% !important;\n\t\t\t}\n\t\t  <\/style>\n\t\t  ","protected":false},"excerpt":{"rendered":"<p>&nbsp; eloriente.net 13 de agosto de 2016 Ra\u00fal Maldonado Mendoza es\u00a0Licenciado en Derecho por la UABJO,\u00a0Campe\u00f3n Nacional de Oratoria\u00a0representando al Estado de Oaxaca en el Concurso\u00a0\u00abUn Siglo de Sindicalismo en M\u00e9xico\u00bb, organizado por la CTM. Igualmente\u00a0Director del Programa Radiof\u00f3nico \u00abVoz, Educaci\u00f3n y Comunidad\u00bb del CSEIIO. Es autor de la obra literaria \u00abPoemas a la Vida\u00bb [&hellip;]<\/p>\n","protected":false},"author":44,"featured_media":44909,"comment_status":"open","ping_status":"open","sticky":false,"template":"","format":"standard","meta":{"_jetpack_memberships_contains_paid_content":false,"footnotes":""},"categories":[4300,18,32,10,6884,98],"tags":[6963,6964,330,6889,6224],"class_list":["post-44908","post","type-post","status-publish","format-standard","has-post-thumbnail","hentry","category-comunicacion","category-educacion-y-cultura","category-entradas","category-lo-mas-reciente","category-raul-cruz-maldonado","category-videoblogs","tag-dia-del-locutor","tag-locutores","tag-radio","tag-raul-maldonado","tag-videocolumna"],"jetpack_featured_media_url":"http:\/\/www.eloriente.net\/home\/wp-content\/uploads\/2016\/09\/RAU\u0301L-MALDONADO-13-DE-SEPTIEMBRE.jpg","jetpack_sharing_enabled":true,"_links":{"self":[{"href":"http:\/\/www.eloriente.net\/home\/wp-json\/wp\/v2\/posts\/44908"}],"collection":[{"href":"http:\/\/www.eloriente.net\/home\/wp-json\/wp\/v2\/posts"}],"about":[{"href":"http:\/\/www.eloriente.net\/home\/wp-json\/wp\/v2\/types\/post"}],"author":[{"embeddable":true,"href":"http:\/\/www.eloriente.net\/home\/wp-json\/wp\/v2\/users\/44"}],"replies":[{"embeddable":true,"href":"http:\/\/www.eloriente.net\/home\/wp-json\/wp\/v2\/comments?post=44908"}],"version-history":[{"count":3,"href":"http:\/\/www.eloriente.net\/home\/wp-json\/wp\/v2\/posts\/44908\/revisions"}],"predecessor-version":[{"id":44912,"href":"http:\/\/www.eloriente.net\/home\/wp-json\/wp\/v2\/posts\/44908\/revisions\/44912"}],"wp:featuredmedia":[{"embeddable":true,"href":"http:\/\/www.eloriente.net\/home\/wp-json\/wp\/v2\/media\/44909"}],"wp:attachment":[{"href":"http:\/\/www.eloriente.net\/home\/wp-json\/wp\/v2\/media?parent=44908"}],"wp:term":[{"taxonomy":"category","embeddable":true,"href":"http:\/\/www.eloriente.net\/home\/wp-json\/wp\/v2\/categories?post=44908"},{"taxonomy":"post_tag","embeddable":true,"href":"http:\/\/www.eloriente.net\/home\/wp-json\/wp\/v2\/tags?post=44908"}],"curies":[{"name":"wp","href":"https:\/\/api.w.org\/{rel}","templated":true}]}}