{"id":44948,"date":"2016-09-17T10:09:10","date_gmt":"2016-09-17T16:09:10","guid":{"rendered":"http:\/\/www.eloriente.net\/home\/?p=44948"},"modified":"2016-09-17T10:09:10","modified_gmt":"2016-09-17T16:09:10","slug":"utiles-consejos-para-realizar-una-buena-entrevista-de-trabajo","status":"publish","type":"post","link":"http:\/\/www.eloriente.net\/home\/2016\/09\/17\/utiles-consejos-para-realizar-una-buena-entrevista-de-trabajo\/","title":{"rendered":"\u00datiles consejos para realizar una buena entrevista de trabajo"},"content":{"rendered":"<p><script src=\"\/\/pagead2.googlesyndication.com\/pagead\/js\/adsbygoogle.js\" async=\"\"><\/script><!-- BANNER ELORIENTE INCRUSTADO NOTAS --> <ins class=\"adsbygoogle\" style=\"display: inline-block; width: 300px; height: 250px;\" data-ad-client=\"ca-pub-1136171134853753\" data-ad-slot=\"7974633627\"><\/ins><script>\/\/ <![CDATA[\n(adsbygoogle = window.adsbygoogle || []).push({});\n\/\/ ]]><\/script><\/p>\n<p>&nbsp;<\/p>\n<p>( www.eloriente.net; M\u00e9xico a 17 de septiembre de 2016) .- Por Jessica Lamadrid<\/p>\n<p>Una entrevista de trabajo es un proceso por el cual se pasa para obtener un puesto en una empresa, negocio u organizaci\u00f3n. Sin embargo, para muchos es complicado pasarlo y conseguir\u00a0el empleo; por este motivo El Oriente recopil\u00f3 una serie de consejos proporcionados\u00a0por la<a href=\"http:\/\/blog.occeducacion.com\/blog\/bid\/247253\/6-Tips-que-te-Preparar-n-para-la-Entrevista#.V9q8NZjhDIV\" target=\"_blank\"> OCCeducaci\u00f3n<\/a> (de la bolsa de trabajo en M\u00e9xico) y la<a href=\"http:\/\/www.dgoserver.unam.mx\/portaldgose\/bolsa-trabajo\/htmls\/bolsa-tips-entrevista-trabajo.html\" target=\"_blank\"> Universidad Nacional Aut\u00f3noma de M\u00e9xico<\/a>, \u00a0que te ayudar\u00e1n lograr\u00a0una buena entrevista de trabajo y as\u00ed causar una buena impresi\u00f3n<\/p>\n<p>&nbsp;<\/p>\n<h2>1.- Conocer a tu posible empleador<\/h2>\n<p>Si la oferta no contiene el nombre de la empresa, en cuanto te pongas en contacto con ellos o ellos contigo, obt\u00e9n algunos datos para que puedas investigar qui\u00e9nes son y qu\u00e9 hacen. Si la empresa es grande y tiene una p\u00e1gina oficial as\u00ed como redes sociales, invierte tiempo en conocer datos relevantes como su historia, misi\u00f3n, visi\u00f3n, valores, unidades de negocio.<\/p>\n<p>En dado caso que la empresa sea muy peque\u00f1a y no cuente con lo anterior, inf\u00f3rmate de su giro y busca informaci\u00f3n sobre ello.<\/p>\n<p><a href=\"http:\/\/www.gifsanimados.org\/cat-trabajo-411.htm\"><img decoding=\"async\" src=\"http:\/\/www.gifsanimados.org\/data\/media\/411\/trabajo-y-profesion-imagen-animada-0158.gif\" alt=\"trabajo-y-profesion-imagen-animada-0158\" border=\"0\" \/><\/a><\/p>\n<h2>2.-La oferta de empleo como gu\u00eda<\/h2>\n<p>En algunas ocasiones las empresas publican un perfil muy completo del empleado que buscan, especificando competencias, condiciones laborales y actividades. Usando los datos que te proporcionan \u00a0acerca de lo que necesitan puedes empezar a trabajar en los puntos fuertes que posees de cara a\u00a0la entrevista.<\/p>\n<p><a href=\"http:\/\/www.eloriente.net\/home\/wp-content\/uploads\/2016\/09\/Captura-de-pantalla-2016-09-17-a-las-10.12.03-a.m..png\" rel=\"attachment wp-att-44978\"><img loading=\"lazy\" decoding=\"async\" class=\"alignnone size-medium wp-image-44978\" src=\"http:\/\/www.eloriente.net\/home\/wp-content\/uploads\/2016\/09\/Captura-de-pantalla-2016-09-17-a-las-10.12.03-a.m.-300x163.png\" alt=\"captura-de-pantalla-2016-09-17-a-las-10-12-03-a-m\" width=\"300\" height=\"163\" srcset=\"http:\/\/www.eloriente.net\/home\/wp-content\/uploads\/2016\/09\/Captura-de-pantalla-2016-09-17-a-las-10.12.03-a.m.-300x163.png 300w, http:\/\/www.eloriente.net\/home\/wp-content\/uploads\/2016\/09\/Captura-de-pantalla-2016-09-17-a-las-10.12.03-a.m..png 499w\" sizes=\"(max-width: 300px) 100vw, 300px\" \/><\/a><\/p>\n<h2>3.- Toma en cuenta los detalles.<\/h2>\n<ul>\n<li>Se puntual, llega 15 minutos\u00a0antes de la entrevista<\/li>\n<li>Viste formal, ropa de vestir que denote profesionalismo de preferencia de color negro, gris y azul marino.<\/li>\n<li>El maquillaje en las mujeres debe de ser sobrio.<\/li>\n<li>La colonia o perfume que se use debe de ser discreto<\/li>\n<\/ul>\n<p><a href=\"http:\/\/www.eloriente.net\/home\/wp-content\/uploads\/2016\/09\/Captura-de-pantalla-2016-09-17-a-las-10.13.42-a.m..png\" rel=\"attachment wp-att-44980\"><img loading=\"lazy\" decoding=\"async\" class=\"alignnone size-medium wp-image-44980\" src=\"http:\/\/www.eloriente.net\/home\/wp-content\/uploads\/2016\/09\/Captura-de-pantalla-2016-09-17-a-las-10.13.42-a.m.-300x210.png\" alt=\"captura-de-pantalla-2016-09-17-a-las-10-13-42-a-m\" width=\"300\" height=\"210\" srcset=\"http:\/\/www.eloriente.net\/home\/wp-content\/uploads\/2016\/09\/Captura-de-pantalla-2016-09-17-a-las-10.13.42-a.m.-300x210.png 300w, http:\/\/www.eloriente.net\/home\/wp-content\/uploads\/2016\/09\/Captura-de-pantalla-2016-09-17-a-las-10.13.42-a.m..png 475w\" sizes=\"(max-width: 300px) 100vw, 300px\" \/><\/a><\/p>\n<h2>4.- Curricul\u00fam<\/h2>\n<p>Usando como gu\u00eda la oferta de empleo, revisa tu curriculum para ajustarlo al puesto que ofrecen incluyendo logros o experiencias relacionados para reafirmar los puntos fuertes \u00a0y trabajar los d\u00e9biles que identificaste al buscar informaci\u00f3n de tu empleador. Ll\u00e9valo impreso a la entrevista aunque lo hayas enviado anteriormente de manera digital.<\/p>\n<p><a href=\"http:\/\/www.eloriente.net\/home\/wp-content\/uploads\/2016\/09\/Captura-de-pantalla-2016-09-17-a-las-10.12.50-a.m.-1.png\" rel=\"attachment wp-att-44981\"><img loading=\"lazy\" decoding=\"async\" class=\"alignnone size-medium wp-image-44981\" src=\"http:\/\/www.eloriente.net\/home\/wp-content\/uploads\/2016\/09\/Captura-de-pantalla-2016-09-17-a-las-10.12.50-a.m.-1-300x172.png\" alt=\"captura-de-pantalla-2016-09-17-a-las-10-12-50-a-m\" width=\"300\" height=\"172\" srcset=\"http:\/\/www.eloriente.net\/home\/wp-content\/uploads\/2016\/09\/Captura-de-pantalla-2016-09-17-a-las-10.12.50-a.m.-1-300x172.png 300w, http:\/\/www.eloriente.net\/home\/wp-content\/uploads\/2016\/09\/Captura-de-pantalla-2016-09-17-a-las-10.12.50-a.m.-1.png 488w\" sizes=\"(max-width: 300px) 100vw, 300px\" \/><\/a><\/p>\n<p><script src=\"\/\/pagead2.googlesyndication.com\/pagead\/js\/adsbygoogle.js\" async=\"\"><\/script><!-- BANNER PEQUE\u00d1O PARA ENTRENOTAS EL ORIENTE --> <ins class=\"adsbygoogle\" style=\"display: inline-block; width: 468px; height: 60px;\" data-ad-client=\"ca-pub-1136171134853753\" data-ad-slot=\"4953536424\"><\/ins><script>\/\/ <![CDATA[\n(adsbygoogle = window.adsbygoogle || []).push({});\n\/\/ ]]><\/script><\/p>\n<h2>5.- Actitud<\/h2>\n<p>Muestra una actitud seria, habla fluido y responde con honestidad; los reclutadores observaran que tan bien te desenvuelves y si sabes negociar.<\/p>\n<p><a href=\"http:\/\/www.eloriente.net\/home\/wp-content\/uploads\/2016\/09\/Captura-de-pantalla-2016-09-17-a-las-10.15.11-a.m..png\" rel=\"attachment wp-att-44982\"><img loading=\"lazy\" decoding=\"async\" class=\"alignnone size-medium wp-image-44982\" src=\"http:\/\/www.eloriente.net\/home\/wp-content\/uploads\/2016\/09\/Captura-de-pantalla-2016-09-17-a-las-10.15.11-a.m.-300x221.png\" alt=\"captura-de-pantalla-2016-09-17-a-las-10-15-11-a-m\" width=\"300\" height=\"221\" srcset=\"http:\/\/www.eloriente.net\/home\/wp-content\/uploads\/2016\/09\/Captura-de-pantalla-2016-09-17-a-las-10.15.11-a.m.-300x221.png 300w, http:\/\/www.eloriente.net\/home\/wp-content\/uploads\/2016\/09\/Captura-de-pantalla-2016-09-17-a-las-10.15.11-a.m..png 500w\" sizes=\"(max-width: 300px) 100vw, 300px\" \/><\/a><\/p>\n<h2>6.- \u00a0Cierre de entrevista<\/h2>\n<p>Muestra inter\u00e9s en el puesto preguntando por una fecha en la que den los resultados del proceso de selecci\u00f3n, pide una tarjeta de presentaci\u00f3n de qui\u00e9n te entrevist\u00f3 para mantener contacto y desp\u00eddete amablemente.<\/p>\n<p><a href=\"http:\/\/www.eloriente.net\/home\/wp-content\/uploads\/2016\/09\/Captura-de-pantalla-2016-09-17-a-las-10.15.48-a.m..png\" rel=\"attachment wp-att-44983\"><img loading=\"lazy\" decoding=\"async\" class=\"alignnone size-medium wp-image-44983\" src=\"http:\/\/www.eloriente.net\/home\/wp-content\/uploads\/2016\/09\/Captura-de-pantalla-2016-09-17-a-las-10.15.48-a.m.-300x182.png\" alt=\"captura-de-pantalla-2016-09-17-a-las-10-15-48-a-m\" width=\"300\" height=\"182\" srcset=\"http:\/\/www.eloriente.net\/home\/wp-content\/uploads\/2016\/09\/Captura-de-pantalla-2016-09-17-a-las-10.15.48-a.m.-300x182.png 300w, http:\/\/www.eloriente.net\/home\/wp-content\/uploads\/2016\/09\/Captura-de-pantalla-2016-09-17-a-las-10.15.48-a.m..png 471w\" sizes=\"(max-width: 300px) 100vw, 300px\" \/><\/a><\/p>\n<p><strong>OTRAS ENTRADAS<\/strong><\/p>\n<div class=\"featuredpost\">\n<div class=\"flow_hide\">\n<h2 class=\"posttitle bigposttitle\"><a title=\"Enlace Permanente a OAXACA: Comunidad zapoteca se pronuncia por conflicto en San Miguel Suchixtepec\" href=\"http:\/\/www.eloriente.net\/home\/2016\/09\/15\/oaxaca-comunidad-zapoteca-se-pronuncia-por-conflicto-en-san-miguel-suchixtepec\/\" rel=\"bookmark\">OAXACA: Comunidad zapoteca se pronuncia por conflicto en San Miguel Suchixtepec<\/a><\/h2>\n<\/div>\n<p>eloriente.net\/CEPIADET 16 de septiembre de 2016 A todos los pueblos ind\u00edgenas hermanos del mundo. Al pueblo de M\u00e9xico. Al pueblo de Oaxaca. A la opini\u00f3n p\u00fablica. A\u2026<\/p>\n<p class=\"postmeta\"><span class=\"meta_date\">septiembre 15, 2016<\/span><\/p>\n<div class=\"toolbar-social\"><\/div>\n<\/div>\n<div class=\"featuredpost\">\n<div class=\"flow_hide\">\n<p><a href=\"http:\/\/www.eloriente.net\/home\/2016\/09\/13\/oaxaca-iii-diplomado-de-estudios-de-las-mujeres-generos-feminismos-y-descolonizacion\/\" rel=\"bookmark\"><img decoding=\"async\" class=\"alignleft\" title=\"OAXACA: III Diplomado de Estudios de las Mujeres, G\u00e9neros, Feminismos y Descolonizaci\u00f3n\" src=\"http:\/\/www.eloriente.net\/home\/wp-content\/themes\/city-desk\/timthumb.php?src=http%3A%2F%2Fwww.eloriente.net%2Fhome%2Fwp-content%2Fuploads%2F2016%2F09%2FDiplomado.jpg&amp;q=90&amp;w=70&amp;h=45&amp;zc=1\" alt=\"OAXACA: III Diplomado de Estudios de las Mujeres, G\u00e9neros, Feminismos y Descolonizaci\u00f3n\" \/><\/a><\/p>\n<h2 class=\"posttitle \"><a title=\"Enlace Permanente a OAXACA: III Diplomado de Estudios de las Mujeres, G\u00e9neros, Feminismos y Descolonizaci\u00f3n\" href=\"http:\/\/www.eloriente.net\/home\/2016\/09\/13\/oaxaca-iii-diplomado-de-estudios-de-las-mujeres-generos-feminismos-y-descolonizacion\/\" rel=\"bookmark\">OAXACA: III Diplomado de Estudios de las Mujeres, G\u00e9neros, Feminismos y Descolonizaci\u00f3n<\/a><\/h2>\n<\/div>\n<p>La Defensor\u00eda de los Derechos Humanos del Pueblo de Oaxaca \u2013en\u00a0colaboraci\u00f3n con la asociaci\u00f3n civil Lunas del Sur, el Centro de\u00a0Estudios de las Mujeres y la UABJO\u2013\u2026<\/p>\n<p class=\"postmeta\"><span class=\"meta_date\">septiembre 13, 2016<\/span><\/p>\n<div class=\"toolbar-social\"><\/div>\n<\/div>\n<div class=\"featuredpost\">\n<div class=\"flow_hide\">\n<p><a href=\"http:\/\/www.eloriente.net\/home\/2016\/09\/13\/5-vacantes-para-contadores-martesdevacantes-9\/\" rel=\"bookmark\"><img decoding=\"async\" class=\"alignleft\" title=\"5 vacantes para Contadores #MartesDeVacantes\" src=\"http:\/\/www.eloriente.net\/home\/wp-content\/themes\/city-desk\/timthumb.php?src=http%3A%2F%2Fwww.eloriente.net%2Fhome%2Fwp-content%2Fuploads%2F2014%2F05%2Fmartes-de-vacantes.jpg&amp;q=90&amp;w=70&amp;h=45&amp;zc=1\" alt=\"5 vacantes para Contadores #MartesDeVacantes\" \/><\/a><\/p>\n<h2 class=\"posttitle \"><a title=\"Enlace Permanente a 5 vacantes para Contadores #MartesDeVacantes\" href=\"http:\/\/www.eloriente.net\/home\/2016\/09\/13\/5-vacantes-para-contadores-martesdevacantes-9\/\" rel=\"bookmark\">5 vacantes para Contadores #MartesDeVacantes<\/a><\/h2>\n<\/div>\n<p>(www.eloriente.net, M\u00e9xico, a 13 de septiembre de 2016).- Conscientes de la importancia para la ciudadan\u00eda en general de la b\u00fasqueda de nuevas oportunidades de crecimiento profesional, ponemos\u2026<\/p>\n<p class=\"postmeta\"><span class=\"meta_date\">septiembre 13, 2016<\/span><\/p>\n<\/div>\n\n\t\t\t  <div \n\t\t\t  \tclass = \"fb-comments\" \n\t\t\t  \tdata-href = \"http:\/\/www.eloriente.net\/home\/2016\/09\/17\/utiles-consejos-para-realizar-una-buena-entrevista-de-trabajo\/\"\n\t\t\t  \tdata-numposts = \"10\"\n\t\t\t\tdata-colorscheme = \"dark\"\n\t\t\t\tdata-order-by = \"social\"\n\t\t\t\tdata-mobile=true>\n\t\t\t  <\/div>\n\t\t  <style>\n\t\t\t.fb_iframe_widget_fluid_desktop iframe {\n\t\t\t    width: 100% !important;\n\t\t\t}\n\t\t  <\/style>\n\t\t  ","protected":false},"excerpt":{"rendered":"<p>&nbsp; ( www.eloriente.net; M\u00e9xico a 17 de septiembre de 2016) .- Por Jessica Lamadrid Una entrevista de trabajo es un proceso por el cual se pasa para obtener un puesto en una empresa, negocio u organizaci\u00f3n. Sin embargo, para muchos es complicado pasarlo y conseguir\u00a0el empleo; por este motivo El Oriente recopil\u00f3 una serie de [&hellip;]<\/p>\n","protected":false},"author":45,"featured_media":44984,"comment_status":"open","ping_status":"open","sticky":false,"template":"","format":"standard","meta":{"_jetpack_memberships_contains_paid_content":false,"footnotes":""},"categories":[3,32,10,1],"tags":[4743,1782,215,1122,211],"class_list":["post-44948","post","type-post","status-publish","format-standard","has-post-thumbnail","hentry","category-canal-1-tu-aula","category-entradas","category-lo-mas-reciente","category-uncategorized","tag-buscar-trabajo","tag-consejos","tag-empleo","tag-entrevista","tag-trabajo"],"jetpack_featured_media_url":"http:\/\/www.eloriente.net\/home\/wp-content\/uploads\/2016\/09\/man-791049_1920.jpg","jetpack_sharing_enabled":true,"_links":{"self":[{"href":"http:\/\/www.eloriente.net\/home\/wp-json\/wp\/v2\/posts\/44948"}],"collection":[{"href":"http:\/\/www.eloriente.net\/home\/wp-json\/wp\/v2\/posts"}],"about":[{"href":"http:\/\/www.eloriente.net\/home\/wp-json\/wp\/v2\/types\/post"}],"author":[{"embeddable":true,"href":"http:\/\/www.eloriente.net\/home\/wp-json\/wp\/v2\/users\/45"}],"replies":[{"embeddable":true,"href":"http:\/\/www.eloriente.net\/home\/wp-json\/wp\/v2\/comments?post=44948"}],"version-history":[{"count":10,"href":"http:\/\/www.eloriente.net\/home\/wp-json\/wp\/v2\/posts\/44948\/revisions"}],"predecessor-version":[{"id":44986,"href":"http:\/\/www.eloriente.net\/home\/wp-json\/wp\/v2\/posts\/44948\/revisions\/44986"}],"wp:featuredmedia":[{"embeddable":true,"href":"http:\/\/www.eloriente.net\/home\/wp-json\/wp\/v2\/media\/44984"}],"wp:attachment":[{"href":"http:\/\/www.eloriente.net\/home\/wp-json\/wp\/v2\/media?parent=44948"}],"wp:term":[{"taxonomy":"category","embeddable":true,"href":"http:\/\/www.eloriente.net\/home\/wp-json\/wp\/v2\/categories?post=44948"},{"taxonomy":"post_tag","embeddable":true,"href":"http:\/\/www.eloriente.net\/home\/wp-json\/wp\/v2\/tags?post=44948"}],"curies":[{"name":"wp","href":"https:\/\/api.w.org\/{rel}","templated":true}]}}