{"id":44990,"date":"2016-09-17T20:41:08","date_gmt":"2016-09-18T02:41:08","guid":{"rendered":"http:\/\/www.eloriente.net\/home\/?p=44990"},"modified":"2016-09-17T20:41:08","modified_gmt":"2016-09-18T02:41:08","slug":"justicia-libertad-de-expresion-no-protege-calumnias-tepjf","status":"publish","type":"post","link":"http:\/\/www.eloriente.net\/home\/2016\/09\/17\/justicia-libertad-de-expresion-no-protege-calumnias-tepjf\/","title":{"rendered":"JUSTICIA: Libertad de expresi\u00f3n no protege calumnias: TEPJF"},"content":{"rendered":"<p><script src=\"\/\/pagead2.googlesyndication.com\/pagead\/js\/adsbygoogle.js\" async=\"\"><\/script><!-- BANNER ELORIENTE INCRUSTADO NOTAS --> <ins class=\"adsbygoogle\" style=\"display: inline-block; width: 300px; height: 250px;\" data-ad-client=\"ca-pub-1136171134853753\" data-ad-slot=\"7974633627\"><\/ins><script>\/\/ <![CDATA[\n(adsbygoogle = window.adsbygoogle || []).push({});\n\/\/ ]]><\/script><br \/>\neloriente.net\/TEPJF<\/p>\n<p>17 de septiembre de 2016*<\/p>\n<ul>\n<li>La Libertad de expresi\u00f3n en materia pol\u00edtico-electoral tiene como restricci\u00f3n la emisi\u00f3n de expresiones calumniosas.<\/li>\n<\/ul>\n<p>La Sala Superior se\u00f1al\u00f3 que la difusi\u00f3n de informaci\u00f3n sin apoyo de elementos convictivos suficientes, puede generar una carga negativa en la reputaci\u00f3n y dignidad de las personas<\/p>\n<p>Se reconoci\u00f3 que la libertad de expresi\u00f3n en el \u00e1mbito de las contiendas electorales, es un elemento primordial de comunicaci\u00f3n entre los actores pol\u00edticos y el electorado<\/p>\n<p>La Sala Superior del Tribunal Electoral del Poder Judicial de la Federaci\u00f3n (TEPJF) determin\u00f3 que el ejercicio de la libertad de expresi\u00f3n en materia pol\u00edtico-electoral tiene como restricci\u00f3n la emisi\u00f3n de expresiones que calumnien a las personas.<\/p>\n<p>En la Jurisprudencia 31\/2016, con el rubro \u201cLibertad de expresi\u00f3n. No protege la imputaci\u00f3n de delitos cuando con ello se calumnia a las personas\u201d, se estableci\u00f3 que la libertad de expresi\u00f3n en el \u00e1mbito de las contiendas electorales de una sociedad democr\u00e1tica, es un elemento primordial de comunicaci\u00f3n entre los actores pol\u00edticos y el electorado, en el que el debate e intercambio de opiniones debe ser no s\u00f3lo propositivo, sino tambi\u00e9n cr\u00edtico, para que la ciudadan\u00eda cuente con los elementos necesarios a fin de determinar el sentido de su voto.<\/p>\n<p>&nbsp;<br \/>\n<script src=\"\/\/pagead2.googlesyndication.com\/pagead\/js\/adsbygoogle.js\" async=\"\"><\/script><br \/>\n <!-- BANNER PEQUE\u00d1O PARA ENTRENOTAS EL ORIENTE --><br \/>\n <ins class=\"adsbygoogle\" style=\"display: inline-block; width: 468px; height: 60px;\" data-ad-client=\"ca-pub-1136171134853753\" data-ad-slot=\"4953536424\"><\/ins><br \/>\n<script>\/\/ <![CDATA[\n(adsbygoogle = window.adsbygoogle || []).push({});\n\/\/ ]]><\/script><br \/>\n&nbsp;<\/p>\n<p>El criterio jur\u00eddico se\u00f1al\u00f3 que el Consejo General del Instituto Nacional Electoral (INE), como \u00f3rgano competente de verificar el respecto a la mencionada restricci\u00f3n, debe ser particularmente cuidadoso en el ejercicio de esa atribuci\u00f3n, cuando las denuncias o quejas se formulan contra la propaganda pol\u00edtica o electoral, cuyo contenido se relacione con la comisi\u00f3n de delitos.<\/p>\n<p>Lo anterior, porque a diferencia de la cr\u00edtica desinhibida, abierta y vigorosa que se puede dar incluso respecto al ejercicio de cargos p\u00fablicos anteriores en donde el intercambio de ideas est\u00e1 tutelado por las disposiciones constitucionales de la materia, trat\u00e1ndose de la difusi\u00f3n de informaci\u00f3n relacionada con actividades il\u00edcitas, \u00e9sta incrementa la posibilidad de quien la utiliza sin apoyarla en elementos convictivos suficientes, de incurrir en alguna de las restricciones previstas constitucionalmente, en atenci\u00f3n a la carga negativa que sin una justificaci\u00f3n racional y razonable aqu\u00e9lla puede generar sobre la reputaci\u00f3n y dignidad de las personas.<\/p>\n<p>La jurisprudencia se fundamenta en la interpretaci\u00f3n sistem\u00e1tica y funcional de los art\u00edculos 6\u00ba y 41, Base III, Apartado C, de la Constituci\u00f3n Pol\u00edtica de los Estados Unidos Mexicanos; 19, p\u00e1rrafo 3, inciso a), del Pacto Internacional de Derechos Pol\u00edticos y Civiles; 11 y 13, p\u00e1rrafo 1, inciso a), de la Convenci\u00f3n Americana sobre Derechos Humanos.<\/p>\n<p>Con este criterio, aprobado por unanimidad de la Sala Superior el 1 de septiembre de 2016, el Tribunal Electoral del Poder Judicial de la Federaci\u00f3n garantiza la libertad de expresi\u00f3n de los actores pol\u00edticos.<\/p>\n<p>Ciudad de M\u00e9xico, 17 de septiembre de 2016<\/p>\n<p>No. 344\/2016<\/p>\n<p><a href=\"http:\/\/www.eloriente.net\/home\/wp-content\/uploads\/2012\/08\/TEPJF.jpeg\" rel=\"attachment wp-att-2499\"><img loading=\"lazy\" decoding=\"async\" class=\"alignnone size-full wp-image-2499\" src=\"http:\/\/www.eloriente.net\/home\/wp-content\/uploads\/2012\/08\/TEPJF.jpeg\" alt=\"TEPJF\" width=\"400\" height=\"179\" srcset=\"http:\/\/www.eloriente.net\/home\/wp-content\/uploads\/2012\/08\/TEPJF.jpeg 400w, http:\/\/www.eloriente.net\/home\/wp-content\/uploads\/2012\/08\/TEPJF-300x134.jpeg 300w\" sizes=\"(max-width: 400px) 100vw, 400px\" \/><\/a><\/p>\n<p>IMAGEN: Archivo TEPJF<\/p>\n<p>&nbsp;<\/p>\n<p>OTRAS ENTRADAS:<\/p>\n<div id=\"post-44786\" class=\"entry loop-default border_bottom_30 post-44786 post type-post status-publish format-standard has-post-thumbnail hentry category-articulistas category-congreso-y-justicia category-derechos-humanos category-entradas category-especiales category-gerardo-martinez-ortega category-lo-mas-reciente tag-articulistas tag-derechos-humanos-2 tag-gerardo-martinez-ortega tag-indigenas tag-interpretes tag-justicia tag-suprema-corte-de-justicia-de-la-nacion\">\n<h2 class=\"entry_title\"><a title=\"Enlace Permanente a DERECHOS HUMANOS: Ensa\u00f1amiento de la justicia. Por Gerardo Mart\u00ednez Ortega\" href=\"http:\/\/www.eloriente.net\/home\/2016\/09\/05\/derechos-humanos-ensanamiento-de-la-justicia-por-gerardo-martinez-ortega\/\" rel=\"bookmark\">DERECHOS HUMANOS: Ensa\u00f1amiento de la justicia. Por Gerardo Mart\u00ednez Ortega<\/a><\/h2>\n<p><a href=\"http:\/\/www.eloriente.net\/home\/2016\/09\/05\/derechos-humanos-ensanamiento-de-la-justicia-por-gerardo-martinez-ortega\/\" rel=\"bookmark\"><img decoding=\"async\" class=\"alignleft\" title=\"DERECHOS HUMANOS: Ensa\u00f1amiento de la justicia. Por Gerardo Mart\u00ednez Ortega\" src=\"http:\/\/www.eloriente.net\/home\/wp-content\/themes\/city-desk\/timthumb.php?src=http%3A%2F%2Fwww.eloriente.net%2Fhome%2Fwp-content%2Fuploads%2F2016%2F09%2F5145468213_8b6ed59961_o.jpg&amp;q=90&amp;w=160&amp;h=106&amp;zc=1\" alt=\"DERECHOS HUMANOS: Ensa\u00f1amiento de la justicia. Por Gerardo Mart\u00ednez Ortega\" \/><\/a>\u00a0 (www.eloriente.net, M\u00e9xico, a 5 de septiembre de 2016, por Gerardo Mart\u00ednez Ortega).-\u00a0Cuando una persona ind\u00edgena es acusada de haber cometido determinado hecho que la ley se\u00f1ala como delito, de inmediato y por disposici\u00f3n constitucional se generan para la autoridad que conoce del asunto una serie de obligaciones: proveerle de un defensor e int\u00e9rprete que [\u2026]<\/p>\n<div class=\"toolbar-social\">\n<div class=\"social-widget\">\n<div id=\"sharing-widget\"><a class=\"button icon-share\">Compartir<\/a><\/div>\n<\/div>\n<\/div>\n<p class=\"postmeta\"><span class=\"meta_date\">septiembre 5, 2016<\/span><\/p>\n<\/div>\n<div id=\"post-44778\" class=\"entry loop-default border_bottom_30 post-44778 post type-post status-publish format-standard has-post-thumbnail hentry category-comunicacion category-comunicados-y-boletines category-congreso-y-justicia category-entradas category-estados category-oaxaca-estados tag-alfredo-rodrigo-lagunas-rivera tag-and tag-justicia tag-pruebas tag-pruebas-de-adn tag-pruebas-de-paternidad tag-tribunal-superior-de-justicia tag-tsj tag-tsjo\">\n<h2 class=\"entry_title\"><a title=\"Enlace Permanente a OAXACA: Poder Judicial ha recibido 81 solicitudes para pruebas de ADN en 2016\" href=\"http:\/\/www.eloriente.net\/home\/2016\/09\/05\/oaxaca-poder-judicial-ha-recibido-81-solicitudes-para-pruebas-de-adn-en-lo-que-va-del-ano\/\" rel=\"bookmark\">OAXACA: Poder Judicial ha recibido 81 solicitudes para pruebas de ADN en 2016<\/a><\/h2>\n<p><a href=\"http:\/\/www.eloriente.net\/home\/2016\/09\/05\/oaxaca-poder-judicial-ha-recibido-81-solicitudes-para-pruebas-de-adn-en-lo-que-va-del-ano\/\" rel=\"bookmark\"><img decoding=\"async\" class=\"alignleft\" title=\"OAXACA: Poder Judicial ha recibido 81 solicitudes para pruebas de ADN en 2016\" src=\"http:\/\/www.eloriente.net\/home\/wp-content\/themes\/city-desk\/timthumb.php?src=http%3A%2F%2Fwww.eloriente.net%2Fhome%2Fwp-content%2Fuploads%2F2016%2F09%2F4528869007_dbae1d6b03_o.jpg&amp;q=90&amp;w=160&amp;h=106&amp;zc=1\" alt=\"OAXACA: Poder Judicial ha recibido 81 solicitudes para pruebas de ADN en 2016\" \/><\/a>\u00a0 eloriente.net 5 de septiembre de 2016 Las obligaciones alimentarias y el reconocimiento de la filiaci\u00f3n, son elementos\u00a0integrantes de la paternidad responsable y ambos representan parte de los temas m\u00e1s\u00a0importantes en el \u00e1mbito de la administraci\u00f3n de justicia, asegur\u00f3 el titular del Poder\u00a0Judicial, magistrado Alfredo Rodrigo Lagunas Rivera al informar sobre la atenci\u00f3n de 81\u00a0solicitudes [\u2026]<\/p>\n<div class=\"toolbar-social\">\n<div class=\"social-widget\">\n<div id=\"sharing-widget\"><a class=\"button icon-share\">Compartir<\/a><\/div>\n<\/div>\n<\/div>\n<p class=\"postmeta\"><span class=\"meta_date\">septiembre 5, 2016<\/span><\/p>\n<\/div>\n\n\t\t\t  <div \n\t\t\t  \tclass = \"fb-comments\" \n\t\t\t  \tdata-href = \"http:\/\/www.eloriente.net\/home\/2016\/09\/17\/justicia-libertad-de-expresion-no-protege-calumnias-tepjf\/\"\n\t\t\t  \tdata-numposts = \"10\"\n\t\t\t\tdata-colorscheme = \"dark\"\n\t\t\t\tdata-order-by = \"social\"\n\t\t\t\tdata-mobile=true>\n\t\t\t  <\/div>\n\t\t  <style>\n\t\t\t.fb_iframe_widget_fluid_desktop iframe {\n\t\t\t    width: 100% !important;\n\t\t\t}\n\t\t  <\/style>\n\t\t  ","protected":false},"excerpt":{"rendered":"<p>eloriente.net\/TEPJF 17 de septiembre de 2016* La Libertad de expresi\u00f3n en materia pol\u00edtico-electoral tiene como restricci\u00f3n la emisi\u00f3n de expresiones calumniosas. La Sala Superior se\u00f1al\u00f3 que la difusi\u00f3n de informaci\u00f3n sin apoyo de elementos convictivos suficientes, puede generar una carga negativa en la reputaci\u00f3n y dignidad de las personas Se reconoci\u00f3 que la libertad de [&hellip;]<\/p>\n","protected":false},"author":1,"featured_media":2499,"comment_status":"open","ping_status":"open","sticky":false,"template":"","format":"standard","meta":{"_jetpack_memberships_contains_paid_content":false,"footnotes":""},"categories":[1588,91,22,32,10,24,21],"tags":[6979,6977,6978,1542,6976],"class_list":["post-44990","post","type-post","status-publish","format-standard","has-post-thumbnail","hentry","category-comunicados-y-boletines","category-congreso-y-justicia","category-derechos-humanos","category-entradas","category-lo-mas-reciente","category-mexico-y-el-mundo","category-politica-y-gobierno","tag-calumnia-delitos","tag-derechos-humanos-mexico","tag-derechos-humanos-oaxaca","tag-libertad-de-expresion","tag-tribunal-federal-electoral"],"jetpack_featured_media_url":"http:\/\/www.eloriente.net\/home\/wp-content\/uploads\/2012\/08\/TEPJF.jpeg","jetpack_sharing_enabled":true,"_links":{"self":[{"href":"http:\/\/www.eloriente.net\/home\/wp-json\/wp\/v2\/posts\/44990"}],"collection":[{"href":"http:\/\/www.eloriente.net\/home\/wp-json\/wp\/v2\/posts"}],"about":[{"href":"http:\/\/www.eloriente.net\/home\/wp-json\/wp\/v2\/types\/post"}],"author":[{"embeddable":true,"href":"http:\/\/www.eloriente.net\/home\/wp-json\/wp\/v2\/users\/1"}],"replies":[{"embeddable":true,"href":"http:\/\/www.eloriente.net\/home\/wp-json\/wp\/v2\/comments?post=44990"}],"version-history":[{"count":1,"href":"http:\/\/www.eloriente.net\/home\/wp-json\/wp\/v2\/posts\/44990\/revisions"}],"predecessor-version":[{"id":44991,"href":"http:\/\/www.eloriente.net\/home\/wp-json\/wp\/v2\/posts\/44990\/revisions\/44991"}],"wp:featuredmedia":[{"embeddable":true,"href":"http:\/\/www.eloriente.net\/home\/wp-json\/wp\/v2\/media\/2499"}],"wp:attachment":[{"href":"http:\/\/www.eloriente.net\/home\/wp-json\/wp\/v2\/media?parent=44990"}],"wp:term":[{"taxonomy":"category","embeddable":true,"href":"http:\/\/www.eloriente.net\/home\/wp-json\/wp\/v2\/categories?post=44990"},{"taxonomy":"post_tag","embeddable":true,"href":"http:\/\/www.eloriente.net\/home\/wp-json\/wp\/v2\/tags?post=44990"}],"curies":[{"name":"wp","href":"https:\/\/api.w.org\/{rel}","templated":true}]}}