{"id":45078,"date":"2016-09-24T13:52:56","date_gmt":"2016-09-24T19:52:56","guid":{"rendered":"http:\/\/www.eloriente.net\/home\/?p=45078"},"modified":"2016-09-28T16:57:58","modified_gmt":"2016-09-28T22:57:58","slug":"oaxaca-cuarto-lugar-nacional-en-casos-de-zika","status":"publish","type":"post","link":"http:\/\/www.eloriente.net\/home\/2016\/09\/24\/oaxaca-cuarto-lugar-nacional-en-casos-de-zika\/","title":{"rendered":"Oaxaca cuarto lugar nacional en casos de Zika"},"content":{"rendered":"<p><script src=\"\/\/pagead2.googlesyndication.com\/pagead\/js\/adsbygoogle.js\" async=\"\"><\/script><!-- BANNER ELORIENTE INCRUSTADO NOTAS --> <ins class=\"adsbygoogle\" style=\"display: inline-block; width: 300px; height: 250px;\" data-ad-client=\"ca-pub-1136171134853753\" data-ad-slot=\"7974633627\"><\/ins><script>\/\/ <![CDATA[\n(adsbygoogle = window.adsbygoogle || []).push({});\n\/\/ ]]><\/script><\/p>\n<p>&nbsp;<\/p>\n<p>&nbsp;<\/p>\n<p><strong>Actualizaci\u00f3n<\/strong><\/p>\n<p>28 de septiembre de 2016<\/p>\n<p>Para la semana epidemiol\u00f3gica n\u00famero 37, que abarca del 11 al 17 de septiembre de 2016, se presentaron 253 nuevos casos confirmados de Zika, con lo que el total a lo largo del territorio nacional asciende a 3253. Oaxaca s\u00f3lo present\u00f3 dos nuevos casos con lo que en total se han reportado 434. La entidad que m\u00e1s llama la atenci\u00f3n es Veracruz que en la presente semana epidemiol\u00f3gica report\u00f3 97 casos m\u00e1s de infectados con Zika.<\/p>\n<p><a href=\"http:\/\/www.eloriente.net\/home\/wp-content\/uploads\/2016\/09\/Semana-Epidemiolo\u0301gica-37.png\" rel=\"attachment wp-att-45147\"><img loading=\"lazy\" decoding=\"async\" class=\"alignnone wp-image-45147\" src=\"http:\/\/www.eloriente.net\/home\/wp-content\/uploads\/2016\/09\/Semana-Epidemiolo\u0301gica-37.png\" alt=\"semana-epidemiologica-37\" width=\"600\" height=\"593\" srcset=\"http:\/\/www.eloriente.net\/home\/wp-content\/uploads\/2016\/09\/Semana-Epidemiolo\u0301gica-37.png 1996w, http:\/\/www.eloriente.net\/home\/wp-content\/uploads\/2016\/09\/Semana-Epidemiolo\u0301gica-37-300x296.png 300w, http:\/\/www.eloriente.net\/home\/wp-content\/uploads\/2016\/09\/Semana-Epidemiolo\u0301gica-37-768x759.png 768w, http:\/\/www.eloriente.net\/home\/wp-content\/uploads\/2016\/09\/Semana-Epidemiolo\u0301gica-37-1024x1012.png 1024w, http:\/\/www.eloriente.net\/home\/wp-content\/uploads\/2016\/09\/Semana-Epidemiolo\u0301gica-37-50x50.png 50w\" sizes=\"(max-width: 600px) 100vw, 600px\" \/><\/a><\/p>\n<p>(www.eloriente.net, a 24 de septiembre de 2016).-<\/p>\n<p>&nbsp;<\/p>\n<p>De las tres principales enfermedades que se transmiten por la picadura de mosquitos, el virus del Zika es el que se ha propagado con mayor intensidad en los meses m\u00e1s \u00a0recientes.<\/p>\n<p>Los tres estados de M\u00e9xico que han reportado una mayor cantidad de casos en el periodo del 17 de enero al 10 de septiembre de 2016 son: Veracruz, Guerrero, Chiapas y Oaxaca con 716, 641, 549 y 432 casos respectivamente. Sin embargo, en cuanto a lo que embarazadas se refiere, Oaxaca ocupa la tercera posici\u00f3n con 173 pacientes infectadas; a nivel nacional el n\u00famero asciende a 1370. En total, en M\u00e9xico se reportaron 3000 casos hasta la semana epidemiol\u00f3gica n\u00famero 36.<\/p>\n<p><script src=\"\/\/pagead2.googlesyndication.com\/pagead\/js\/adsbygoogle.js\" async=\"\"><\/script><!-- BANNER PEQUE\u00d1O PARA ENTRENOTAS EL ORIENTE --> <ins class=\"adsbygoogle\" style=\"display: inline-block; width: 468px; height: 60px;\" data-ad-client=\"ca-pub-1136171134853753\" data-ad-slot=\"4953536424\"><\/ins><script>\/\/ <![CDATA[\n(adsbygoogle = window.adsbygoogle || []).push({});\n\/\/ ]]><\/script><\/p>\n<p>De acuerdo a informaci\u00f3n divulgada por el <a href=\"http:\/\/www.nvinoticias.com\/nota\/32610\/encabeza-istmo-mayor-numero-de-enfermos-de-zika\" target=\"_blank\">Diario Noticias de Oaxaca<\/a>, dentro del estado se reporta que el Istmo es\u00a0la zona con mayor n\u00famero de casos reportados con 179, el segundo puesto lo ocupa Valles Centrales con 81. En la tercera y cuarta posici\u00f3n est\u00e1n la Costa y Tuxtepec con 66 y 50 casos respectivamente.<\/p>\n<p>Si bien el virus de el Zika no es mortal, el a\u00f1o pasado cobr\u00f3 relevancia por su r\u00e1pida propagaci\u00f3n y por la asociaci\u00f3n que se hizo entre el virus y la microcefalia fetal, as\u00ed como de otras malfornaciones como el crecimiento intra uterino, este debido a que los casos de beb\u00e9s reci\u00e9n nacidos con dichas afectaciones aumentaron aumentaron a la par\u00a0de los casos de mujeres embarazadas infectadas\u00a0de Zika.<\/p>\n<p>De acuerdo con la<strong><a href=\"http:\/\/www.who.int\/mediacentre\/factsheets\/zika\/es\/\" target=\"_blank\"> Organizaci\u00f3n Mundial de la Salud<\/a><\/strong> los s\u00edntomas del Zika consisten en fiebre, erupciones cut\u00e1neas, conjuntivitis, dolores musculares y articulares, malestar y cefaleas; suelen ser leves y durar entre 2 y 7 d\u00edas.<\/p>\n<p>A continuaci\u00f3n compartimos un video de la Agencia Diarios y Noticias de Argentina en el cual el infect\u00f3logo Eduardo L\u00f3pez, jefe del Departamento de Medicina del Hospital de Gutierrez en Argentina, nos da una explicaci\u00f3n clara y precisa de los s\u00edntomas del Zika, su relaci\u00f3n con la microcefalia, as\u00ed como recomendaciones para prevenir la infecci\u00f3n.<\/p>\n<p><a href=\"http:\/\/www.eloriente.net\/home\/wp-content\/uploads\/2016\/09\/3779182508_bbfe500895_b.jpg\" rel=\"attachment wp-att-45080\"><img loading=\"lazy\" decoding=\"async\" class=\"alignnone wp-image-45080\" src=\"http:\/\/www.eloriente.net\/home\/wp-content\/uploads\/2016\/09\/3779182508_bbfe500895_b-1024x768.jpg\" alt=\"3779182508_bbfe500895_b\" width=\"601\" height=\"451\" srcset=\"http:\/\/www.eloriente.net\/home\/wp-content\/uploads\/2016\/09\/3779182508_bbfe500895_b.jpg 1024w, http:\/\/www.eloriente.net\/home\/wp-content\/uploads\/2016\/09\/3779182508_bbfe500895_b-300x225.jpg 300w, http:\/\/www.eloriente.net\/home\/wp-content\/uploads\/2016\/09\/3779182508_bbfe500895_b-768x576.jpg 768w\" sizes=\"(max-width: 601px) 100vw, 601px\" \/><\/a><\/p>\n<p><strong>OTRAS ENTRADAS<\/strong><\/p>\n<div class=\"featuredpost\">\n<div class=\"flow_hide\">\n<h2 class=\"posttitle bigposttitle\"><a title=\"Enlace Permanente a OAXACA: Recuperan a menor secuestrada; deambulaba en colonia cercana\" href=\"http:\/\/www.eloriente.net\/home\/2016\/09\/26\/oaxaca-recuperan-a-menor-secuestrada-deambulaba-en-colonia-cercana\/\" rel=\"bookmark\">OAXACA: Recuperan a menor secuestrada; deambulaba en colonia cercana<\/a><\/h2>\n<\/div>\n<p>eloriente.net 26 de septiembre de 2016 Los habitantes de la ciudad de Oaxaca pasaron por horas de zozobra y preocupaci\u00f3n la ma\u00f1ana de este lunes, luego de\u2026<\/p>\n<p class=\"postmeta\"><span class=\"meta_date\">septiembre 26, 2016<\/span><\/p>\n<div class=\"toolbar-social\"><\/div>\n<\/div>\n<div class=\"featuredpost\">\n<div class=\"flow_hide\">\n<p><a href=\"http:\/\/www.eloriente.net\/home\/2016\/09\/24\/oaxaca-artistas-oaxaquenos-presentaran-su-obra-en-art-walk-ventura\/\" rel=\"bookmark\"><img decoding=\"async\" class=\"alignleft\" title=\"OAXACA: Artistas oaxaque\u00f1os presentar\u00e1n su obra en Art Walk Ventura\" src=\"http:\/\/www.eloriente.net\/home\/wp-content\/themes\/city-desk\/timthumb.php?src=http%3A%2F%2Fwww.eloriente.net%2Fhome%2Fwp-content%2Fuploads%2F2016%2F09%2FART-WLK-3.jpg&amp;q=90&amp;w=70&amp;h=45&amp;zc=1\" alt=\"OAXACA: Artistas oaxaque\u00f1os presentar\u00e1n su obra en Art Walk Ventura\" \/><\/a><\/p>\n<h2 class=\"posttitle \"><a title=\"Enlace Permanente a OAXACA: Artistas oaxaque\u00f1os presentar\u00e1n su obra en Art Walk Ventura\" href=\"http:\/\/www.eloriente.net\/home\/2016\/09\/24\/oaxaca-artistas-oaxaquenos-presentaran-su-obra-en-art-walk-ventura\/\" rel=\"bookmark\">OAXACA: Artistas oaxaque\u00f1os presentar\u00e1n su obra en Art Walk Ventura<\/a><\/h2>\n<\/div>\n<p>(www.eloriente.net, M\u00e9xico, a 24 de septiembre de 2016).- 43 artistas originarios de Oaxaca tendr\u00e1n el honor de representar al su estado y a M\u00e9xico en la edici\u00f3n\u2026<\/p>\n<p class=\"postmeta\"><span class=\"meta_date\">septiembre 24, 2016<\/span><\/p>\n<\/div>\n\n\t\t\t  <div \n\t\t\t  \tclass = \"fb-comments\" \n\t\t\t  \tdata-href = \"http:\/\/www.eloriente.net\/home\/2016\/09\/24\/oaxaca-cuarto-lugar-nacional-en-casos-de-zika\/\"\n\t\t\t  \tdata-numposts = \"10\"\n\t\t\t\tdata-colorscheme = \"dark\"\n\t\t\t\tdata-order-by = \"social\"\n\t\t\t\tdata-mobile=true>\n\t\t\t  <\/div>\n\t\t  <style>\n\t\t\t.fb_iframe_widget_fluid_desktop iframe {\n\t\t\t    width: 100% !important;\n\t\t\t}\n\t\t  <\/style>\n\t\t  ","protected":false},"excerpt":{"rendered":"<p>&nbsp; &nbsp; Actualizaci\u00f3n 28 de septiembre de 2016 Para la semana epidemiol\u00f3gica n\u00famero 37, que abarca del 11 al 17 de septiembre de 2016, se presentaron 253 nuevos casos confirmados de Zika, con lo que el total a lo largo del territorio nacional asciende a 3253. Oaxaca s\u00f3lo present\u00f3 dos nuevos casos con lo que [&hellip;]<\/p>\n","protected":false},"author":44,"featured_media":45080,"comment_status":"open","ping_status":"open","sticky":false,"template":"","format":"standard","meta":{"_jetpack_memberships_contains_paid_content":false,"footnotes":""},"categories":[32,63,464],"tags":[1794,73,5849],"class_list":["post-45078","post","type-post","status-publish","format-standard","has-post-thumbnail","hentry","category-entradas","category-estados","category-oaxaca-estados","tag-mosquito","tag-oaxaca","tag-zika"],"jetpack_featured_media_url":"http:\/\/www.eloriente.net\/home\/wp-content\/uploads\/2016\/09\/3779182508_bbfe500895_b.jpg","jetpack_sharing_enabled":true,"_links":{"self":[{"href":"http:\/\/www.eloriente.net\/home\/wp-json\/wp\/v2\/posts\/45078"}],"collection":[{"href":"http:\/\/www.eloriente.net\/home\/wp-json\/wp\/v2\/posts"}],"about":[{"href":"http:\/\/www.eloriente.net\/home\/wp-json\/wp\/v2\/types\/post"}],"author":[{"embeddable":true,"href":"http:\/\/www.eloriente.net\/home\/wp-json\/wp\/v2\/users\/44"}],"replies":[{"embeddable":true,"href":"http:\/\/www.eloriente.net\/home\/wp-json\/wp\/v2\/comments?post=45078"}],"version-history":[{"count":9,"href":"http:\/\/www.eloriente.net\/home\/wp-json\/wp\/v2\/posts\/45078\/revisions"}],"predecessor-version":[{"id":45149,"href":"http:\/\/www.eloriente.net\/home\/wp-json\/wp\/v2\/posts\/45078\/revisions\/45149"}],"wp:featuredmedia":[{"embeddable":true,"href":"http:\/\/www.eloriente.net\/home\/wp-json\/wp\/v2\/media\/45080"}],"wp:attachment":[{"href":"http:\/\/www.eloriente.net\/home\/wp-json\/wp\/v2\/media?parent=45078"}],"wp:term":[{"taxonomy":"category","embeddable":true,"href":"http:\/\/www.eloriente.net\/home\/wp-json\/wp\/v2\/categories?post=45078"},{"taxonomy":"post_tag","embeddable":true,"href":"http:\/\/www.eloriente.net\/home\/wp-json\/wp\/v2\/tags?post=45078"}],"curies":[{"name":"wp","href":"https:\/\/api.w.org\/{rel}","templated":true}]}}