{"id":45088,"date":"2016-09-24T17:42:48","date_gmt":"2016-09-24T23:42:48","guid":{"rendered":"http:\/\/www.eloriente.net\/home\/?p=45088"},"modified":"2016-09-24T17:42:48","modified_gmt":"2016-09-24T23:42:48","slug":"oaxaca-artistas-oaxaquenos-presentaran-su-obra-en-art-walk-ventura","status":"publish","type":"post","link":"http:\/\/www.eloriente.net\/home\/2016\/09\/24\/oaxaca-artistas-oaxaquenos-presentaran-su-obra-en-art-walk-ventura\/","title":{"rendered":"OAXACA: Artistas oaxaque\u00f1os presentar\u00e1n su obra en Art Walk Ventura"},"content":{"rendered":"<p><script src=\"\/\/pagead2.googlesyndication.com\/pagead\/js\/adsbygoogle.js\" async=\"\"><\/script><!-- BANNER ELORIENTE INCRUSTADO NOTAS --> <ins class=\"adsbygoogle\" style=\"display: inline-block; width: 300px; height: 250px;\" data-ad-client=\"ca-pub-1136171134853753\" data-ad-slot=\"7974633627\"><\/ins><script>\/\/ <![CDATA[\n(adsbygoogle = window.adsbygoogle || []).push({});\n\/\/ ]]><\/script><\/p>\n<p>&nbsp;<\/p>\n<p>(www.eloriente.net, M\u00e9xico, a 24 de septiembre de 2016).- 43 artistas originarios de Oaxaca tendr\u00e1n el honor de representar al su estado y a M\u00e9xico en la edici\u00f3n 2016 del Art Walk, en donde presentar\u00e1n una muestra de su obra.<\/p>\n<p>Dicho evento se lleva a cabo desde el 23 de septiembre y hasta el 9 de octubre en California, Estados Unidos. A lo largo de ese tiempo, los oaxaque\u00f1os compartir\u00e1n espacios con m\u00e1s de 700 creadores de calidad mundial.<\/p>\n<p><a href=\"http:\/\/www.eloriente.net\/home\/wp-content\/uploads\/2016\/09\/ART-WALK-2.jpg\" rel=\"attachment wp-att-45090\"><img loading=\"lazy\" decoding=\"async\" class=\"alignnone  wp-image-45090\" src=\"http:\/\/www.eloriente.net\/home\/wp-content\/uploads\/2016\/09\/ART-WALK-2.jpg\" alt=\"art-walk-2\" width=\"601\" height=\"226\" srcset=\"http:\/\/www.eloriente.net\/home\/wp-content\/uploads\/2016\/09\/ART-WALK-2.jpg 838w, http:\/\/www.eloriente.net\/home\/wp-content\/uploads\/2016\/09\/ART-WALK-2-300x113.jpg 300w, http:\/\/www.eloriente.net\/home\/wp-content\/uploads\/2016\/09\/ART-WALK-2-768x289.jpg 768w\" sizes=\"(max-width: 601px) 100vw, 601px\" \/><\/a><\/p>\n<p>Algunos de los artistas oaxaque\u00f1os que har\u00e1n acto de presencia en el Art Walk son\u00a0Aar\u00f3n Garc\u00eda, Adri\u00e1n Mart\u00ednez, Alan Altamirano, Alberto Arag\u00f3n, Alejandra Villegas, Arthur Miller, Alejandro Mart\u00ednez, \u00c1ngel V\u00e1zquez, C\u00e9sar Mojarro (Unkle), Crisp\u00edn Vayadares, \u00c9ber JC, Eddie Mart\u00ednez y Enrique Flores.<\/p>\n<p><script src=\"\/\/pagead2.googlesyndication.com\/pagead\/js\/adsbygoogle.js\" async=\"\"><\/script><!-- BANNER PEQUE\u00d1O PARA ENTRENOTAS EL ORIENTE --> <ins class=\"adsbygoogle\" style=\"display: inline-block; width: 468px; height: 60px;\" data-ad-client=\"ca-pub-1136171134853753\" data-ad-slot=\"4953536424\"><\/ins><script>\/\/ <![CDATA[\n(adsbygoogle = window.adsbygoogle || []).push({});\n\/\/ ]]><\/script><\/p>\n<p>Oaxaca participa como estado invitado, raz\u00f3n por la cual envi\u00f3 a un seleccionado de artistas que que sobresalen en disciplinas como gr\u00e1fica, escultura y pintura, quienes compartir\u00e1n con los asistentes obras que van desde el paisajismo, el arte figurativo, lo abstracto, entre otras.<\/p>\n<p>En este enlace podr\u00e1s encontrar fichas de varios de los creadores que participar\u00e1n en este gran evento.<\/p>\n<p><a href=\"https:\/\/www.facebook.com\/galeria.artedeoaxaca\/media_set?set=a.1112224185524851.1073741880.100002118398160&amp;type=3&amp;pnref=story\" target=\"_blank\">https:\/\/www.facebook.com\/galeria.artedeoaxaca\/media_set?set=a.1112224185524851.1073741880.100002118398160&amp;type=3&amp;pnref=story<\/a><\/p>\n<p><a href=\"http:\/\/www.eloriente.net\/home\/wp-content\/uploads\/2016\/09\/ART-WALK.jpg\" rel=\"attachment wp-att-45091\"><img loading=\"lazy\" decoding=\"async\" class=\"alignnone  wp-image-45091\" src=\"http:\/\/www.eloriente.net\/home\/wp-content\/uploads\/2016\/09\/ART-WALK.jpg\" alt=\"art-walk\" width=\"600\" height=\"631\" srcset=\"http:\/\/www.eloriente.net\/home\/wp-content\/uploads\/2016\/09\/ART-WALK.jpg 913w, http:\/\/www.eloriente.net\/home\/wp-content\/uploads\/2016\/09\/ART-WALK-285x300.jpg 285w, http:\/\/www.eloriente.net\/home\/wp-content\/uploads\/2016\/09\/ART-WALK-768x808.jpg 768w\" sizes=\"(max-width: 600px) 100vw, 600px\" \/><\/a><\/p>\n<p><strong>OTRAS ENTRADAS<\/strong><\/p>\n<div class=\"featuredpost\">\n<div class=\"flow_hide\">\n<h2 class=\"posttitle bigposttitle\"><a title=\"Enlace Permanente a Oaxaca cuarto lugar nacional en casos de Zika\" href=\"http:\/\/www.eloriente.net\/home\/2016\/09\/24\/oaxaca-cuarto-lugar-nacional-en-casos-de-zika\/\" rel=\"bookmark\">Oaxaca cuarto lugar nacional en casos de Zika<\/a><\/h2>\n<\/div>\n<p>(www.eloriente.net, a 24 de septiembre de 2016).- De las tres principales enfermedades que se transmiten por la picadura de mosquitos, el virus del Zika es el que se\u2026<\/p>\n<p class=\"postmeta\"><span class=\"meta_date\">septiembre 24, 2016<\/span><\/p>\n<div class=\"toolbar-social\"><\/div>\n<\/div>\n<div class=\"featuredpost\">\n<div class=\"flow_hide\"><a href=\"http:\/\/www.eloriente.net\/home\/2016\/09\/22\/oaxaca-a-un-ano-de-la-creacion-del-iaip\/\" rel=\"bookmark\"><img decoding=\"async\" class=\"alignleft\" title=\"OAXACA: A un a\u00f1o de la creaci\u00f3n del IAIP\" src=\"http:\/\/www.eloriente.net\/home\/wp-content\/themes\/city-desk\/timthumb.php?src=http%3A%2F%2Fwww.eloriente.net%2Fhome%2Fwp-content%2Fuploads%2F2016%2F09%2FANIVERSARIO-IEAIP.jpg&amp;q=90&amp;w=70&amp;h=45&amp;zc=1\" alt=\"OAXACA: A un a\u00f1o de la creaci\u00f3n del IAIP\" \/><\/a><\/p>\n<h2 class=\"posttitle \"><a title=\"Enlace Permanente a OAXACA: A un a\u00f1o de la creaci\u00f3n del IAIP\" href=\"http:\/\/www.eloriente.net\/home\/2016\/09\/22\/oaxaca-a-un-ano-de-la-creacion-del-iaip\/\" rel=\"bookmark\">OAXACA: A un a\u00f1o de la creaci\u00f3n del IAIP<\/a><\/h2>\n<\/div>\n<p>eloriente.net 22 de septiembre de 2016 El Consejo General del Instituto de Acceso a la Informaci\u00f3n P\u00fablica y Protecci\u00f3n de Datos Personales del Estado de Oaxaca (IAIP),\u2026<\/p>\n<p class=\"postmeta\"><span class=\"meta_date\">septiembre 22, 2016<\/span><\/p>\n<div class=\"toolbar-social\"><\/div>\n<\/div>\n<div class=\"featuredpost\">\n<div class=\"flow_hide\"><a href=\"http:\/\/www.eloriente.net\/home\/2016\/09\/20\/videocolumna-es-necesaria-una-nueva-constitucion-para-oaxaca-por-rodolfo-moreno\/\" rel=\"bookmark\"><img decoding=\"async\" class=\"alignleft\" title=\"VIDEOCOLUMNA: \u00bfEs necesaria una nueva constituci\u00f3n para Oaxaca? Por Rodolfo Moreno\" src=\"http:\/\/www.eloriente.net\/home\/wp-content\/themes\/city-desk\/timthumb.php?src=http%3A%2F%2Fwww.eloriente.net%2Fhome%2Fwp-content%2Fuploads%2F2016%2F09%2FRODOLFO-MORENO-14-DE-SEPTIEMBRE-1.jpg&amp;q=90&amp;w=70&amp;h=45&amp;zc=1\" alt=\"VIDEOCOLUMNA: \u00bfEs necesaria una nueva constituci\u00f3n para Oaxaca? Por Rodolfo Moreno\" \/><\/a><\/p>\n<h2 class=\"posttitle \"><a title=\"Enlace Permanente a VIDEOCOLUMNA: \u00bfEs necesaria una nueva constituci\u00f3n para Oaxaca? Por Rodolfo Moreno\" href=\"http:\/\/www.eloriente.net\/home\/2016\/09\/20\/videocolumna-es-necesaria-una-nueva-constitucion-para-oaxaca-por-rodolfo-moreno\/\" rel=\"bookmark\">VIDEOCOLUMNA: \u00bfEs necesaria una nueva constituci\u00f3n para Oaxaca? Por Rodolfo Moreno<\/a><\/h2>\n<\/div>\n<p>eloriente.net 20 de septiembre de 2016 Rodolfo Moreno Cruz es profesor en la Universidad Aut\u00f3noma Benito Ju\u00e1rez de Oaxaca y cuenta con estudios de posgrado en Estado\u2026<\/p>\n<p class=\"postmeta\"><span class=\"meta_date\">septiembre 20, 2016<\/span><\/p>\n<\/div>\n\n\t\t\t  <div \n\t\t\t  \tclass = \"fb-comments\" \n\t\t\t  \tdata-href = \"http:\/\/www.eloriente.net\/home\/2016\/09\/24\/oaxaca-artistas-oaxaquenos-presentaran-su-obra-en-art-walk-ventura\/\"\n\t\t\t  \tdata-numposts = \"10\"\n\t\t\t\tdata-colorscheme = \"dark\"\n\t\t\t\tdata-order-by = \"social\"\n\t\t\t\tdata-mobile=true>\n\t\t\t  <\/div>\n\t\t  <style>\n\t\t\t.fb_iframe_widget_fluid_desktop iframe {\n\t\t\t    width: 100% !important;\n\t\t\t}\n\t\t  <\/style>\n\t\t  ","protected":false},"excerpt":{"rendered":"<p>&nbsp; (www.eloriente.net, M\u00e9xico, a 24 de septiembre de 2016).- 43 artistas originarios de Oaxaca tendr\u00e1n el honor de representar al su estado y a M\u00e9xico en la edici\u00f3n 2016 del Art Walk, en donde presentar\u00e1n una muestra de su obra. Dicho evento se lleva a cabo desde el 23 de septiembre y hasta el 9 [&hellip;]<\/p>\n","protected":false},"author":44,"featured_media":45092,"comment_status":"open","ping_status":"open","sticky":false,"template":"","format":"standard","meta":{"_jetpack_memberships_contains_paid_content":false,"footnotes":""},"categories":[1588,18,32,63,464],"tags":[4321,7011,239,3115,3191,73,7012],"class_list":["post-45088","post","type-post","status-publish","format-standard","has-post-thumbnail","hentry","category-comunicados-y-boletines","category-educacion-y-cultura","category-entradas","category-estados","category-oaxaca-estados","tag-4321","tag-art-walk-ventura","tag-arte","tag-artistas","tag-galerias","tag-oaxaca","tag-pais-invitado"],"jetpack_featured_media_url":"http:\/\/www.eloriente.net\/home\/wp-content\/uploads\/2016\/09\/ART-WLK-3.jpg","jetpack_sharing_enabled":true,"_links":{"self":[{"href":"http:\/\/www.eloriente.net\/home\/wp-json\/wp\/v2\/posts\/45088"}],"collection":[{"href":"http:\/\/www.eloriente.net\/home\/wp-json\/wp\/v2\/posts"}],"about":[{"href":"http:\/\/www.eloriente.net\/home\/wp-json\/wp\/v2\/types\/post"}],"author":[{"embeddable":true,"href":"http:\/\/www.eloriente.net\/home\/wp-json\/wp\/v2\/users\/44"}],"replies":[{"embeddable":true,"href":"http:\/\/www.eloriente.net\/home\/wp-json\/wp\/v2\/comments?post=45088"}],"version-history":[{"count":2,"href":"http:\/\/www.eloriente.net\/home\/wp-json\/wp\/v2\/posts\/45088\/revisions"}],"predecessor-version":[{"id":45093,"href":"http:\/\/www.eloriente.net\/home\/wp-json\/wp\/v2\/posts\/45088\/revisions\/45093"}],"wp:featuredmedia":[{"embeddable":true,"href":"http:\/\/www.eloriente.net\/home\/wp-json\/wp\/v2\/media\/45092"}],"wp:attachment":[{"href":"http:\/\/www.eloriente.net\/home\/wp-json\/wp\/v2\/media?parent=45088"}],"wp:term":[{"taxonomy":"category","embeddable":true,"href":"http:\/\/www.eloriente.net\/home\/wp-json\/wp\/v2\/categories?post=45088"},{"taxonomy":"post_tag","embeddable":true,"href":"http:\/\/www.eloriente.net\/home\/wp-json\/wp\/v2\/tags?post=45088"}],"curies":[{"name":"wp","href":"https:\/\/api.w.org\/{rel}","templated":true}]}}