{"id":45107,"date":"2016-09-26T16:00:53","date_gmt":"2016-09-26T22:00:53","guid":{"rendered":"http:\/\/www.eloriente.net\/home\/?p=45107"},"modified":"2016-09-26T16:19:59","modified_gmt":"2016-09-26T22:19:59","slug":"oaxaca-recuperan-a-menor-secuestrada-deambulaba-en-colonia-cercana","status":"publish","type":"post","link":"http:\/\/www.eloriente.net\/home\/2016\/09\/26\/oaxaca-recuperan-a-menor-secuestrada-deambulaba-en-colonia-cercana\/","title":{"rendered":"OAXACA: Recuperan a menor secuestrada; deambulaba en colonia cercana"},"content":{"rendered":"<p>&nbsp;<\/p>\n<p><script src=\"\/\/pagead2.googlesyndication.com\/pagead\/js\/adsbygoogle.js\" async=\"\"><\/script><!-- BANNER ELORIENTE INCRUSTADO NOTAS --> <ins class=\"adsbygoogle\" style=\"display: inline-block; width: 300px; height: 250px;\" data-ad-client=\"ca-pub-1136171134853753\" data-ad-slot=\"7974633627\"><\/ins><script>\/\/ <![CDATA[\n(adsbygoogle = window.adsbygoogle || []).push({});\n\/\/ ]]><\/script><br \/>\neloriente.net<\/p>\n<p>26 de septiembre de 2016<\/p>\n<p>Los habitantes de la ciudad de Oaxaca pasaron por horas de zozobra y preocupaci\u00f3n la ma\u00f1ana de este lunes, luego de que a trav\u00e9s de las redes sociales se informara del posible secuestro de la menor Zoe N., de 2.5 a\u00f1os de edad, en inmediaciones de la Colonia Reforma de esta capital.<\/p>\n<p>Afortunadamente, la Fiscal\u00eda General de Oaxaca inform\u00f3 sobre su recuperaci\u00f3n poco tiempo despu\u00e9s. La menor fue reportada ilesa y, en efecto, hab\u00eda sido reportada como secuestrada la ma\u00f1ana de este d\u00eda en la calle de Belisario Dom\u00ednguez y Jazmines.<br \/>\n<script src=\"\/\/pagead2.googlesyndication.com\/pagead\/js\/adsbygoogle.js\" async=\"\"><\/script><!-- BANNER PEQUE\u00d1O PARA ENTRENOTAS EL ORIENTE --> <ins class=\"adsbygoogle\" style=\"display: inline-block; width: 468px; height: 60px;\" data-ad-client=\"ca-pub-1136171134853753\" data-ad-slot=\"4953536424\"><\/ins><script>\/\/ <![CDATA[\n(adsbygoogle = window.adsbygoogle || []).push({});\n\/\/ ]]><\/script><\/p>\n<p>Dicha recuperaci\u00f3n fue reportada alrededor de las 13:30 horas de este mismo d\u00eda por parte de\u00a0la Unidad Especializada Contra el Secuestro (UECS), en inmediaciones de la Col. 7 Regiones. \u00abA la llegada del personal de la Unidad de Personas No Localizadas, un grupo de personas adultas rodeaban a la menor e indicaron que la encontraron deambulando en la zona por lo que notificaron el hecho a la autoridad\u00bb, inform\u00f3 la dependencia mediante un comunicado.<\/p>\n<p>Despu\u00e9s de este hecho, la menor fue estabilizada por personal especializado y trasladada de manera inmediata a instalaciones de la Fiscal\u00eda General donde ya se encontraban sus padres.<\/p>\n<p><a href=\"http:\/\/www.eloriente.net\/home\/wp-content\/uploads\/2016\/09\/Menor-Secuestrada-Fiscalia-del-Estado-oficial-e1474927074875.jpg\" rel=\"attachment wp-att-45109\"><img loading=\"lazy\" decoding=\"async\" class=\"alignnone wp-image-45109\" src=\"http:\/\/www.eloriente.net\/home\/wp-content\/uploads\/2016\/09\/Menor-Secuestrada-Fiscalia-del-Estado-oficial-e1474927074875-614x1024.jpg\" alt=\"menor-secuestrada-fiscalia-del-estado-oficial\" width=\"324\" height=\"540\" \/><\/a><\/p>\n<p>&nbsp;<\/p>\n<p>La Fiscal\u00eda inform\u00f3 que hasta el momento las indagatorias contin\u00faan. La descripci\u00f3n oficial de los acontecimientos, se\u00f1ala que los hechos se registraron alrededor de las 9:00 AM, cuando la madre caminaba con la menor hac\u00eda la instituci\u00f3n educativa donde acude la infante, repentinamente una camioneta cerrada se detuvo a su costado y de ella descendi\u00f3 un individuo que le arrebat\u00f3 a su hija para de inmediato huir del lugar.<\/p>\n<p>Al ser alertada del hecho la Fiscal\u00eda General activ\u00f3 en coordinaci\u00f3n con el resto de instancias policiales el operativo de b\u00fasqueda y localizaci\u00f3n de la menor, mientras que la Unidad de B\u00fasqueda de Personas No Localizadas y la Unidad Especializada Contra el Secuestros (UECS) \u2014ambas dependientes de la Fiscal\u00eda\u2014 activaron su protocolo de actuaci\u00f3n para perfilar las indagatorias.<\/p>\n<p>&nbsp;<\/p>\n<blockquote class=\"twitter-tweet\" data-lang=\"es\">\n<p dir=\"ltr\" lang=\"es\"><a href=\"https:\/\/twitter.com\/hashtag\/ALERTA?src=hash\">#ALERTA<\/a> \u00abSi ven a mi hija por favor comun\u00edquense&#8230; la acaban de robar en Colonia Reforma\u00bb, escribe padre<a href=\"https:\/\/twitter.com\/hashtag\/Oaxaca?src=hash\">#Oaxaca<\/a><a href=\"https:\/\/t.co\/tZp4oZdm88\">https:\/\/t.co\/tZp4oZdm88<\/a> <a href=\"https:\/\/t.co\/ieDVMmbDZH\">pic.twitter.com\/ieDVMmbDZH<\/a><\/p>\n<p>\u2014 El Oriente (@El_Oriente) <a href=\"https:\/\/twitter.com\/El_Oriente\/status\/780441910922006528\">26 de septiembre de 2016<\/a><\/p><\/blockquote>\n<p><script src=\"\/\/platform.twitter.com\/widgets.js\" async=\"\" charset=\"utf-8\"><\/script><br \/>\n<strong>\u00a0OTRAS ENTRADAS:<\/strong><\/p>\n<div class=\"featuredpost\">\n<div class=\"flow_hide\">\n<h2 class=\"posttitle bigposttitle\"><a title=\"Enlace Permanente a OAXACA: Artistas oaxaque\u00f1os presentar\u00e1n su obra en Art Walk Ventura\" href=\"http:\/\/www.eloriente.net\/home\/2016\/09\/24\/oaxaca-artistas-oaxaquenos-presentaran-su-obra-en-art-walk-ventura\/\" rel=\"bookmark\">OAXACA: Artistas oaxaque\u00f1os presentar\u00e1n su obra en Art Walk Ventura<\/a><\/h2>\n<\/div>\n<p>(www.eloriente.net, M\u00e9xico, a 24 de septiembre de 2016).- 43 artistas originarios de Oaxaca tendr\u00e1n el honor de representar al su estado y a M\u00e9xico en la edici\u00f3n\u2026<\/p>\n<p class=\"postmeta\"><span class=\"meta_date\">septiembre 24, 2016<\/span><\/p>\n<div class=\"toolbar-social\">\n<div class=\"social-widget\">\n<div id=\"sharing-widget\"><a class=\"button icon-share\">Compartir<\/a><\/div>\n<\/div>\n<\/div>\n<\/div>\n<div class=\"featuredpost\">\n<div class=\"flow_hide\">\n<p><a href=\"http:\/\/www.eloriente.net\/home\/2016\/09\/24\/oaxaca-cuarto-lugar-nacional-en-casos-de-zika\/\" rel=\"bookmark\"><img decoding=\"async\" class=\"alignleft\" title=\"Oaxaca cuarto lugar nacional en casos de Zika\" src=\"http:\/\/www.eloriente.net\/home\/wp-content\/themes\/city-desk\/timthumb.php?src=http%3A%2F%2Fwww.eloriente.net%2Fhome%2Fwp-content%2Fuploads%2F2016%2F09%2F3779182508_bbfe500895_b.jpg&amp;q=90&amp;w=70&amp;h=45&amp;zc=1\" alt=\"Oaxaca cuarto lugar nacional en casos de Zika\" \/><\/a><\/p>\n<h2 class=\"posttitle \"><a title=\"Enlace Permanente a Oaxaca cuarto lugar nacional en casos de Zika\" href=\"http:\/\/www.eloriente.net\/home\/2016\/09\/24\/oaxaca-cuarto-lugar-nacional-en-casos-de-zika\/\" rel=\"bookmark\">Oaxaca cuarto lugar nacional en casos de Zika<\/a><\/h2>\n<\/div>\n<p>(www.eloriente.net, a 24 de septiembre de 2016).- De las tres principales enfermedades que se transmiten por la picadura de mosquitos, el virus del Zika es el que se\u2026<\/p>\n<p class=\"postmeta\"><span class=\"meta_date\">septiembre 24, 2016<\/span><\/p>\n<div class=\"toolbar-social\">\n<div class=\"social-widget\">\n<div id=\"sharing-widget\"><a class=\"button icon-share\">Compartir<\/a><\/div>\n<\/div>\n<\/div>\n<\/div>\n\n\t\t\t  <div \n\t\t\t  \tclass = \"fb-comments\" \n\t\t\t  \tdata-href = \"http:\/\/www.eloriente.net\/home\/2016\/09\/26\/oaxaca-recuperan-a-menor-secuestrada-deambulaba-en-colonia-cercana\/\"\n\t\t\t  \tdata-numposts = \"10\"\n\t\t\t\tdata-colorscheme = \"dark\"\n\t\t\t\tdata-order-by = \"social\"\n\t\t\t\tdata-mobile=true>\n\t\t\t  <\/div>\n\t\t  <style>\n\t\t\t.fb_iframe_widget_fluid_desktop iframe {\n\t\t\t    width: 100% !important;\n\t\t\t}\n\t\t  <\/style>\n\t\t  ","protected":false},"excerpt":{"rendered":"<p>&nbsp; eloriente.net 26 de septiembre de 2016 Los habitantes de la ciudad de Oaxaca pasaron por horas de zozobra y preocupaci\u00f3n la ma\u00f1ana de este lunes, luego de que a trav\u00e9s de las redes sociales se informara del posible secuestro de la menor Zoe N., de 2.5 a\u00f1os de edad, en inmediaciones de la Colonia [&hellip;]<\/p>\n","protected":false},"author":1,"featured_media":45109,"comment_status":"open","ping_status":"open","sticky":false,"template":"","format":"standard","meta":{"_jetpack_memberships_contains_paid_content":false,"footnotes":""},"categories":[29,32,63,464,12],"tags":[7020,3914,7018,7019],"class_list":["post-45107","post","type-post","status-publish","format-standard","has-post-thumbnail","hentry","category-capital","category-entradas","category-estados","category-oaxaca-estados","category-todo-oaxaca-radio","tag-criminalidad-oaxaca","tag-fiscalia-oaxaca","tag-secuestros-en-oaxaca","tag-seguridad-oaxaca"],"jetpack_featured_media_url":"http:\/\/www.eloriente.net\/home\/wp-content\/uploads\/2016\/09\/Menor-Secuestrada-Fiscalia-del-Estado-oficial-e1474928386229.jpg","jetpack_sharing_enabled":true,"_links":{"self":[{"href":"http:\/\/www.eloriente.net\/home\/wp-json\/wp\/v2\/posts\/45107"}],"collection":[{"href":"http:\/\/www.eloriente.net\/home\/wp-json\/wp\/v2\/posts"}],"about":[{"href":"http:\/\/www.eloriente.net\/home\/wp-json\/wp\/v2\/types\/post"}],"author":[{"embeddable":true,"href":"http:\/\/www.eloriente.net\/home\/wp-json\/wp\/v2\/users\/1"}],"replies":[{"embeddable":true,"href":"http:\/\/www.eloriente.net\/home\/wp-json\/wp\/v2\/comments?post=45107"}],"version-history":[{"count":2,"href":"http:\/\/www.eloriente.net\/home\/wp-json\/wp\/v2\/posts\/45107\/revisions"}],"predecessor-version":[{"id":45114,"href":"http:\/\/www.eloriente.net\/home\/wp-json\/wp\/v2\/posts\/45107\/revisions\/45114"}],"wp:featuredmedia":[{"embeddable":true,"href":"http:\/\/www.eloriente.net\/home\/wp-json\/wp\/v2\/media\/45109"}],"wp:attachment":[{"href":"http:\/\/www.eloriente.net\/home\/wp-json\/wp\/v2\/media?parent=45107"}],"wp:term":[{"taxonomy":"category","embeddable":true,"href":"http:\/\/www.eloriente.net\/home\/wp-json\/wp\/v2\/categories?post=45107"},{"taxonomy":"post_tag","embeddable":true,"href":"http:\/\/www.eloriente.net\/home\/wp-json\/wp\/v2\/tags?post=45107"}],"curies":[{"name":"wp","href":"https:\/\/api.w.org\/{rel}","templated":true}]}}