{"id":45115,"date":"2016-09-26T16:30:35","date_gmt":"2016-09-26T22:30:35","guid":{"rendered":"http:\/\/www.eloriente.net\/home\/?p=45115"},"modified":"2016-09-26T16:34:07","modified_gmt":"2016-09-26T22:34:07","slug":"en-vivo-firma-de-paz-en-colombia","status":"publish","type":"post","link":"http:\/\/www.eloriente.net\/home\/2016\/09\/26\/en-vivo-firma-de-paz-en-colombia\/","title":{"rendered":"EN VIVO: Firma de Paz en Colombia"},"content":{"rendered":"<p><script src=\"\/\/pagead2.googlesyndication.com\/pagead\/js\/adsbygoogle.js\" async=\"\"><\/script><!-- BANNER ELORIENTE INCRUSTADO NOTAS --> <ins class=\"adsbygoogle\" style=\"display: inline-block; width: 300px; height: 250px;\" data-ad-client=\"ca-pub-1136171134853753\" data-ad-slot=\"7974633627\"><\/ins><script>\/\/ <![CDATA[\n(adsbygoogle = window.adsbygoogle || []).push({});\n\/\/ ]]><\/script><br \/>\neloriente.net<\/p>\n<p>26 de septiembre de 2016<\/p>\n<p>\u00abNos sentimos muy contentos de que la guerrilla de las FARC las armas van a dejar\u00bb, se escucha en Cartagena, durante la ceremonia oficial de Firma de Paz entre el gobierno colombiano y este grupo.<\/p>\n<p>A continuaci\u00f3n, la transmisi\u00f3n compartida por la presidencia de M\u00e9xico, que cubre el acompa\u00f1amiento del mandatario Enrique Pe\u00f1a.<\/p>\n<p>&nbsp;<\/p>\n<p><script src=\"\/\/pagead2.googlesyndication.com\/pagead\/js\/adsbygoogle.js\" async=\"\"><\/script><!-- BANNER PEQUE\u00d1O PARA ENTRENOTAS EL ORIENTE --> <ins class=\"adsbygoogle\" style=\"display: inline-block; width: 468px; height: 60px;\" data-ad-client=\"ca-pub-1136171134853753\" data-ad-slot=\"4953536424\"><\/ins><script>\/\/ <![CDATA[\n(adsbygoogle = window.adsbygoogle || []).push({});\n\/\/ ]]><\/script><\/p>\n<p><iframe loading=\"lazy\" src=\"https:\/\/www.youtube.com\/embed\/ER_mYQuJnaI\" width=\"560\" height=\"315\" frameborder=\"0\" allowfullscreen=\"allowfullscreen\"><\/iframe><\/p>\n<p><a href=\"http:\/\/www.eloriente.net\/home\/wp-content\/uploads\/2016\/09\/Ceremonia-paz-colombia.png\" rel=\"attachment wp-att-45119\"><img loading=\"lazy\" decoding=\"async\" class=\"alignnone size-medium wp-image-45119\" src=\"http:\/\/www.eloriente.net\/home\/wp-content\/uploads\/2016\/09\/Ceremonia-paz-colombia-300x169.png\" alt=\"ceremonia-paz-colombia\" width=\"300\" height=\"169\" srcset=\"http:\/\/www.eloriente.net\/home\/wp-content\/uploads\/2016\/09\/Ceremonia-paz-colombia-300x169.png 300w, http:\/\/www.eloriente.net\/home\/wp-content\/uploads\/2016\/09\/Ceremonia-paz-colombia-768x432.png 768w, http:\/\/www.eloriente.net\/home\/wp-content\/uploads\/2016\/09\/Ceremonia-paz-colombia-1024x576.png 1024w, http:\/\/www.eloriente.net\/home\/wp-content\/uploads\/2016\/09\/Ceremonia-paz-colombia.png 1278w\" sizes=\"(max-width: 300px) 100vw, 300px\" \/><\/a><\/p>\n<p>&nbsp;<\/p>\n<p><a href=\"http:\/\/www.eloriente.net\/home\/wp-content\/uploads\/2014\/06\/Bandera-Colombia-Algunos-derechos-reservados-por-Ministerio-TIC-Colombia.jpg\" rel=\"attachment wp-att-27852\"><img loading=\"lazy\" decoding=\"async\" class=\"alignnone size-medium wp-image-27852\" src=\"http:\/\/www.eloriente.net\/home\/wp-content\/uploads\/2014\/06\/Bandera-Colombia-Algunos-derechos-reservados-por-Ministerio-TIC-Colombia-300x200.jpg\" alt=\"Bandera Colombia Algunos derechos reservados por Ministerio TIC Colombia\" width=\"300\" height=\"200\" srcset=\"http:\/\/www.eloriente.net\/home\/wp-content\/uploads\/2014\/06\/Bandera-Colombia-Algunos-derechos-reservados-por-Ministerio-TIC-Colombia-300x200.jpg 300w, http:\/\/www.eloriente.net\/home\/wp-content\/uploads\/2014\/06\/Bandera-Colombia-Algunos-derechos-reservados-por-Ministerio-TIC-Colombia.jpg 1000w\" sizes=\"(max-width: 300px) 100vw, 300px\" \/><\/a><\/p>\n<p>&nbsp;<\/p>\n<p><strong>OTRAS ENTRADAS:<\/strong><\/p>\n<div id=\"post-33026\" class=\"entry loop-default border_bottom_30 post-33026 post type-post status-publish format-standard has-post-thumbnail hentry category-adrian-ortiz-romero category-colaboradores category-entradas category-lo-mas-reciente category-politica-y-gobierno tag-ayotzinapa tag-iguala\">\n<h2 class=\"entry_title\"><a title=\"Enlace Permanente a Narco-Guerrilla-Estado: vuelta a colombianizaci\u00f3n\" href=\"http:\/\/www.eloriente.net\/home\/2014\/10\/10\/narco-guerrilla-estado-vuelta-a-colombianizacion\/\" rel=\"bookmark\">Narco-Guerrilla-Estado: vuelta a colombianizaci\u00f3n<\/a><\/h2>\n<p><a href=\"http:\/\/www.eloriente.net\/home\/2014\/10\/10\/narco-guerrilla-estado-vuelta-a-colombianizacion\/\" rel=\"bookmark\"><img decoding=\"async\" class=\"alignleft\" title=\"Narco-Guerrilla-Estado: vuelta a colombianizaci\u00f3n\" src=\"http:\/\/www.eloriente.net\/home\/wp-content\/themes\/city-desk\/timthumb.php?src=http%3A%2F%2Fwww.eloriente.net%2Fhome%2Fwp-content%2Fuploads%2F2014%2F10%2FAyotzinapa-R.B..jpg&amp;q=90&amp;w=160&amp;h=106&amp;zc=1\" alt=\"Narco-Guerrilla-Estado: vuelta a colombianizaci\u00f3n\" \/><\/a>eloriente.net 10\/octubre\/2014 Por\u00a0Adri\u00e1n Ortiz Romero Llamado a rebeli\u00f3n, pero tambi\u00e9n al ajusticiamiento Es necesario ver con mucho cuidado la conjugaci\u00f3n de factores que se est\u00e1n dando luego de la detenci\u00f3n-desaparici\u00f3n de 43 normalistas el fin de semana pasado en Iguala, Guerrero. Mientras el Estado mexicano comienza a reaccionar del aturdimiento de no alcanzar a entender [\u2026]<\/p>\n<p class=\"postmeta\"><span class=\"meta_date\">octubre 10, 2014<\/span><\/p>\n<\/div>\n<div id=\"post-27851\" class=\"entry loop-default border_bottom_30 post-27851 post type-post status-publish format-standard has-post-thumbnail hentry category-canal-2-en-vivo category-entradas category-especiales category-mexico-y-el-mundo category-principal tag-alvaro-uribe tag-colombia tag-elecciones-2 tag-juan-manuel-santos tag-oscar-ivan-zuluaga tag-presidenciales tag-sudamerica\">\n<h2 class=\"entry_title\"><a title=\"Enlace Permanente a 15\/Jun\/14 En Vivo: Elecciones presidenciales en Colombia\" href=\"http:\/\/www.eloriente.net\/home\/2014\/06\/15\/15jun14-en-vivo-elecciones-presidenciales-en-colombia\/\" rel=\"bookmark\">15\/Jun\/14 En Vivo: Elecciones presidenciales en Colombia<\/a><\/h2>\n<p><a href=\"http:\/\/www.eloriente.net\/home\/2014\/06\/15\/15jun14-en-vivo-elecciones-presidenciales-en-colombia\/\" rel=\"bookmark\"><img decoding=\"async\" class=\"alignleft\" title=\"15\/Jun\/14 En Vivo: Elecciones presidenciales en Colombia\" src=\"http:\/\/www.eloriente.net\/home\/wp-content\/themes\/city-desk\/timthumb.php?src=http%3A%2F%2Fwww.eloriente.net%2Fhome%2Fwp-content%2Fuploads%2F2014%2F06%2FBandera-Colombia-Algunos-derechos-reservados-por-Ministerio-TIC-Colombia.jpg&amp;q=90&amp;w=160&amp;h=106&amp;zc=1\" alt=\"15\/Jun\/14 En Vivo: Elecciones presidenciales en Colombia\" \/><\/a>eloriente.net 15 de junio de 2014 La segunda vuelta de las elecciones presidenciales 2014 se realiza este d\u00eda en Colombia, en la cual se elegir\u00e1 mandatario para los pr\u00f3ximos cuatro a\u00f1os. Como es habitual en ELORIENTE.NET, los d\u00edas de elecci\u00f3n procuramos enlazarte la transmisi\u00f3n de diversos medios nacionales para que, de maner puntual, puedas dar [\u2026]<\/p>\n<p class=\"postmeta\"><span class=\"meta_date\">junio 15, 2014<\/span><\/p>\n<\/div>\n<p>&nbsp;<\/p>\n<p>&nbsp;<\/p>\n<p>&nbsp;<\/p>\n<p>&nbsp;<\/p>\n\n\t\t\t  <div \n\t\t\t  \tclass = \"fb-comments\" \n\t\t\t  \tdata-href = \"http:\/\/www.eloriente.net\/home\/2016\/09\/26\/en-vivo-firma-de-paz-en-colombia\/\"\n\t\t\t  \tdata-numposts = \"10\"\n\t\t\t\tdata-colorscheme = \"dark\"\n\t\t\t\tdata-order-by = \"social\"\n\t\t\t\tdata-mobile=true>\n\t\t\t  <\/div>\n\t\t  <style>\n\t\t\t.fb_iframe_widget_fluid_desktop iframe {\n\t\t\t    width: 100% !important;\n\t\t\t}\n\t\t  <\/style>\n\t\t  ","protected":false},"excerpt":{"rendered":"<p>eloriente.net 26 de septiembre de 2016 \u00abNos sentimos muy contentos de que la guerrilla de las FARC las armas van a dejar\u00bb, se escucha en Cartagena, durante la ceremonia oficial de Firma de Paz entre el gobierno colombiano y este grupo. A continuaci\u00f3n, la transmisi\u00f3n compartida por la presidencia de M\u00e9xico, que cubre el acompa\u00f1amiento [&hellip;]<\/p>\n","protected":false},"author":1,"featured_media":27852,"comment_status":"open","ping_status":"open","sticky":false,"template":"","format":"standard","meta":{"_jetpack_memberships_contains_paid_content":false,"footnotes":""},"categories":[91,32,13,21,31],"tags":[7025,7022,7024,7026,1655,7023],"class_list":["post-45115","post","type-post","status-publish","format-standard","has-post-thumbnail","hentry","category-congreso-y-justicia","category-entradas","category-especiales","category-politica-y-gobierno","category-principal","tag-farc-colombia","tag-firma-de-paz","tag-firma-farc","tag-guerrilla-colombia","tag-juan-manuel-santos","tag-paz-en-colombia"],"jetpack_featured_media_url":"http:\/\/www.eloriente.net\/home\/wp-content\/uploads\/2014\/06\/Bandera-Colombia-Algunos-derechos-reservados-por-Ministerio-TIC-Colombia.jpg","jetpack_sharing_enabled":true,"_links":{"self":[{"href":"http:\/\/www.eloriente.net\/home\/wp-json\/wp\/v2\/posts\/45115"}],"collection":[{"href":"http:\/\/www.eloriente.net\/home\/wp-json\/wp\/v2\/posts"}],"about":[{"href":"http:\/\/www.eloriente.net\/home\/wp-json\/wp\/v2\/types\/post"}],"author":[{"embeddable":true,"href":"http:\/\/www.eloriente.net\/home\/wp-json\/wp\/v2\/users\/1"}],"replies":[{"embeddable":true,"href":"http:\/\/www.eloriente.net\/home\/wp-json\/wp\/v2\/comments?post=45115"}],"version-history":[{"count":3,"href":"http:\/\/www.eloriente.net\/home\/wp-json\/wp\/v2\/posts\/45115\/revisions"}],"predecessor-version":[{"id":45124,"href":"http:\/\/www.eloriente.net\/home\/wp-json\/wp\/v2\/posts\/45115\/revisions\/45124"}],"wp:featuredmedia":[{"embeddable":true,"href":"http:\/\/www.eloriente.net\/home\/wp-json\/wp\/v2\/media\/27852"}],"wp:attachment":[{"href":"http:\/\/www.eloriente.net\/home\/wp-json\/wp\/v2\/media?parent=45115"}],"wp:term":[{"taxonomy":"category","embeddable":true,"href":"http:\/\/www.eloriente.net\/home\/wp-json\/wp\/v2\/categories?post=45115"},{"taxonomy":"post_tag","embeddable":true,"href":"http:\/\/www.eloriente.net\/home\/wp-json\/wp\/v2\/tags?post=45115"}],"curies":[{"name":"wp","href":"https:\/\/api.w.org\/{rel}","templated":true}]}}