{"id":45160,"date":"2016-09-29T16:46:49","date_gmt":"2016-09-29T22:46:49","guid":{"rendered":"http:\/\/www.eloriente.net\/home\/?p=45160"},"modified":"2017-01-12T16:37:55","modified_gmt":"2017-01-12T22:37:55","slug":"videocolumna-como-nos-afectan-las-creencias-sobre-los-otros-por-ursula-woolrich","status":"publish","type":"post","link":"http:\/\/www.eloriente.net\/home\/2016\/09\/29\/videocolumna-como-nos-afectan-las-creencias-sobre-los-otros-por-ursula-woolrich\/","title":{"rendered":"VIDEOCOLUMNA: \u00bfC\u00f3mo nos afectan las creencias sobre los otros? Por \u00darsula Woolrich"},"content":{"rendered":"<p><script src=\"\/\/pagead2.googlesyndication.com\/pagead\/js\/adsbygoogle.js\" async=\"\"><\/script><!-- BANNER ELORIENTE INCRUSTADO NOTAS --> <ins class=\"adsbygoogle\" style=\"display: inline-block; width: 300px; height: 250px;\" data-ad-client=\"ca-pub-1136171134853753\" data-ad-slot=\"7974633627\"><\/ins><script>\/\/ <![CDATA[\n(adsbygoogle = window.adsbygoogle || []).push({});\n\/\/ ]]><\/script><\/p>\n<p>&nbsp;<\/p>\n<p>eloriente.net<\/p>\n<p>29 de septiembre de 2016<\/p>\n<p>En esta nueva videocolumna, \u00darsula Woolrich nos explica c\u00f3mo las creencias que tenemos sobre los otros pueden afectar nuestro comportamiento o nuestro autoestima.<\/p>\n<p>Te dejamos aqu\u00ed los datos de Ursula Woolrich 9512403234 para conferencias y consultas.<\/p>\n<p>VIDEOCOLUMNA en <a href=\"http:\/\/l.facebook.com\/l.php?u=http%3A%2F%2FELORIENTE.NET%2F&amp;h=-AQHUR6sbAQG3jdJl2Ba3-XmayeEZh2Q1ul8eHL560nmYZQ&amp;enc=AZPjBL0H6kz8KQzJ6-ZScnGPm4W8wwpYVLhQ-iqfHCM6mUXMd6bfF2xCkbZFUnimlyfSknSnV7QJpmf8LzMMRNUdNV7VIE3EjRRDJNkasepcgALWcDOIaEERZXqlvrBSyjz-jvbScv1-cVwGe2Hz7EctFx0Pgx_hzSHL8sFJWxGU8cXWSZK23OcCD22Gg-jSS-wmbWukDh-3Qcp8-w_uIlBr&amp;s=1\" target=\"_blank\" rel=\"nofollow\">ELORIENTE.NET<\/a>, la p\u00e1gina de internet de calidad en Todo <a class=\"_58cn\" href=\"https:\/\/www.facebook.com\/hashtag\/oaxaca?source=feed_text&amp;story_id=1299194240113012\" data-ft=\"{&quot;tn&quot;:&quot;*N&quot;,&quot;type&quot;:104}\"><span class=\"_5afx\"><span class=\"_58cl _5afz\">#<\/span><span class=\"_58cm\">Oaxaca<\/span><\/span><\/a>.<\/p>\n<p><iframe loading=\"lazy\" style=\"border: none; overflow: hidden;\" src=\"https:\/\/www.facebook.com\/plugins\/video.php?href=https%3A%2F%2Fwww.facebook.com%2F443535572345554%2Fvideos%2F1299194240113012%2F&amp;show_text=0&amp;width=560\" width=\"560\" height=\"315\" frameborder=\"0\" scrolling=\"no\" allowfullscreen=\"allowfullscreen\"><\/iframe><\/p>\n<p><script src=\"\/\/pagead2.googlesyndication.com\/pagead\/js\/adsbygoogle.js\" async=\"\"><\/script><!-- BANNER PEQUE\u00d1O PARA ENTRENOTAS EL ORIENTE --> <ins class=\"adsbygoogle\" style=\"display: inline-block; width: 468px; height: 60px;\" data-ad-client=\"ca-pub-1136171134853753\" data-ad-slot=\"4953536424\"><\/ins><script>\/\/ <![CDATA[\n(adsbygoogle = window.adsbygoogle || []).push({});\n\/\/ ]]><\/script><\/p>\n<p><a href=\"http:\/\/www.eloriente.net\/home\/wp-content\/uploads\/2016\/09\/U\u0301RSULA-WOOLRICH-29-DE-SEPTIEMBRE.jpg\" rel=\"attachment wp-att-45161\"><img loading=\"lazy\" decoding=\"async\" class=\"alignnone wp-image-45161\" src=\"http:\/\/www.eloriente.net\/home\/wp-content\/uploads\/2016\/09\/U\u0301RSULA-WOOLRICH-29-DE-SEPTIEMBRE.jpg\" alt=\"ursula-woolrich-29-de-septiembre\" width=\"601\" height=\"338\" srcset=\"http:\/\/www.eloriente.net\/home\/wp-content\/uploads\/2016\/09\/U\u0301RSULA-WOOLRICH-29-DE-SEPTIEMBRE.jpg 1920w, http:\/\/www.eloriente.net\/home\/wp-content\/uploads\/2016\/09\/U\u0301RSULA-WOOLRICH-29-DE-SEPTIEMBRE-300x169.jpg 300w, http:\/\/www.eloriente.net\/home\/wp-content\/uploads\/2016\/09\/U\u0301RSULA-WOOLRICH-29-DE-SEPTIEMBRE-768x432.jpg 768w, http:\/\/www.eloriente.net\/home\/wp-content\/uploads\/2016\/09\/U\u0301RSULA-WOOLRICH-29-DE-SEPTIEMBRE-1024x576.jpg 1024w\" sizes=\"(max-width: 601px) 100vw, 601px\" \/><\/a><\/p>\n<p><strong>OTRAS VIDEOCOLUMNAS<\/strong><\/p>\n<div id=\"post-45150\" class=\"entry loop-default border_bottom_30 post-45150 post type-post status-publish format-standard has-post-thumbnail hentry category-derechos-humanos category-entradas category-salud-y-estilo-de-vida category-lo-mas-reciente category-principal category-rebeca-garza category-videoblogs tag-frente-por-la-familia tag-identidad-de-genero tag-ninez tag-rebeca-garza tag-videocolumna\">\n<h2 class=\"entry_title\"><a title=\"Enlace Permanente a VIDEOCOLUMNA: \u00bfEn realidad es malo hablar de identidad de g\u00e9nero desde la ni\u00f1ez? Por Rebeca Garza\" href=\"http:\/\/www.eloriente.net\/home\/2016\/09\/28\/videocolumna-en-realidad-es-malo-hablar-de-identidad-de-genero-desde-la-ninez-por-rebeca-garza\/\" rel=\"bookmark\">VIDEOCOLUMNA: \u00bfEn realidad es malo hablar de identidad de g\u00e9nero desde la ni\u00f1ez? Por Rebeca Garza<\/a><\/h2>\n<p><a href=\"http:\/\/www.eloriente.net\/home\/2016\/09\/28\/videocolumna-en-realidad-es-malo-hablar-de-identidad-de-genero-desde-la-ninez-por-rebeca-garza\/\" rel=\"bookmark\"><img decoding=\"async\" class=\"alignleft\" title=\"VIDEOCOLUMNA: \u00bfEn realidad es malo hablar de identidad de g\u00e9nero desde la ni\u00f1ez? Por Rebeca Garza\" src=\"http:\/\/www.eloriente.net\/home\/wp-content\/themes\/city-desk\/timthumb.php?src=http%3A%2F%2Fwww.eloriente.net%2Fhome%2Fwp-content%2Fuploads%2F2016%2F09%2FREBECA-GARZA-28-DE-SEPTIEMBRE-1-e1475104313837.jpg&amp;q=90&amp;w=160&amp;h=106&amp;zc=1\" alt=\"VIDEOCOLUMNA: \u00bfEn realidad es malo hablar de identidad de g\u00e9nero desde la ni\u00f1ez? Por Rebeca Garza\" \/><\/a>\u00a0 eloriente.net 28 de septiembre de 2016 Rebeca Garza, mujer trans y funcionaria electoral con 15 a\u00f1os de trayectoria dentro del Servicio Profesional Electoral. Licenciada en Administraci\u00f3n por la UANL y pasante de la maestr\u00eda en Instituciones y Procedimientos Electorales del INE. Cuenta con cursos \u00a0y diplomados en derechos humanos, \u00a0violencias de g\u00e9nero, derechos pol\u00edticos [\u2026]<\/p>\n<div class=\"toolbar-social\"><\/div>\n<p class=\"postmeta\"><span class=\"meta_date\">septiembre 28, 2016<\/span><\/p>\n<p class=\"postmeta\">\n<\/div>\n<div id=\"post-45134\" class=\"entry loop-default border_bottom_30 post-45134 post type-post status-publish format-standard has-post-thumbnail hentry category-educacion-y-cultura category-entradas category-lo-mas-reciente category-musica-de-oaxaca category-raul-cruz-maldonado category-videoblogs tag-7029 tag-aniversario-luctuoso tag-chu-rasgado tag-jesus-rasgado tag-raul-maldonado-mendoza tag-videocolumna\">\n<h2 class=\"entry_title\"><a title=\"Enlace Permanente a VIDEOCOLUMNA: 68 aniversario luctuoso de Jes\u00fas Rasgado, poeta del aplauso y del dolor. Por Ra\u00fal Maldonado\" href=\"http:\/\/www.eloriente.net\/home\/2016\/09\/27\/videocolumna-68-aniversario-luctuoso-de-jesus-rasgado-poeta-del-aplauso-y-del-dolor-por-raul-maldonado\/\" rel=\"bookmark\">VIDEOCOLUMNA: 68 aniversario luctuoso de Jes\u00fas Rasgado, poeta del aplauso y del dolor. Por Ra\u00fal Maldonado<\/a><\/h2>\n<p><a href=\"http:\/\/www.eloriente.net\/home\/2016\/09\/27\/videocolumna-68-aniversario-luctuoso-de-jesus-rasgado-poeta-del-aplauso-y-del-dolor-por-raul-maldonado\/\" rel=\"bookmark\"><img decoding=\"async\" class=\"alignleft\" title=\"VIDEOCOLUMNA: 68 aniversario luctuoso de Jes\u00fas Rasgado, poeta del aplauso y del dolor. Por Ra\u00fal Maldonado\" src=\"http:\/\/www.eloriente.net\/home\/wp-content\/themes\/city-desk\/timthumb.php?src=http%3A%2F%2Fwww.eloriente.net%2Fhome%2Fwp-content%2Fuploads%2F2016%2F09%2FRAU%CC%81L-MALDONADO-27-DE-SEPTIEMBRE.jpg&amp;q=90&amp;w=160&amp;h=106&amp;zc=1\" alt=\"VIDEOCOLUMNA: 68 aniversario luctuoso de Jes\u00fas Rasgado, poeta del aplauso y del dolor. Por Ra\u00fal Maldonado\" \/><\/a>\u00a0 eloriente.net 27 de septiembre de 2016 Ra\u00fal Maldonado Mendoza es\u00a0Licenciado en Derecho por la UABJO,\u00a0Campe\u00f3n Nacional de Oratoria\u00a0representando al Estado de Oaxaca en el Concurso\u00a0\u201cUn Siglo de Sindicalismo en M\u00e9xico\u201d, organizado por la CTM. Igualmente\u00a0Director del Programa Radiof\u00f3nico \u201cVoz, Educaci\u00f3n y Comunidad\u201d del CSEIIO. Es autor de la obra literaria \u201cPoemas a la Vida\u201d [\u2026]<\/p>\n<div class=\"toolbar-social\"><\/div>\n<p class=\"postmeta\"><span class=\"meta_date\">septiembre 27, 2016<\/span><\/p>\n<p class=\"postmeta\">\n<\/div>\n<div id=\"post-45125\" class=\"entry loop-default border_bottom_30 post-45125 post type-post status-publish format-standard has-post-thumbnail hentry category-lunesdepolitica category-entradas category-karina-baron category-lo-mas-reciente category-politica-y-gobierno category-videoblogs tag-camara-de-diputados tag-campo tag-gobierno tag-karina-baron tag-mexico tag-politica tag-videocolumna\">\n<h2 class=\"entry_title\"><a title=\"Enlace Permanente a VIDEOCOLUMNA: Gobierno se empe\u00f1a en seguir da\u00f1ando al campo en M\u00e9xico. Por Karina Bar\u00f3n\" href=\"http:\/\/www.eloriente.net\/home\/2016\/09\/26\/videocolumna-gobierno-se-empena-en-seguir-danando-al-campo-en-mexico-por-karina-baron\/\" rel=\"bookmark\">VIDEOCOLUMNA: Gobierno se empe\u00f1a en seguir da\u00f1ando al campo en M\u00e9xico. Por Karina Bar\u00f3n<\/a><\/h2>\n<p><a href=\"http:\/\/www.eloriente.net\/home\/2016\/09\/26\/videocolumna-gobierno-se-empena-en-seguir-danando-al-campo-en-mexico-por-karina-baron\/\" rel=\"bookmark\"><img decoding=\"async\" class=\"alignleft\" title=\"VIDEOCOLUMNA: Gobierno se empe\u00f1a en seguir da\u00f1ando al campo en M\u00e9xico. Por Karina Bar\u00f3n\" src=\"http:\/\/www.eloriente.net\/home\/wp-content\/themes\/city-desk\/timthumb.php?src=http%3A%2F%2Fwww.eloriente.net%2Fhome%2Fwp-content%2Fuploads%2F2016%2F09%2FKARINA-BARO%CC%81N-26-DE-SEPTIEMBRE.jpg&amp;q=90&amp;w=160&amp;h=106&amp;zc=1\" alt=\"VIDEOCOLUMNA: Gobierno se empe\u00f1a en seguir da\u00f1ando al campo en M\u00e9xico. Por Karina Bar\u00f3n\" \/><\/a>\u00a0 eloriente.net 26 de septiembre de 2016 Karina Bar\u00f3n es Licenciada en Derecho por la Universidad Aut\u00f3noma Benito Ju\u00e1rez de Oaxaca, fue dirigente nacional de la Uni\u00f3n General Obrero, Campesina y Popular A.C. (UGOCP), integrante de la Coordinaci\u00f3n Estatal de Nueva Izquierda en Oaxaca. Actualmente es integrante de la Comisi\u00f3n de Agricultura y Sistemas de [\u2026]<\/p>\n<\/div>\n\n\t\t\t  <div \n\t\t\t  \tclass = \"fb-comments\" \n\t\t\t  \tdata-href = \"http:\/\/www.eloriente.net\/home\/2016\/09\/29\/videocolumna-como-nos-afectan-las-creencias-sobre-los-otros-por-ursula-woolrich\/\"\n\t\t\t  \tdata-numposts = \"10\"\n\t\t\t\tdata-colorscheme = \"dark\"\n\t\t\t\tdata-order-by = \"social\"\n\t\t\t\tdata-mobile=true>\n\t\t\t  <\/div>\n\t\t  <style>\n\t\t\t.fb_iframe_widget_fluid_desktop iframe {\n\t\t\t    width: 100% !important;\n\t\t\t}\n\t\t  <\/style>\n\t\t  ","protected":false},"excerpt":{"rendered":"<p>&nbsp; eloriente.net 29 de septiembre de 2016 En esta nueva videocolumna, \u00darsula Woolrich nos explica c\u00f3mo las creencias que tenemos sobre los otros pueden afectar nuestro comportamiento o nuestro autoestima. Te dejamos aqu\u00ed los datos de Ursula Woolrich 9512403234 para conferencias y consultas. VIDEOCOLUMNA en ELORIENTE.NET, la p\u00e1gina de internet de calidad en Todo #Oaxaca. [&hellip;]<\/p>\n","protected":false},"author":44,"featured_media":45161,"comment_status":"open","ping_status":"open","sticky":false,"template":"","format":"standard","meta":{"_jetpack_memberships_contains_paid_content":false,"footnotes":""},"categories":[2015,18,32,16,10,30,7100,98],"tags":[877,7010,1569,7004,7034],"class_list":["post-45160","post","type-post","status-publish","format-standard","has-post-thumbnail","hentry","category-viernesdefelicidad","category-educacion-y-cultura","category-entradas","category-salud-y-estilo-de-vida","category-lo-mas-reciente","category-salud","category-ursula-woolrich","category-videoblogs","tag-emociones","tag-percepcion","tag-psicologia","tag-ursula-woolrich","tag-viceocolumna"],"jetpack_featured_media_url":"http:\/\/www.eloriente.net\/home\/wp-content\/uploads\/2016\/09\/U\u0301RSULA-WOOLRICH-29-DE-SEPTIEMBRE.jpg","jetpack_sharing_enabled":true,"_links":{"self":[{"href":"http:\/\/www.eloriente.net\/home\/wp-json\/wp\/v2\/posts\/45160"}],"collection":[{"href":"http:\/\/www.eloriente.net\/home\/wp-json\/wp\/v2\/posts"}],"about":[{"href":"http:\/\/www.eloriente.net\/home\/wp-json\/wp\/v2\/types\/post"}],"author":[{"embeddable":true,"href":"http:\/\/www.eloriente.net\/home\/wp-json\/wp\/v2\/users\/44"}],"replies":[{"embeddable":true,"href":"http:\/\/www.eloriente.net\/home\/wp-json\/wp\/v2\/comments?post=45160"}],"version-history":[{"count":2,"href":"http:\/\/www.eloriente.net\/home\/wp-json\/wp\/v2\/posts\/45160\/revisions"}],"predecessor-version":[{"id":46706,"href":"http:\/\/www.eloriente.net\/home\/wp-json\/wp\/v2\/posts\/45160\/revisions\/46706"}],"wp:featuredmedia":[{"embeddable":true,"href":"http:\/\/www.eloriente.net\/home\/wp-json\/wp\/v2\/media\/45161"}],"wp:attachment":[{"href":"http:\/\/www.eloriente.net\/home\/wp-json\/wp\/v2\/media?parent=45160"}],"wp:term":[{"taxonomy":"category","embeddable":true,"href":"http:\/\/www.eloriente.net\/home\/wp-json\/wp\/v2\/categories?post=45160"},{"taxonomy":"post_tag","embeddable":true,"href":"http:\/\/www.eloriente.net\/home\/wp-json\/wp\/v2\/tags?post=45160"}],"curies":[{"name":"wp","href":"https:\/\/api.w.org\/{rel}","templated":true}]}}