{"id":45219,"date":"2016-10-03T16:04:05","date_gmt":"2016-10-03T22:04:05","guid":{"rendered":"http:\/\/www.eloriente.net\/home\/?p=45219"},"modified":"2016-10-03T16:04:05","modified_gmt":"2016-10-03T22:04:05","slug":"cultura-reporte-arete-digital-sobre-gestion-cultural-octubre-2016","status":"publish","type":"post","link":"http:\/\/www.eloriente.net\/home\/2016\/10\/03\/cultura-reporte-arete-digital-sobre-gestion-cultural-octubre-2016\/","title":{"rendered":"CULTURA: Reporte Aret\u00e9 Digital sobre gesti\u00f3n cultural, octubre 2016"},"content":{"rendered":"<p><script src=\"\/\/pagead2.googlesyndication.com\/pagead\/js\/adsbygoogle.js\" async=\"\"><\/script><!-- BANNER ELORIENTE INCRUSTADO NOTAS --> <ins class=\"adsbygoogle\" style=\"display: inline-block; width: 300px; height: 250px;\" data-ad-client=\"ca-pub-1136171134853753\" data-ad-slot=\"7974633627\"><\/ins><script>\/\/ <![CDATA[\n(adsbygoogle = window.adsbygoogle || []).push({});\n\/\/ ]]><\/script><\/p>\n<p>&nbsp;<\/p>\n<p>www.eloriente.net, M\u00e9xico, 03 de octubre de 2016).- La Asociaci\u00f3n Espa\u00f1ola de Gestores de Patrimonio Cultural (AEGPC) public\u00f3 su reporte mensual sobre gesti\u00f3n cultural, Aret\u00e9 Digital, noviembre 2015, en el cual muestra una s\u00edntesis sobre las actividades, convocatorias, cursos, jornadas, congresos, seminarios y noticias de la instituci\u00f3n.<\/p>\n<p>En esta edici\u00f3n destaca primeramente la <strong>XXXV Reuni\u00f3n de Asociaciones y Entidades para la defensa del Patrimonio<\/strong>, la cual se llevar\u00e1 a cabo los d\u00edas <strong>7, 8 y 9 de octubre<\/strong> en Morella (Castell\u00f3n) y Ulldecona (Tarragona).<\/p>\n<p>Por otro lado encontramos la <strong>XIII Edici\u00f3n Master en Gesti\u00f3n de Empresas e Instituciones Culturales<\/strong>. Cabe se\u00f1alar que el MBA en Empresas e Instituciones Culturales pasa a denominarse M\u00e1ster Propio en Gesti\u00f3n de Empresas e Instituciones Culturales a partir del curso acad\u00e9mico 2016-2017. El n\u00facleo de contenidos, as\u00ed como la estructura y la metodolog\u00eda desarrolladas durante doce ediciones consecutivas.<\/p>\n<p><script src=\"\/\/pagead2.googlesyndication.com\/pagead\/js\/adsbygoogle.js\" async=\"\"><\/script><!-- BANNER PEQUE\u00d1O PARA ENTRENOTAS EL ORIENTE --> <ins class=\"adsbygoogle\" style=\"display: inline-block; width: 468px; height: 60px;\" data-ad-client=\"ca-pub-1136171134853753\" data-ad-slot=\"4953536424\"><\/ins><script>\/\/ <![CDATA[\n(adsbygoogle = window.adsbygoogle || []).push({});\n\/\/ ]]><\/script><\/p>\n<p>La informaci\u00f3n completa se encuentra en el siguiente enlace <a href=\"http:\/\/www.mbagestioncultural.es\/\" target=\"_blank\">http:\/\/www.mbagestioncultural.es\/<\/a>.<\/p>\n<p>Por \u00faltimo encontramos las <strong>Jornadas Profesionales de Intercambio \u201cTecnolog\u00eda y Patrimonio Cultural, \u00bfAmor o matrimonio de conveniencia?\u201d<\/strong>, que se desarrollar\u00e1n los d\u00edas 19 y 20 de octubre en Santander y Bilbao respectivamente.<\/p>\n<p>Cabe recordar que el Bolet\u00edn Aret\u00e9 es producido, dise\u00f1ado y distribuido por la Asociaci\u00f3n Espa\u00f1ola de Gestores del Patrimonio Cultural y contiene noticias, convocatorias, cursos y otro contenido de inter\u00e9s para el sector.<\/p>\n<p>A continuaci\u00f3n el visor oficial y, abajo, otros boletines compartidos:<\/p>\n<p><iframe loading=\"lazy\" src=\"\/\/e.issuu.com\/embed.html#0\/39325693\" width=\"525\" height=\"371\" frameborder=\"0\" allowfullscreen=\"allowfullscreen\"><\/iframe><\/p>\n<p><a href=\"http:\/\/www.eloriente.net\/home\/wp-content\/uploads\/2016\/10\/BILBAO.jpg\" rel=\"attachment wp-att-45220\"><img loading=\"lazy\" decoding=\"async\" class=\"alignnone wp-image-45220\" src=\"http:\/\/www.eloriente.net\/home\/wp-content\/uploads\/2016\/10\/BILBAO.jpg\" alt=\"bilbao\" width=\"600\" height=\"400\" srcset=\"http:\/\/www.eloriente.net\/home\/wp-content\/uploads\/2016\/10\/BILBAO.jpg 1024w, http:\/\/www.eloriente.net\/home\/wp-content\/uploads\/2016\/10\/BILBAO-300x200.jpg 300w, http:\/\/www.eloriente.net\/home\/wp-content\/uploads\/2016\/10\/BILBAO-768x512.jpg 768w\" sizes=\"(max-width: 600px) 100vw, 600px\" \/><\/a><\/p>\n<p><strong>OTRAS ENTRADAS<\/strong><\/p>\n<div id=\"post-44735\" class=\"entry loop-default border_bottom_30 post-44735 post type-post status-publish format-standard has-post-thumbnail hentry category-comunicados-y-boletines category-destacadas category-entradas category-secciones-oriente category-lo-mas-reciente tag-arete-digital tag-bienal-arpa tag-boletin tag-comunicado tag-cultura tag-espana tag-ii-foro-de-la-cultura-identidades-en-la-frontera\">\n<h2 class=\"entry_title\"><a title=\"Enlace Permanente a CULTURA: Reporte Aret\u00e9 Digital sobre gesti\u00f3n cultural, septiembre 2016\" href=\"http:\/\/www.eloriente.net\/home\/2016\/09\/01\/cultura-reporte-arete-digital-sobre-gestion-cultural-septiembre-2016\/\" rel=\"bookmark\">CULTURA: Reporte Aret\u00e9 Digital sobre gesti\u00f3n cultural, septiembre 2016<\/a><\/h2>\n<p><a href=\"http:\/\/www.eloriente.net\/home\/2016\/09\/01\/cultura-reporte-arete-digital-sobre-gestion-cultural-septiembre-2016\/\" rel=\"bookmark\"><img decoding=\"async\" class=\"alignleft\" title=\"CULTURA: Reporte Aret\u00e9 Digital sobre gesti\u00f3n cultural, septiembre 2016\" src=\"http:\/\/www.eloriente.net\/home\/wp-content\/themes\/city-desk\/timthumb.php?src=http%3A%2F%2Fwww.eloriente.net%2Fhome%2Fwp-content%2Fuploads%2F2016%2F09%2F4024751175_6a87b82652_o.jpg&amp;q=90&amp;w=160&amp;h=106&amp;zc=1\" alt=\"CULTURA: Reporte Aret\u00e9 Digital sobre gesti\u00f3n cultural, septiembre 2016\" \/><\/a>\u00a0 (www.eloriente.net, M\u00e9xico, 02 de agosto de 2016).- La Asociaci\u00f3n Espa\u00f1ola de Gestores de Patrimonio Cultural (AEGPC) public\u00f3 su reporte mensual sobre gesti\u00f3n cultural, Aret\u00e9 Digital, noviembre 2015, en el cual muestra una s\u00edntesis sobre las actividades, convocatorias, cursos, jornadas, congresos, seminarios y noticias de la instituci\u00f3n. En esta edici\u00f3n destaca primeramente el\u00a0II Foro de [\u2026]<\/p>\n<p class=\"postmeta\"><span class=\"meta_date\">septiembre 1, 2016<\/span><\/p>\n<\/div>\n<div id=\"post-44735\" class=\"entry loop-default border_bottom_30 post-44735 post type-post status-publish format-standard has-post-thumbnail hentry category-comunicados-y-boletines category-destacadas category-entradas category-secciones-oriente category-lo-mas-reciente tag-arete-digital tag-bienal-arpa tag-boletin tag-comunicado tag-cultura tag-espana tag-ii-foro-de-la-cultura-identidades-en-la-frontera\"><\/div>\n<div id=\"post-44322\" class=\"entry loop-default border_bottom_30 post-44322 post type-post status-publish format-standard has-post-thumbnail hentry category-agenda category-comunicados-y-boletines category-educacion-y-cultura category-entradas category-lo-mas-reciente category-principal tag-agenda-2 tag-arete tag-cultura tag-espana tag-gestion-cultural tag-valencia\">\n<h2 class=\"entry_title\"><a title=\"Enlace Permanente a CULTURA: Reporte Aret\u00e9 Digital sobre gesti\u00f3n cultural, agosto 2016\" href=\"http:\/\/www.eloriente.net\/home\/2016\/08\/02\/cultura-reporte-arete-digital-sobre-gestion-cultural-agosto-2016\/\" rel=\"bookmark\">CULTURA: Reporte Aret\u00e9 Digital sobre gesti\u00f3n cultural, agosto 2016<\/a><\/h2>\n<p><a href=\"http:\/\/www.eloriente.net\/home\/2016\/08\/02\/cultura-reporte-arete-digital-sobre-gestion-cultural-agosto-2016\/\" rel=\"bookmark\"><img decoding=\"async\" class=\"alignleft\" title=\"CULTURA: Reporte Aret\u00e9 Digital sobre gesti\u00f3n cultural, agosto 2016\" src=\"http:\/\/www.eloriente.net\/home\/wp-content\/themes\/city-desk\/timthumb.php?src=http%3A%2F%2Fwww.eloriente.net%2Fhome%2Fwp-content%2Fuploads%2F2016%2F08%2FValencia_-_Estacio_del_Nord_01.jpg&amp;q=90&amp;w=160&amp;h=106&amp;zc=1\" alt=\"CULTURA: Reporte Aret\u00e9 Digital sobre gesti\u00f3n cultural, agosto 2016\" \/><\/a>\u00a0 (www.eloriente.net, M\u00e9xico, 02 de agosto de 2016).- La Asociaci\u00f3n Espa\u00f1ola de Gestores de Patrimonio Cultural (AEGPC) public\u00f3 su reporte mensual sobre gesti\u00f3n cultural, Aret\u00e9 Digital, noviembre 2015, en el cual muestra una s\u00edntesis sobre las actividades, convocatorias, cursos, jornadas, congresos, seminarios y noticias de la instituci\u00f3n. En esta edici\u00f3n destaca primeramente\u00a0las XVIII Jornadas Internacionales [\u2026]<\/p>\n<p class=\"postmeta\"><span class=\"meta_date\">agosto 2, 2016<\/span><\/p>\n<\/div>\n<div id=\"post-43707\" class=\"entry loop-default border_bottom_30 post-43707 post type-post status-publish format-standard has-post-thumbnail hentry category-comunicados-y-boletines category-educacion-y-cultura category-entradas category-lo-mas-reciente category-mexico-y-el-mundo tag-arete-digital tag-conferencia-internacional-de-economia-de-la-cultura tag-cultura tag-gestion-cultural tag-valladolid\">\n<h2 class=\"entry_title\"><a title=\"Enlace Permanente a CULTURA: Reporte Aret\u00e9 Digital sobre gesti\u00f3n cultural, junio 2016\" href=\"http:\/\/www.eloriente.net\/home\/2016\/06\/02\/cultura-reporte-arete-digital-sobre-gestion-cultural-junio-2016\/\" rel=\"bookmark\">CULTURA: Reporte Aret\u00e9 Digital sobre gesti\u00f3n cultural, junio 2016<\/a><\/h2>\n<p><a href=\"http:\/\/www.eloriente.net\/home\/2016\/06\/02\/cultura-reporte-arete-digital-sobre-gestion-cultural-junio-2016\/\" rel=\"bookmark\"><img decoding=\"async\" class=\"alignleft\" title=\"CULTURA: Reporte Aret\u00e9 Digital sobre gesti\u00f3n cultural, junio 2016\" src=\"http:\/\/www.eloriente.net\/home\/wp-content\/themes\/city-desk\/timthumb.php?src=http%3A%2F%2Fwww.eloriente.net%2Fhome%2Fwp-content%2Fuploads%2F2016%2F06%2Fvalladolid.jpg&amp;q=90&amp;w=160&amp;h=106&amp;zc=1\" alt=\"CULTURA: Reporte Aret\u00e9 Digital sobre gesti\u00f3n cultural, junio 2016\" \/><\/a>\u00a0 (www.eloriente.net, M\u00e9xico, 02 de junio de 2016).- La Asociaci\u00f3n Espa\u00f1ola de Gestores de Patrimonio Cultural (AEGPC) public\u00f3 su reporte mensual sobre gesti\u00f3n cultural, Aret\u00e9 Digital, noviembre 2015, en el cual muestra una s\u00edntesis sobre las actividades, convocatorias, cursos, jornadas, congresos, seminarios y noticias de la instituci\u00f3n. En esta edici\u00f3n destaca primeramente el III Congreso [\u2026]<\/p>\n<p class=\"postmeta\"><span class=\"meta_date\">junio 2, 2016<\/span><\/p>\n<\/div>\n\n\t\t\t  <div \n\t\t\t  \tclass = \"fb-comments\" \n\t\t\t  \tdata-href = \"http:\/\/www.eloriente.net\/home\/2016\/10\/03\/cultura-reporte-arete-digital-sobre-gestion-cultural-octubre-2016\/\"\n\t\t\t  \tdata-numposts = \"10\"\n\t\t\t\tdata-colorscheme = \"dark\"\n\t\t\t\tdata-order-by = \"social\"\n\t\t\t\tdata-mobile=true>\n\t\t\t  <\/div>\n\t\t  <style>\n\t\t\t.fb_iframe_widget_fluid_desktop iframe {\n\t\t\t    width: 100% !important;\n\t\t\t}\n\t\t  <\/style>\n\t\t  ","protected":false},"excerpt":{"rendered":"<p>&nbsp; www.eloriente.net, M\u00e9xico, 03 de octubre de 2016).- La Asociaci\u00f3n Espa\u00f1ola de Gestores de Patrimonio Cultural (AEGPC) public\u00f3 su reporte mensual sobre gesti\u00f3n cultural, Aret\u00e9 Digital, noviembre 2015, en el cual muestra una s\u00edntesis sobre las actividades, convocatorias, cursos, jornadas, congresos, seminarios y noticias de la instituci\u00f3n. En esta edici\u00f3n destaca primeramente la XXXV Reuni\u00f3n [&hellip;]<\/p>\n","protected":false},"author":44,"featured_media":45220,"comment_status":"open","ping_status":"open","sticky":false,"template":"","format":"standard","meta":{"_jetpack_memberships_contains_paid_content":false,"footnotes":""},"categories":[8,1588,18,32,10,24],"tags":[4321,1032,426,2559,241,110,4438],"class_list":{"0":"post-45219","1":"post","2":"type-post","3":"status-publish","4":"format-standard","5":"has-post-thumbnail","6":"hentry","7":"category-agenda","8":"category-comunicados-y-boletines","9":"category-educacion-y-cultura","10":"category-entradas","11":"category-lo-mas-reciente","12":"category-mexico-y-el-mundo","13":"tag-4321","14":"tag-agenda-2","15":"tag-arete","16":"tag-arete-digital","17":"tag-cultura","19":"tag-octubre"},"jetpack_featured_media_url":"http:\/\/www.eloriente.net\/home\/wp-content\/uploads\/2016\/10\/BILBAO.jpg","jetpack_sharing_enabled":true,"_links":{"self":[{"href":"http:\/\/www.eloriente.net\/home\/wp-json\/wp\/v2\/posts\/45219"}],"collection":[{"href":"http:\/\/www.eloriente.net\/home\/wp-json\/wp\/v2\/posts"}],"about":[{"href":"http:\/\/www.eloriente.net\/home\/wp-json\/wp\/v2\/types\/post"}],"author":[{"embeddable":true,"href":"http:\/\/www.eloriente.net\/home\/wp-json\/wp\/v2\/users\/44"}],"replies":[{"embeddable":true,"href":"http:\/\/www.eloriente.net\/home\/wp-json\/wp\/v2\/comments?post=45219"}],"version-history":[{"count":1,"href":"http:\/\/www.eloriente.net\/home\/wp-json\/wp\/v2\/posts\/45219\/revisions"}],"predecessor-version":[{"id":45221,"href":"http:\/\/www.eloriente.net\/home\/wp-json\/wp\/v2\/posts\/45219\/revisions\/45221"}],"wp:featuredmedia":[{"embeddable":true,"href":"http:\/\/www.eloriente.net\/home\/wp-json\/wp\/v2\/media\/45220"}],"wp:attachment":[{"href":"http:\/\/www.eloriente.net\/home\/wp-json\/wp\/v2\/media?parent=45219"}],"wp:term":[{"taxonomy":"category","embeddable":true,"href":"http:\/\/www.eloriente.net\/home\/wp-json\/wp\/v2\/categories?post=45219"},{"taxonomy":"post_tag","embeddable":true,"href":"http:\/\/www.eloriente.net\/home\/wp-json\/wp\/v2\/tags?post=45219"}],"curies":[{"name":"wp","href":"https:\/\/api.w.org\/{rel}","templated":true}]}}