{"id":45291,"date":"2016-10-06T17:06:16","date_gmt":"2016-10-06T23:06:16","guid":{"rendered":"http:\/\/www.eloriente.net\/home\/?p=45291"},"modified":"2016-10-07T10:40:19","modified_gmt":"2016-10-07T16:40:19","slug":"videocolumna-es-necesario-que-revaloren-la-posibilidad-de-una-nueva-ley-monetaria-en-mexico-por-rodolfo-moreno","status":"publish","type":"post","link":"http:\/\/www.eloriente.net\/home\/2016\/10\/06\/videocolumna-es-necesario-que-revaloren-la-posibilidad-de-una-nueva-ley-monetaria-en-mexico-por-rodolfo-moreno\/","title":{"rendered":"VIDEOCOLUMNA: Es necesario que revaloren la posibilidad de una nueva ley monetaria en M\u00e9xico. Por Rodolfo Moreno"},"content":{"rendered":"<p><script src=\"\/\/pagead2.googlesyndication.com\/pagead\/js\/adsbygoogle.js\" async=\"\"><\/script><!-- BANNER ELORIENTE INCRUSTADO NOTAS --> <ins class=\"adsbygoogle\" style=\"display: inline-block; width: 300px; height: 250px;\" data-ad-client=\"ca-pub-1136171134853753\" data-ad-slot=\"7974633627\"><\/ins><script>\/\/ <![CDATA[\n(adsbygoogle = window.adsbygoogle || []).push({});\n\/\/ ]]><\/script><\/p>\n<p>&nbsp;<\/p>\n<p>eloriente.net<\/p>\n<p>6 de octubre de 2016<\/p>\n<p>\u00abEl d\u00f3lar ha subido estrepitosamente. Y \u00bfQu\u00e9 podemos hacer al respecto con una moneda mexicana que parece no funcionar?\u00bb<\/p>\n<p>Esta semana el doctor <a class=\"profileLink\" href=\"https:\/\/www.facebook.com\/profile.php?id=100004346027692\" data-hovercard=\"\/ajax\/hovercard\/user.php?id=100004346027692\">Rodolfo Moreno<\/a> nos pone ejemplos de monedas alternativas que han surgido en M\u00e9xico y en el mundo para contrarrestar estas crisis econ\u00f3micas.<\/p>\n<p><iframe loading=\"lazy\" style=\"border: none; overflow: hidden;\" src=\"https:\/\/www.facebook.com\/plugins\/video.php?href=https%3A%2F%2Fwww.facebook.com%2F443535572345554%2Fvideos%2F1305799892785780%2F&amp;show_text=0&amp;width=560\" width=\"560\" height=\"315\" frameborder=\"0\" scrolling=\"no\" allowfullscreen=\"allowfullscreen\"><\/iframe><\/p>\n<p><script src=\"\/\/pagead2.googlesyndication.com\/pagead\/js\/adsbygoogle.js\" async=\"\"><\/script><!-- BANNER PEQUE\u00d1O PARA ENTRENOTAS EL ORIENTE --> <ins class=\"adsbygoogle\" style=\"display: inline-block; width: 468px; height: 60px;\" data-ad-client=\"ca-pub-1136171134853753\" data-ad-slot=\"4953536424\"><\/ins><script>\/\/ <![CDATA[\n(adsbygoogle = window.adsbygoogle || []).push({});\n\/\/ ]]><\/script><\/p>\n<p>Rodolfo Moreno Cruz es profesor en la Universidad Aut\u00f3noma Benito Ju\u00e1rez de Oaxaca y cuenta con estudios de posgrado en Estado de Derecho y Derechos Humanos por la Universidad Alcal\u00e1 de Henares y en Metodolog\u00eda y herramientas para la investigaci\u00f3n por la Universidad Complutense de Madrid; as\u00ed como un doctorado en derechos fundamentales por la Universidad Carlos III de Madrid.<\/p>\n<p><a href=\"http:\/\/www.eloriente.net\/home\/wp-content\/uploads\/2016\/10\/RODOLFO-MORENO-6-de-OCTUBRE.jpg\" rel=\"attachment wp-att-45293\"><img loading=\"lazy\" decoding=\"async\" class=\"alignnone wp-image-45293\" src=\"http:\/\/www.eloriente.net\/home\/wp-content\/uploads\/2016\/10\/RODOLFO-MORENO-6-de-OCTUBRE.jpg\" alt=\"rodolfo-moreno-6-de-octubre\" width=\"601\" height=\"338\" srcset=\"http:\/\/www.eloriente.net\/home\/wp-content\/uploads\/2016\/10\/RODOLFO-MORENO-6-de-OCTUBRE.jpg 1920w, http:\/\/www.eloriente.net\/home\/wp-content\/uploads\/2016\/10\/RODOLFO-MORENO-6-de-OCTUBRE-300x169.jpg 300w, http:\/\/www.eloriente.net\/home\/wp-content\/uploads\/2016\/10\/RODOLFO-MORENO-6-de-OCTUBRE-768x432.jpg 768w, http:\/\/www.eloriente.net\/home\/wp-content\/uploads\/2016\/10\/RODOLFO-MORENO-6-de-OCTUBRE-1024x576.jpg 1024w\" sizes=\"(max-width: 601px) 100vw, 601px\" \/><\/a><\/p>\n<p><strong>OTRAS VIDEOCOLUMNAS<\/strong><\/p>\n<div id=\"post-45270\" class=\"entry loop-default border_bottom_30 post-45270 post type-post status-publish format-standard has-post-thumbnail hentry category-entradas category-salud-y-estilo-de-vida category-lo-mas-reciente category-principal category-rebeca-garza category-videoblogs\">\n<h2 class=\"entry_title\"><a title=\"Enlace Permanente a VIDEOCOLUMNA: M\u00e9xico, el segundo pa\u00eds m\u00e1s transfeminicida del Mundo. Por Rebeca Garza\" href=\"http:\/\/www.eloriente.net\/home\/2016\/10\/05\/videocolumna-mexico-el-segundo-pais-mas-transfeminicida-del-mundo-por-rebeca-garza\/\" rel=\"bookmark\">VIDEOCOLUMNA: M\u00e9xico, el segundo pa\u00eds m\u00e1s transfeminicida del Mundo. Por Rebeca Garza<\/a><\/h2>\n<p><a href=\"http:\/\/www.eloriente.net\/home\/2016\/10\/05\/videocolumna-mexico-el-segundo-pais-mas-transfeminicida-del-mundo-por-rebeca-garza\/\" rel=\"bookmark\"><img decoding=\"async\" class=\"alignleft\" title=\"VIDEOCOLUMNA: M\u00e9xico, el segundo pa\u00eds m\u00e1s transfeminicida del Mundo. Por Rebeca Garza\" src=\"http:\/\/www.eloriente.net\/home\/wp-content\/themes\/city-desk\/timthumb.php?src=http%3A%2F%2Fwww.eloriente.net%2Fhome%2Fwp-content%2Fuploads%2F2016%2F10%2FREBECA-GARZA-5-DE-OCTUBRE-1-e1475709823584.jpg&amp;q=90&amp;w=160&amp;h=106&amp;zc=1\" alt=\"VIDEOCOLUMNA: M\u00e9xico, el segundo pa\u00eds m\u00e1s transfeminicida del Mundo. Por Rebeca Garza\" \/><\/a>\u00a0 eloriente.net 5 de octubre de 2016 eloriente.net 28 de septiembre de 2016 En esta ocasi\u00f3n Rebeca Garza nos comparte estad\u00edsticas del \u201cMonitoreo de asesinatos de personas trans\u201d de Transgender Europe, donde se muestra a M\u00e9xico como el segundo pa\u00eds con m\u00e1s transfeminicidios en el mundo. Rebeca Garza, mujer trans y funcionaria electoral con 15 [\u2026]<\/p>\n<div class=\"toolbar-social\"><\/div>\n<p class=\"postmeta\"><span class=\"meta_date\">octubre 5, 2016<\/span><\/p>\n<p class=\"postmeta\">\n<\/div>\n<div id=\"post-45241\" class=\"entry loop-default border_bottom_30 post-45241 post type-post status-publish format-standard has-post-thumbnail hentry category-educacion-y-cultura category-entradas category-lo-mas-reciente category-salud category-videoblogs\">\n<h2 class=\"entry_title\"><a title=\"Enlace Permanente a VIDEOCOLUMNA: Las creencias sobre el mundo. Por \u00darsula Woolrich\" href=\"http:\/\/www.eloriente.net\/home\/2016\/10\/04\/videocolumna-las-creencias-sobre-el-mundo-por-ursula-woolrich\/\" rel=\"bookmark\">VIDEOCOLUMNA: Las creencias sobre el mundo. Por \u00darsula Woolrich<\/a><\/h2>\n<p><a href=\"http:\/\/www.eloriente.net\/home\/2016\/10\/04\/videocolumna-las-creencias-sobre-el-mundo-por-ursula-woolrich\/\" rel=\"bookmark\"><img decoding=\"async\" class=\"alignleft\" title=\"VIDEOCOLUMNA: Las creencias sobre el mundo. Por \u00darsula Woolrich\" src=\"http:\/\/www.eloriente.net\/home\/wp-content\/themes\/city-desk\/timthumb.php?src=http%3A%2F%2Fwww.eloriente.net%2Fhome%2Fwp-content%2Fuploads%2F2016%2F10%2FU%CC%81RSULA-WOOLRICH-4-DE-OCTUBRE.jpg&amp;q=90&amp;w=160&amp;h=106&amp;zc=1\" alt=\"VIDEOCOLUMNA: Las creencias sobre el mundo. Por \u00darsula Woolrich\" \/><\/a>\u00a0 eloriente.net 4 de octubre de 2016 \u00darsula Woolrich es Psic\u00f3loga con estudios de maestr\u00eda en educaci\u00f3n superior. Diplomada en programaci\u00f3n neuroling\u00fc\u00edstica, docente y conferencista En esta ocasi\u00f3n \u00darsula Woolrich nos habla sobre el tercer tipo de creencias: las creencias sobre el mundo. Tambi\u00e9n nos explica c\u00f3mo \u00e9stas se formaron y c\u00f3mo pueden afectarnos. Te [\u2026]<\/p>\n<div class=\"toolbar-social\"><\/div>\n<p class=\"postmeta\"><span class=\"meta_date\">octubre 4, 2016<\/span><\/p>\n<p class=\"postmeta\">\n<\/div>\n<div id=\"post-45222\" class=\"entry loop-default border_bottom_30 post-45222 post type-post status-publish format-standard has-post-thumbnail hentry category-educacion-y-cultura category-entradas category-estados category-oaxaca-estados category-raul-cruz-maldonado category-videoblogs tag-natalia-toledo tag-octubre tag-proactiva tag-raul-maldonado-mendoza tag-uabjo tag-videocolumna\">\n<h2 class=\"entry_title\"><a title=\"Enlace Permanente a VIDEOCOLUMNA: Natalia Toledo y Proactiva L\u00edder UABJO. Por Ra\u00fal Maldonado\" href=\"http:\/\/www.eloriente.net\/home\/2016\/10\/03\/videocolumna-natalia-toledo-y-proactiva-lider-uabjo-por-raul-maldonado\/\" rel=\"bookmark\">VIDEOCOLUMNA: Natalia Toledo y Proactiva L\u00edder UABJO. Por Ra\u00fal Maldonado<\/a><\/h2>\n<p><a href=\"http:\/\/www.eloriente.net\/home\/2016\/10\/03\/videocolumna-natalia-toledo-y-proactiva-lider-uabjo-por-raul-maldonado\/\" rel=\"bookmark\"><img decoding=\"async\" class=\"alignleft\" title=\"VIDEOCOLUMNA: Natalia Toledo y Proactiva L\u00edder UABJO. Por Ra\u00fal Maldonado\" src=\"http:\/\/www.eloriente.net\/home\/wp-content\/themes\/city-desk\/timthumb.php?src=http%3A%2F%2Fwww.eloriente.net%2Fhome%2Fwp-content%2Fuploads%2F2016%2F10%2FRAU%CC%81L-MALDONADO-3-DE-OCTUBRE.jpg&amp;q=90&amp;w=160&amp;h=106&amp;zc=1\" alt=\"VIDEOCOLUMNA: Natalia Toledo y Proactiva L\u00edder UABJO. Por Ra\u00fal Maldonado\" \/><\/a>\u00a0 eloriente.net 3 de octubre de 2016 Ra\u00fal Maldonado Mendoza es\u00a0Licenciado en Derecho por la UABJO,\u00a0Campe\u00f3n Nacional de Oratoria\u00a0representando al Estado de Oaxaca en el Concurso\u00a0\u201cUn Siglo de Sindicalismo en M\u00e9xico\u201d, organizado por la CTM. Igualmente\u00a0Director del Programa Radiof\u00f3nico \u201cVoz, Educaci\u00f3n y Comunidad\u201d del CSEIIO. Es autor de la obra literaria \u201cPoemas a la Vida\u201d [\u2026]<\/p>\n<\/div>\n\n\t\t\t  <div \n\t\t\t  \tclass = \"fb-comments\" \n\t\t\t  \tdata-href = \"http:\/\/www.eloriente.net\/home\/2016\/10\/06\/videocolumna-es-necesario-que-revaloren-la-posibilidad-de-una-nueva-ley-monetaria-en-mexico-por-rodolfo-moreno\/\"\n\t\t\t  \tdata-numposts = \"10\"\n\t\t\t\tdata-colorscheme = \"dark\"\n\t\t\t\tdata-order-by = \"social\"\n\t\t\t\tdata-mobile=true>\n\t\t\t  <\/div>\n\t\t  <style>\n\t\t\t.fb_iframe_widget_fluid_desktop iframe {\n\t\t\t    width: 100% !important;\n\t\t\t}\n\t\t  <\/style>\n\t\t  ","protected":false},"excerpt":{"rendered":"<p>&nbsp; eloriente.net 6 de octubre de 2016 \u00abEl d\u00f3lar ha subido estrepitosamente. Y \u00bfQu\u00e9 podemos hacer al respecto con una moneda mexicana que parece no funcionar?\u00bb Esta semana el doctor Rodolfo Moreno nos pone ejemplos de monedas alternativas que han surgido en M\u00e9xico y en el mundo para contrarrestar estas crisis econ\u00f3micas. Rodolfo Moreno Cruz [&hellip;]<\/p>\n","protected":false},"author":44,"featured_media":45300,"comment_status":"open","ping_status":"open","sticky":false,"template":"","format":"standard","meta":{"_jetpack_memberships_contains_paid_content":false,"footnotes":""},"categories":[2435,32,10,21,31,6256,19,98],"tags":[5780,1121,7069,6380,6224],"class_list":["post-45291","post","type-post","status-publish","format-standard","has-post-thumbnail","hentry","category-miercolesdeeconomia","category-entradas","category-lo-mas-reciente","category-politica-y-gobierno","category-principal","category-rodolfo-moreno","category-turismo-y-negocios","category-videoblogs","tag-dolar","tag-finanzas","tag-moneda","tag-rodolfo-moreno","tag-videocolumna"],"jetpack_featured_media_url":"http:\/\/www.eloriente.net\/home\/wp-content\/uploads\/2016\/10\/RODOLFO-MORENO-6-de-OCTUBRE-1-e1475858406362.jpg","jetpack_sharing_enabled":true,"_links":{"self":[{"href":"http:\/\/www.eloriente.net\/home\/wp-json\/wp\/v2\/posts\/45291"}],"collection":[{"href":"http:\/\/www.eloriente.net\/home\/wp-json\/wp\/v2\/posts"}],"about":[{"href":"http:\/\/www.eloriente.net\/home\/wp-json\/wp\/v2\/types\/post"}],"author":[{"embeddable":true,"href":"http:\/\/www.eloriente.net\/home\/wp-json\/wp\/v2\/users\/44"}],"replies":[{"embeddable":true,"href":"http:\/\/www.eloriente.net\/home\/wp-json\/wp\/v2\/comments?post=45291"}],"version-history":[{"count":2,"href":"http:\/\/www.eloriente.net\/home\/wp-json\/wp\/v2\/posts\/45291\/revisions"}],"predecessor-version":[{"id":45296,"href":"http:\/\/www.eloriente.net\/home\/wp-json\/wp\/v2\/posts\/45291\/revisions\/45296"}],"wp:featuredmedia":[{"embeddable":true,"href":"http:\/\/www.eloriente.net\/home\/wp-json\/wp\/v2\/media\/45300"}],"wp:attachment":[{"href":"http:\/\/www.eloriente.net\/home\/wp-json\/wp\/v2\/media?parent=45291"}],"wp:term":[{"taxonomy":"category","embeddable":true,"href":"http:\/\/www.eloriente.net\/home\/wp-json\/wp\/v2\/categories?post=45291"},{"taxonomy":"post_tag","embeddable":true,"href":"http:\/\/www.eloriente.net\/home\/wp-json\/wp\/v2\/tags?post=45291"}],"curies":[{"name":"wp","href":"https:\/\/api.w.org\/{rel}","templated":true}]}}