{"id":45418,"date":"2016-10-14T16:34:47","date_gmt":"2016-10-14T22:34:47","guid":{"rendered":"http:\/\/www.eloriente.net\/home\/?p=45418"},"modified":"2016-10-14T22:03:22","modified_gmt":"2016-10-15T04:03:22","slug":"videocolumna-que-es-el-presupuesto-de-egresos-de-la-federacion-por-alejandro-cruz-pimentel","status":"publish","type":"post","link":"http:\/\/www.eloriente.net\/home\/2016\/10\/14\/videocolumna-que-es-el-presupuesto-de-egresos-de-la-federacion-por-alejandro-cruz-pimentel\/","title":{"rendered":"VIDEOCOLUMNA: \u00bfQu\u00e9 es el Presupuesto de Egresos de la Federaci\u00f3n? Por Alejandro Cruz Pimentel"},"content":{"rendered":"<p><script src=\"\/\/pagead2.googlesyndication.com\/pagead\/js\/adsbygoogle.js\" async=\"\"><\/script><!-- BANNER ELORIENTE INCRUSTADO NOTAS --> <ins class=\"adsbygoogle\" style=\"display: inline-block; width: 300px; height: 250px;\" data-ad-client=\"ca-pub-1136171134853753\" data-ad-slot=\"7974633627\"><\/ins><script>\/\/ <![CDATA[\n(adsbygoogle = window.adsbygoogle || []).push({});\n\/\/ ]]><\/script><\/p>\n<p>&nbsp;<\/p>\n<p>eloriente.net<\/p>\n<p>14 de octubre de 2016<\/p>\n<p>\u00abLos ciudadanos queremos que negocien un presupuesto que cambie la calidad de vida de sus representados y no que negocien programas para impulsar sus aspiraciones pol\u00edticas.\u00bb<\/p>\n<p>Esta semana <a class=\"profileLink\" href=\"https:\/\/www.facebook.com\/acruzpi68\" data-hovercard=\"\/ajax\/hovercard\/user.php?id=100001021602250\">Alejandro S Cruz Pimentel<\/a> toca el tema del Presupuesto de Egresos de la Federaci\u00f3n. Nos explica en qu\u00e9 consiste, desde su planeaci\u00f3n hasta su aprobaci\u00f3n.<\/p>\n<p><iframe loading=\"lazy\" style=\"border: none; overflow: hidden;\" src=\"https:\/\/www.facebook.com\/plugins\/video.php?href=https%3A%2F%2Fwww.facebook.com%2F443535572345554%2Fvideos%2F1313802961985473%2F&amp;show_text=0&amp;width=560\" width=\"560\" height=\"315\" frameborder=\"0\" scrolling=\"no\" allowfullscreen=\"allowfullscreen\"><\/iframe><\/p>\n<p><script src=\"\/\/pagead2.googlesyndication.com\/pagead\/js\/adsbygoogle.js\" async=\"\"><\/script><!-- BANNER PEQUE\u00d1O PARA ENTRENOTAS EL ORIENTE --> <ins class=\"adsbygoogle\" style=\"display: inline-block; width: 468px; height: 60px;\" data-ad-client=\"ca-pub-1136171134853753\" data-ad-slot=\"4953536424\"><\/ins><script>\/\/ <![CDATA[\n(adsbygoogle = window.adsbygoogle || []).push({});\n\/\/ ]]><\/script><\/p>\n<p>Alejandro Cruz Pimentel es egresado del Instituto Tecnol\u00f3gico de Oaxaca. \u00a0Cuenta el grado de Licenciatura de Ingeniero Industrial y Maestr\u00eda en Planificaci\u00f3n de Empresas y Desarrollo Regional.<\/p>\n<p>Ha laborado durante dos d\u00e9cadas en la administraci\u00f3n p\u00fablica.<\/p>\n<p>Cuenta con distintos Diplomados en Gobierno Abierto y Participativo; en Pol\u00edticas P\u00fablicas y Evaluaci\u00f3n; Administraci\u00f3n Municipal. Adem\u00e1s ha asistido a Seminarios Internacionales de Transparencia, Acceso a la Informaci\u00f3n y Combate a la corrupci\u00f3n. \u00a0Es consultor en obra p\u00fablica y adquisiciones gubernamentales.\u00a0Colaborador en varios medios de opini\u00f3n.\u00a0Profesor en la Maestr\u00eda de Goiberno y Politicas P\u00fablicas en la Universidad Vasconcelos.<\/p>\n<p><a href=\"http:\/\/www.eloriente.net\/home\/wp-content\/uploads\/2016\/10\/ALEJANDRO-CRUZ-14-DE-OCTUBRE.jpg\" rel=\"attachment wp-att-45419\"><img loading=\"lazy\" decoding=\"async\" class=\"alignnone  wp-image-45419\" src=\"http:\/\/www.eloriente.net\/home\/wp-content\/uploads\/2016\/10\/ALEJANDRO-CRUZ-14-DE-OCTUBRE.jpg\" alt=\"alejandro-cruz-14-de-octubre\" width=\"601\" height=\"338\" srcset=\"http:\/\/www.eloriente.net\/home\/wp-content\/uploads\/2016\/10\/ALEJANDRO-CRUZ-14-DE-OCTUBRE.jpg 1920w, http:\/\/www.eloriente.net\/home\/wp-content\/uploads\/2016\/10\/ALEJANDRO-CRUZ-14-DE-OCTUBRE-300x169.jpg 300w, http:\/\/www.eloriente.net\/home\/wp-content\/uploads\/2016\/10\/ALEJANDRO-CRUZ-14-DE-OCTUBRE-768x432.jpg 768w, http:\/\/www.eloriente.net\/home\/wp-content\/uploads\/2016\/10\/ALEJANDRO-CRUZ-14-DE-OCTUBRE-1024x576.jpg 1024w\" sizes=\"(max-width: 601px) 100vw, 601px\" \/><\/a><\/p>\n<p><strong>OTRAS VIDEOCOLUMNAS<\/strong><\/p>\n<div id=\"post-45397\" class=\"entry loop-default border_bottom_30 post-45397 post type-post status-publish format-standard has-post-thumbnail hentry category-entradas category-lo-mas-reciente category-principal category-salud category-videoblogs tag-aspectos-positivos tag-bienestar tag-ursula-woolrich tag-videocolumna\">\n<h2 class=\"entry_title\"><a title=\"Enlace Permanente a VIDEOCOLUMNA: Encuentra los aspectos positivos de tu persona. Por \u00darsula Woolrich\" href=\"http:\/\/www.eloriente.net\/home\/2016\/10\/13\/videocolumna-encuentra-los-aspectos-positivos-de-tu-persona-por-ursula-woolrich\/\" rel=\"bookmark\">VIDEOCOLUMNA: Encuentra los aspectos positivos de tu persona. Por \u00darsula Woolrich<\/a><\/h2>\n<p><a href=\"http:\/\/www.eloriente.net\/home\/2016\/10\/13\/videocolumna-encuentra-los-aspectos-positivos-de-tu-persona-por-ursula-woolrich\/\" rel=\"bookmark\"><img decoding=\"async\" class=\"alignleft\" title=\"VIDEOCOLUMNA: Encuentra los aspectos positivos de tu persona. Por \u00darsula Woolrich\" src=\"http:\/\/www.eloriente.net\/home\/wp-content\/themes\/city-desk\/timthumb.php?src=http%3A%2F%2Fwww.eloriente.net%2Fhome%2Fwp-content%2Fuploads%2F2016%2F10%2FU%CC%81RSULA-WOOLRICH-13-DE-OCTUBRE-1-e1476462356670.jpg&amp;q=90&amp;w=160&amp;h=106&amp;zc=1\" alt=\"VIDEOCOLUMNA: Encuentra los aspectos positivos de tu persona. Por \u00darsula Woolrich\" \/><\/a>\u00a0 eloriente.net 13 de octubre de 2016 Esta semana la Psic\u00f3loga Ursula Woolrich nos da recomendaciones para no encasillarnos en los aspectos negativos que otras personas pueden ver en nosotros. Te dejamos aqu\u00ed los datos de Ursula Woolrich (9512403234) para conferencias y consultas. \u00darsula Woolrich es Psic\u00f3loga con estudios de maestr\u00eda en educaci\u00f3n superior. Diplomada [\u2026]<\/p>\n<div class=\"toolbar-social\">\n<div class=\"social-widget\">\n<div id=\"sharing-widget\"><\/div>\n<\/div>\n<\/div>\n<p class=\"postmeta\"><span class=\"meta_date\">octubre 13, 2016<\/span><\/p>\n<p class=\"postmeta\">\n<\/div>\n<div id=\"post-45377\" class=\"entry loop-default border_bottom_30 post-45377 post type-post status-publish format-standard has-post-thumbnail hentry category-derechos-humanos category-entradas category-lo-mas-reciente category-politica-y-gobierno category-rebeca-garza category-videoblogs tag-dia-internacional-por-la-despatologizacion-trans tag-rebeca-garza\">\n<h2 class=\"entry_title\"><a title=\"Enlace Permanente a VIDEOCOLUMNA: D\u00eda internacional de Acci\u00f3n por la Despatologizaci\u00f3n trans. Por Rebeca Garza\" href=\"http:\/\/www.eloriente.net\/home\/2016\/10\/12\/videocolumna-dia-internacional-de-accion-por-la-despatologizacion-trans-por-rebeca-garza\/\" rel=\"bookmark\">VIDEOCOLUMNA: D\u00eda internacional de Acci\u00f3n por la Despatologizaci\u00f3n trans. Por Rebeca Garza<\/a><\/h2>\n<p><a href=\"http:\/\/www.eloriente.net\/home\/2016\/10\/12\/videocolumna-dia-internacional-de-accion-por-la-despatologizacion-trans-por-rebeca-garza\/\" rel=\"bookmark\"><img decoding=\"async\" class=\"alignleft\" title=\"VIDEOCOLUMNA: D\u00eda internacional de Acci\u00f3n por la Despatologizaci\u00f3n trans. Por Rebeca Garza\" src=\"http:\/\/www.eloriente.net\/home\/wp-content\/themes\/city-desk\/timthumb.php?src=http%3A%2F%2Fwww.eloriente.net%2Fhome%2Fwp-content%2Fuploads%2F2016%2F10%2FREBECA-GARZA-12-DE-OCTUBRE-2-1-e1476316592472.jpg&amp;q=90&amp;w=160&amp;h=106&amp;zc=1\" alt=\"VIDEOCOLUMNA: D\u00eda internacional de Acci\u00f3n por la Despatologizaci\u00f3n trans. Por Rebeca Garza\" \/><\/a>\u00a0 eloriente.net 12 de octubre de 2016 \u201cLa patologizaci\u00f3n de lo trans alimenta los tent\u00e1culos de la transfobia y el cissexismo al perpetuar ideas donde se considera a la identidad trans como inferior, artificial, falsa o enferma con respecto a la identidad cisg\u00e9nero que se asume superior, natural, verdadera o saludable.\u201d Rebeca Garza nos explica [\u2026]<\/p>\n<div class=\"toolbar-social\">\n<div class=\"social-widget\">\n<div id=\"sharing-widget\"><\/div>\n<\/div>\n<\/div>\n<p class=\"postmeta\"><span class=\"meta_date\">octubre 12, 2016<\/span><\/p>\n<p class=\"postmeta\">\n<\/div>\n<div id=\"post-45366\" class=\"entry loop-default border_bottom_30 post-45366 post type-post status-publish format-standard has-post-thumbnail hentry category-educacion-y-cultura category-entradas category-estados category-musica-de-oaxaca category-oaxaca-estados category-raul-cruz-maldonado category-videoblogs tag-homenaje tag-raul-maldonado tag-rito-marcelino-rovirosa\">\n<h2 class=\"entry_title\"><a title=\"Enlace Permanente a VIDEOCOLUMNA: Homenaje al maestro Rito Marcelino Rovirosa. Por Ra\u00fal Maldonado\" href=\"http:\/\/www.eloriente.net\/home\/2016\/10\/11\/videocolumna-homenaje-al-maestro-rito-marcelino-rovirosa-por-raul-maldonado\/\" rel=\"bookmark\">VIDEOCOLUMNA: Homenaje al maestro Rito Marcelino Rovirosa. Por Ra\u00fal Maldonado<\/a><\/h2>\n<p><a href=\"http:\/\/www.eloriente.net\/home\/2016\/10\/11\/videocolumna-homenaje-al-maestro-rito-marcelino-rovirosa-por-raul-maldonado\/\" rel=\"bookmark\"><img decoding=\"async\" class=\"alignleft\" title=\"VIDEOCOLUMNA: Homenaje al maestro Rito Marcelino Rovirosa. Por Ra\u00fal Maldonado\" src=\"http:\/\/www.eloriente.net\/home\/wp-content\/themes\/city-desk\/timthumb.php?src=http%3A%2F%2Fwww.eloriente.net%2Fhome%2Fwp-content%2Fuploads%2F2016%2F10%2FRAU%CC%81L-MALDONADO-11-DE-OCTUBRE.jpg&amp;q=90&amp;w=160&amp;h=106&amp;zc=1\" alt=\"VIDEOCOLUMNA: Homenaje al maestro Rito Marcelino Rovirosa. Por Ra\u00fal Maldonado\" \/><\/a>\u00a0 eloriente.net 11 de octubre de 2016 Esta semana en su videocolumna, Ra\u00fal Maldonado nos habla de el primer Congreso Internacional \u201cDocencia, Educaci\u00f3n y Sociedad en el Siglo XXI\u201d celebrado en el Instituto de Estudios Superiores del Istmo de Tehuantepec. As\u00ed mismo toca el tema del homenaje al maestro Rito Marcelino Rovirosa, ilustre m\u00fasico mixe. [\u2026]<\/p>\n<\/div>\n\n\t\t\t  <div \n\t\t\t  \tclass = \"fb-comments\" \n\t\t\t  \tdata-href = \"http:\/\/www.eloriente.net\/home\/2016\/10\/14\/videocolumna-que-es-el-presupuesto-de-egresos-de-la-federacion-por-alejandro-cruz-pimentel\/\"\n\t\t\t  \tdata-numposts = \"10\"\n\t\t\t\tdata-colorscheme = \"dark\"\n\t\t\t\tdata-order-by = \"social\"\n\t\t\t\tdata-mobile=true>\n\t\t\t  <\/div>\n\t\t  <style>\n\t\t\t.fb_iframe_widget_fluid_desktop iframe {\n\t\t\t    width: 100% !important;\n\t\t\t}\n\t\t  <\/style>\n\t\t  ","protected":false},"excerpt":{"rendered":"<p>&nbsp; eloriente.net 14 de octubre de 2016 \u00abLos ciudadanos queremos que negocien un presupuesto que cambie la calidad de vida de sus representados y no que negocien programas para impulsar sus aspiraciones pol\u00edticas.\u00bb Esta semana Alejandro S Cruz Pimentel toca el tema del Presupuesto de Egresos de la Federaci\u00f3n. Nos explica en qu\u00e9 consiste, desde [&hellip;]<\/p>\n","protected":false},"author":36,"featured_media":45419,"comment_status":"open","ping_status":"open","sticky":false,"template":"","format":"standard","meta":{"_jetpack_memberships_contains_paid_content":false,"footnotes":""},"categories":[6243,2829,11,91,32,10,21,98],"tags":[3339,4190,2634],"class_list":["post-45418","post","type-post","status-publish","format-standard","has-post-thumbnail","hentry","category-alejandro-cruz-pimentel-videoblogs","category-alejandro-cruz-pimentel","category-colaboradores","category-congreso-y-justicia","category-entradas","category-lo-mas-reciente","category-politica-y-gobierno","category-videoblogs","tag-alejandro-cruz","tag-alejandro-cruz-pimentel","tag-presupuesto-de-egresos-de-la-federacion"],"jetpack_featured_media_url":"http:\/\/www.eloriente.net\/home\/wp-content\/uploads\/2016\/10\/ALEJANDRO-CRUZ-14-DE-OCTUBRE.jpg","jetpack_sharing_enabled":true,"_links":{"self":[{"href":"http:\/\/www.eloriente.net\/home\/wp-json\/wp\/v2\/posts\/45418"}],"collection":[{"href":"http:\/\/www.eloriente.net\/home\/wp-json\/wp\/v2\/posts"}],"about":[{"href":"http:\/\/www.eloriente.net\/home\/wp-json\/wp\/v2\/types\/post"}],"author":[{"embeddable":true,"href":"http:\/\/www.eloriente.net\/home\/wp-json\/wp\/v2\/users\/36"}],"replies":[{"embeddable":true,"href":"http:\/\/www.eloriente.net\/home\/wp-json\/wp\/v2\/comments?post=45418"}],"version-history":[{"count":1,"href":"http:\/\/www.eloriente.net\/home\/wp-json\/wp\/v2\/posts\/45418\/revisions"}],"predecessor-version":[{"id":45420,"href":"http:\/\/www.eloriente.net\/home\/wp-json\/wp\/v2\/posts\/45418\/revisions\/45420"}],"wp:featuredmedia":[{"embeddable":true,"href":"http:\/\/www.eloriente.net\/home\/wp-json\/wp\/v2\/media\/45419"}],"wp:attachment":[{"href":"http:\/\/www.eloriente.net\/home\/wp-json\/wp\/v2\/media?parent=45418"}],"wp:term":[{"taxonomy":"category","embeddable":true,"href":"http:\/\/www.eloriente.net\/home\/wp-json\/wp\/v2\/categories?post=45418"},{"taxonomy":"post_tag","embeddable":true,"href":"http:\/\/www.eloriente.net\/home\/wp-json\/wp\/v2\/tags?post=45418"}],"curies":[{"name":"wp","href":"https:\/\/api.w.org\/{rel}","templated":true}]}}