{"id":45571,"date":"2016-10-26T12:15:22","date_gmt":"2016-10-26T18:15:22","guid":{"rendered":"http:\/\/www.eloriente.net\/home\/?p=45571"},"modified":"2016-10-26T18:45:25","modified_gmt":"2016-10-27T00:45:25","slug":"unorienteverde-descubre-si-los-alimentos-que-consumes-son-transgenicos","status":"publish","type":"post","link":"http:\/\/www.eloriente.net\/home\/2016\/10\/26\/unorienteverde-descubre-si-los-alimentos-que-consumes-son-transgenicos\/","title":{"rendered":"#UnOrienteVerde Descubre si los alimentos que consumes son transg\u00e9nicos"},"content":{"rendered":"<p><script src=\"\/\/pagead2.googlesyndication.com\/pagead\/js\/adsbygoogle.js\" async=\"\"><\/script><!-- BANNER ELORIENTE INCRUSTADO NOTAS --> <ins class=\"adsbygoogle\" style=\"display: inline-block; width: 300px; height: 250px;\" data-ad-client=\"ca-pub-1136171134853753\" data-ad-slot=\"7974633627\"><\/ins><script>\/\/ <![CDATA[\n(adsbygoogle = window.adsbygoogle || []).push({});\n\/\/ ]]><\/script><\/p>\n<p>&nbsp;<\/p>\n<p>(www.eloriente.net; M\u00e9xico a 26 de octubre de 2016).- Por Jessica Lamadrid<\/p>\n<p>Ante la falta de una regulaci\u00f3n que obligue a la industria alimentaria a ser transparente con sus consumidores, lo que puedes hacer es informarte para que los alimentos que consumes no sean transg\u00e9nicos.<\/p>\n<p>Para saber como diferenciar los alimentos transg\u00e9nicos, Greenpeace desde hace a\u00f1os lanza la Gu\u00eda de Consumo Responsable y sin transg\u00e9nicos \u201cY t\u00fa\u2026 \u00bfSabes lo que comes?\u201d, en la que se recogen las respuestas que dieron las principales empresas de alimentos en M\u00e9xico\u00a0sobre el uso de organismos gen\u00e9ticamente modificados (OGM) en sus productos.<\/p>\n<p>La reciente gu\u00eda 2016 incluye 344 productos de consumo com\u00fan como lo son los cereales, el pan, bebidas, tortillas, salsas, cervezas, entre otros; dichos productos son divididos en tres secciones: verde, que corresponde a alimentos libres de transg\u00e9nicos, debido a que las empresas brindaron evidencia como pruebas de laboratorio y\/o certificados de org\u00e1nicos de sus insumos; la categor\u00eda morada incluye aquellos productos de empresas que aceptaron usar OGM, no respondieron o no dieron garant\u00edas de que sus productos no contengan ingredientes transg\u00e9nicos o sus derivados; la secci\u00f3n naranja incluye a aquellos que se encuentran en transici\u00f3n para dejar de utilizar organismos gen\u00e9ticamente modificados.<\/p>\n<p><script src=\"\/\/pagead2.googlesyndication.com\/pagead\/js\/adsbygoogle.js\" async=\"\"><\/script><!-- BANNER PEQUE\u00d1O PARA ENTRENOTAS EL ORIENTE --> <ins class=\"adsbygoogle\" style=\"display: inline-block; width: 468px; height: 60px;\" data-ad-client=\"ca-pub-1136171134853753\" data-ad-slot=\"4953536424\"><\/ins><script>\/\/ <![CDATA[\n(adsbygoogle = window.adsbygoogle || []).push({});\n\/\/ ]]><\/script><\/p>\n<p>La organizaci\u00f3n de Greenpeace inform\u00f3 que\u00a0de los productos que se incluyeron, 164 (47.6%) est\u00e1n libres de transg\u00e9nicos, una gran noticia pues es 5% m\u00e1s que en la edici\u00f3n de 2011 lo que demuestra que la oferta de alimentos sin OGM ha aumentado en los \u00faltimos a\u00f1os debido a que cada vez son m\u00e1s personas las que prefieren este tipo de productos y la industria alimentaria ha tenido que actuar para satisfacer esta demanda.<\/p>\n<p><a title=\"Alimentos\" href=\"http:\/\/makeagif.com\/QSo1q3\"><img decoding=\"async\" src=\"http:\/\/i.makeagif.com\/media\/10-26-2016\/QSo1q3.gif\" alt=\"Alimentos\" \/><\/a><\/p>\n<div style=\"font-size: 11px;\"><\/div>\n<p>Tal es el caso de Nestl\u00e9, que ha eliminado transg\u00e9nicos de la leche para beb\u00e9 de las marcas Kinder, NAN y Nestum, que en esta ocasi\u00f3n se encuentran en la secci\u00f3n verde de la gu\u00eda, aunque a\u00fan tiene pendiente hacer lo mismo en productos como cereales y congelados.<\/p>\n<p>Recuerda que el objetivo de la organizaci\u00f3n ambientalista para realizar esta gu\u00eda es el siguiente.\u201cLa gu\u00eda de consumo responsable y sin transg\u00e9nicos busca llenar el vac\u00edo de informaci\u00f3n al que nos enfrentamos miles de consumidores y consumidoras al elegir los alimentos que llevamos a nuestra mesa. Es urgente que se establezca un sistema de etiquetado como sucede en otros pa\u00edses para que se garantice nuestro derecho a la informaci\u00f3n\u201d, se\u00f1al\u00f3 Sandra Laso, vocera de la campa\u00f1a Comida Sana, Tierra Sana de Greenpeace.<\/p>\n<p>Si quieres conocer m\u00e1s de esta gu\u00eda y obtenerla te compartimos el <a href=\"http:\/\/www.greenpeace.org\/mexico\/es\/Campanas\/Agricultura--sustentable--y-transgenicos\/Y-tu-sabes-lo-que-comes\/\" target=\"_blank\">link<\/a> en el que puedes hacerlo.<\/p>\n<p><span class=\"embed-youtube\" style=\"text-align:center; display: block;\"><iframe loading=\"lazy\" class=\"youtube-player\" width=\"640\" height=\"360\" src=\"https:\/\/www.youtube.com\/embed\/kUvAbs2K65I?version=3&#038;rel=1&#038;showsearch=0&#038;showinfo=1&#038;iv_load_policy=1&#038;fs=1&#038;hl=es-ES&#038;autohide=2&#038;wmode=transparent\" allowfullscreen=\"true\" style=\"border:0;\" sandbox=\"allow-scripts allow-same-origin allow-popups allow-presentation allow-popups-to-escape-sandbox\"><\/iframe><\/span><\/p>\n<p><strong>OTRAS ENTRADAS<\/strong><\/p>\n<div class=\"featuredpost\">\n<div class=\"flow_hide\">\n<h2 class=\"posttitle bigposttitle\"><a title=\"Enlace Permanente a VIDEOCOLUMNA: La poes\u00eda vive en la competencia fraterna del conocimiento. Por Ra\u00fal Maldonado\" href=\"http:\/\/www.eloriente.net\/home\/2016\/10\/25\/videocolumna-la-poesia-viva-en-la-competencia-fraterna-del-conocimiento-por-raul-maldonado\/\" rel=\"bookmark\">VIDEOCOLUMNA: La poes\u00eda vive en la competencia fraterna del conocimiento. Por Ra\u00fal Maldonado<\/a><\/h2>\n<\/div>\n<p>eloriente.net 25 de octubre de 2016 Ra\u00fal Maldonado Mendoza habla con su particular estilo sobre las Olimpiadas Acad\u00e9micas, Culturales y Deportivas de los Bachilleratos Integrales Comunitarios que\u2026<\/p>\n<p class=\"postmeta\"><span class=\"meta_date\">octubre 25, 2016<\/span><\/p>\n<p class=\"postmeta\">\n<\/div>\n<div class=\"featuredpost\">\n<div class=\"flow_hide\">\n<p><a href=\"http:\/\/www.eloriente.net\/home\/2016\/10\/25\/5-vacantes-para-contadores-martesdevacantes-10\/\" rel=\"bookmark\"><img decoding=\"async\" class=\"alignleft\" title=\"5 vacantes para Contadores #MartesDeVacantes\" src=\"http:\/\/www.eloriente.net\/home\/wp-content\/themes\/city-desk\/timthumb.php?src=http%3A%2F%2Fwww.eloriente.net%2Fhome%2Fwp-content%2Fuploads%2F2014%2F05%2Fmartes-de-vacantes.jpg&amp;q=90&amp;w=70&amp;h=45&amp;zc=1\" alt=\"5 vacantes para Contadores #MartesDeVacantes\" \/><\/a><\/p>\n<h2 class=\"posttitle \"><a title=\"Enlace Permanente a 5 vacantes para Contadores #MartesDeVacantes\" href=\"http:\/\/www.eloriente.net\/home\/2016\/10\/25\/5-vacantes-para-contadores-martesdevacantes-10\/\" rel=\"bookmark\">5 vacantes para Contadores #MartesDeVacantes<\/a><\/h2>\n<\/div>\n<p>(www.eloriente.net, M\u00e9xico, a 25 de octubre de 2016).- Conscientes de la importancia para la ciudadan\u00eda en general de la b\u00fasqueda de nuevas oportunidades de crecimiento profesional, ponemos\u2026<\/p>\n<p class=\"postmeta\"><span class=\"meta_date\">octubre 25, 2016<\/span><\/p>\n<p class=\"postmeta\">\n<\/div>\n<div class=\"featuredpost\">\n<div class=\"flow_hide\">\n<p><a href=\"http:\/\/www.eloriente.net\/home\/2016\/10\/24\/oaxaca-poder-judicial-tiene-la-responsabilidad-de-evitar-impunidad-y-negligencia-en-feminicidios-alfredo-lagunas-rivera\/\" rel=\"bookmark\"><img decoding=\"async\" class=\"alignleft\" title=\"OAXACA: \u201cPoder Judicial tiene la responsabilidad de evitar impunidad y negligencia en feminicidios\u201d: Alfredo Lagunas Rivera\" src=\"http:\/\/www.eloriente.net\/home\/wp-content\/themes\/city-desk\/timthumb.php?src=http%3A%2F%2Fwww.eloriente.net%2Fhome%2Fwp-content%2Fuploads%2F2016%2F10%2FTSJ-Capacitacio%CC%81n.jpg&amp;q=90&amp;w=70&amp;h=45&amp;zc=1\" alt=\"OAXACA: \u201cPoder Judicial tiene la responsabilidad de evitar impunidad y negligencia en feminicidios\u201d: Alfredo Lagunas Rivera\" \/><\/a><\/p>\n<h2 class=\"posttitle \"><a title=\"Enlace Permanente a OAXACA: \u201cPoder Judicial tiene la responsabilidad de evitar impunidad y negligencia en feminicidios\u201d: Alfredo Lagunas Rivera\" href=\"http:\/\/www.eloriente.net\/home\/2016\/10\/24\/oaxaca-poder-judicial-tiene-la-responsabilidad-de-evitar-impunidad-y-negligencia-en-feminicidios-alfredo-lagunas-rivera\/\" rel=\"bookmark\">OAXACA: \u201cPoder Judicial tiene la responsabilidad de evitar impunidad y negligencia en feminicidios\u201d: Alfredo Lagunas Rivera<\/a><\/h2>\n<\/div>\n<p>eloriente.net 24 de octubre de 2016 Oaxaca se encuentra entre los diez estados del pa\u00eds con mayores \u00edndices de muertes de\u00a0mujeres con caracter\u00edsticas de feminicidio, problem\u00e1tica que\u2026<\/p>\n<p class=\"postmeta\"><span class=\"meta_date\">octubre 24, 2016<\/span><\/p>\n<\/div>\n\n\t\t\t  <div \n\t\t\t  \tclass = \"fb-comments\" \n\t\t\t  \tdata-href = \"http:\/\/www.eloriente.net\/home\/2016\/10\/26\/unorienteverde-descubre-si-los-alimentos-que-consumes-son-transgenicos\/\"\n\t\t\t  \tdata-numposts = \"10\"\n\t\t\t\tdata-colorscheme = \"dark\"\n\t\t\t\tdata-order-by = \"social\"\n\t\t\t\tdata-mobile=true>\n\t\t\t  <\/div>\n\t\t  <style>\n\t\t\t.fb_iframe_widget_fluid_desktop iframe {\n\t\t\t    width: 100% !important;\n\t\t\t}\n\t\t  <\/style>\n\t\t  ","protected":false},"excerpt":{"rendered":"<p>&nbsp; (www.eloriente.net; M\u00e9xico a 26 de octubre de 2016).- Por Jessica Lamadrid Ante la falta de una regulaci\u00f3n que obligue a la industria alimentaria a ser transparente con sus consumidores, lo que puedes hacer es informarte para que los alimentos que consumes no sean transg\u00e9nicos. Para saber como diferenciar los alimentos transg\u00e9nicos, Greenpeace desde hace [&hellip;]<\/p>\n","protected":false},"author":45,"featured_media":45580,"comment_status":"open","ping_status":"open","sticky":false,"template":"","format":"standard","meta":{"_jetpack_memberships_contains_paid_content":false,"footnotes":""},"categories":[18,32,16,10,20,24,1],"tags":[984,144,5786,222,7116],"class_list":["post-45571","post","type-post","status-publish","format-standard","has-post-thumbnail","hentry","category-educacion-y-cultura","category-entradas","category-salud-y-estilo-de-vida","category-lo-mas-reciente","category-medio-ambiente","category-mexico-y-el-mundo","category-uncategorized","tag-alimentos","tag-salud-2","tag-tips","tag-vida","tag-vidaverde"],"jetpack_featured_media_url":"http:\/\/www.eloriente.net\/home\/wp-content\/uploads\/2016\/10\/3028791764_dc76c093c6_z.jpg","jetpack_sharing_enabled":true,"_links":{"self":[{"href":"http:\/\/www.eloriente.net\/home\/wp-json\/wp\/v2\/posts\/45571"}],"collection":[{"href":"http:\/\/www.eloriente.net\/home\/wp-json\/wp\/v2\/posts"}],"about":[{"href":"http:\/\/www.eloriente.net\/home\/wp-json\/wp\/v2\/types\/post"}],"author":[{"embeddable":true,"href":"http:\/\/www.eloriente.net\/home\/wp-json\/wp\/v2\/users\/45"}],"replies":[{"embeddable":true,"href":"http:\/\/www.eloriente.net\/home\/wp-json\/wp\/v2\/comments?post=45571"}],"version-history":[{"count":8,"href":"http:\/\/www.eloriente.net\/home\/wp-json\/wp\/v2\/posts\/45571\/revisions"}],"predecessor-version":[{"id":45593,"href":"http:\/\/www.eloriente.net\/home\/wp-json\/wp\/v2\/posts\/45571\/revisions\/45593"}],"wp:featuredmedia":[{"embeddable":true,"href":"http:\/\/www.eloriente.net\/home\/wp-json\/wp\/v2\/media\/45580"}],"wp:attachment":[{"href":"http:\/\/www.eloriente.net\/home\/wp-json\/wp\/v2\/media?parent=45571"}],"wp:term":[{"taxonomy":"category","embeddable":true,"href":"http:\/\/www.eloriente.net\/home\/wp-json\/wp\/v2\/categories?post=45571"},{"taxonomy":"post_tag","embeddable":true,"href":"http:\/\/www.eloriente.net\/home\/wp-json\/wp\/v2\/tags?post=45571"}],"curies":[{"name":"wp","href":"https:\/\/api.w.org\/{rel}","templated":true}]}}