{"id":45586,"date":"2016-10-26T16:04:02","date_gmt":"2016-10-26T22:04:02","guid":{"rendered":"http:\/\/www.eloriente.net\/home\/?p=45586"},"modified":"2016-10-26T16:08:38","modified_gmt":"2016-10-26T22:08:38","slug":"45586","status":"publish","type":"post","link":"http:\/\/www.eloriente.net\/home\/2016\/10\/26\/45586\/","title":{"rendered":"VIDEOCOLUMNA: D\u00eda Internacional de la Visibilizaci\u00f3n Intersexual. Por Rebeca Garza"},"content":{"rendered":"<p><script src=\"\/\/pagead2.googlesyndication.com\/pagead\/js\/adsbygoogle.js\" async=\"\"><\/script><!-- BANNER ELORIENTE INCRUSTADO NOTAS --> <ins class=\"adsbygoogle\" style=\"display: inline-block; width: 300px; height: 250px;\" data-ad-client=\"ca-pub-1136171134853753\" data-ad-slot=\"7974633627\"><\/ins><script>\/\/ <![CDATA[\n(adsbygoogle = window.adsbygoogle || []).push({});\n\/\/ ]]><\/script><\/p>\n<p>&nbsp;<\/p>\n<p>eloriente.net<\/p>\n<p>26 de octubre de 2016<\/p>\n<p>Este 26 de octubre se conmemora el D\u00eda Internacional de la Visibilizaci\u00f3n Intersexual, y <a class=\"profileLink\" href=\"https:\/\/www.facebook.com\/rebeca.garza\" data-hovercard=\"\/ajax\/hovercard\/user.php?id=587832367\">Rebeca Garza<\/a> nos explica en su videocolumna la importancia de este tema. As\u00ed como tambi\u00e9n nos dice los derechos de estas personas que son reconocidos por la Comisi\u00f3n Interamericana de Derechos Humanos.<\/p>\n<p><iframe loading=\"lazy\" style=\"border: none; overflow: hidden;\" src=\"https:\/\/www.facebook.com\/plugins\/video.php?href=https%3A%2F%2Fwww.facebook.com%2F443535572345554%2Fvideos%2F1326133310752438%2F&amp;show_text=0&amp;width=560\" width=\"560\" height=\"315\" frameborder=\"0\" scrolling=\"no\" allowfullscreen=\"allowfullscreen\"><\/iframe><\/p>\n<p><script src=\"\/\/pagead2.googlesyndication.com\/pagead\/js\/adsbygoogle.js\" async=\"\"><\/script><!-- BANNER PEQUE\u00d1O PARA ENTRENOTAS EL ORIENTE --> <ins class=\"adsbygoogle\" style=\"display: inline-block; width: 468px; height: 60px;\" data-ad-client=\"ca-pub-1136171134853753\" data-ad-slot=\"4953536424\"><\/ins><script>\/\/ <![CDATA[\n(adsbygoogle = window.adsbygoogle || []).push({});\n\/\/ ]]><\/script><\/p>\n<p>Rebeca Garza, mujer trans y funcionaria electoral con 15 a\u00f1os de trayectoria dentro del Servicio Profesional Electoral. Licenciada en Administraci\u00f3n por la UANL y pasante de la maestr\u00eda en Instituciones y Procedimientos Electorales del INE. Cuenta con cursos \u00a0y diplomados en derechos humanos, \u00a0violencias de g\u00e9nero, derechos pol\u00edticos de las mujeres, entre otros. \u00a0Actualmente cursa el certificado en \u201cG\u00e9nero, sexualidad y cuerpo: debates contempor\u00e1neos\u201d \u00a0en l\u00ednea por 17, Instituto de Estudios Cr\u00edticos.<\/p>\n<p><a href=\"http:\/\/www.eloriente.net\/home\/wp-content\/uploads\/2016\/10\/REBECA-GARZA-26-DE-OCTUBRE-2.jpg\" rel=\"attachment wp-att-45587\"><img loading=\"lazy\" decoding=\"async\" class=\"alignnone wp-image-45587\" src=\"http:\/\/www.eloriente.net\/home\/wp-content\/uploads\/2016\/10\/REBECA-GARZA-26-DE-OCTUBRE-2.jpg\" alt=\"rebeca-garza-26-de-octubre-2\" width=\"601\" height=\"338\" srcset=\"http:\/\/www.eloriente.net\/home\/wp-content\/uploads\/2016\/10\/REBECA-GARZA-26-DE-OCTUBRE-2.jpg 1920w, http:\/\/www.eloriente.net\/home\/wp-content\/uploads\/2016\/10\/REBECA-GARZA-26-DE-OCTUBRE-2-300x169.jpg 300w, http:\/\/www.eloriente.net\/home\/wp-content\/uploads\/2016\/10\/REBECA-GARZA-26-DE-OCTUBRE-2-768x432.jpg 768w, http:\/\/www.eloriente.net\/home\/wp-content\/uploads\/2016\/10\/REBECA-GARZA-26-DE-OCTUBRE-2-1024x576.jpg 1024w\" sizes=\"(max-width: 601px) 100vw, 601px\" \/><\/a><\/p>\n<p><strong>OTRAS VIDEOCOLUMNAS<\/strong><\/p>\n<div id=\"post-45568\" class=\"entry loop-default border_bottom_30 post-45568 post type-post status-publish format-standard has-post-thumbnail hentry category-educacion-y-cultura category-entradas category-estados category-oaxaca-estados category-raul-cruz-maldonado category-videoblogs tag-bachilleratos-integrales-comunitarios tag-culturales-y-deportivas tag-olimpiadas-academicas tag-raul-maldonado tag-raul-maldonado-mendoza tag-videocolumna\">\n<h2 class=\"entry_title\"><a title=\"Enlace Permanente a VIDEOCOLUMNA: La poes\u00eda vive en la competencia fraterna del conocimiento. Por Ra\u00fal Maldonado\" href=\"http:\/\/www.eloriente.net\/home\/2016\/10\/25\/videocolumna-la-poesia-viva-en-la-competencia-fraterna-del-conocimiento-por-raul-maldonado\/\" rel=\"bookmark\">VIDEOCOLUMNA: La poes\u00eda vive en la competencia fraterna del conocimiento. Por Ra\u00fal Maldonado<\/a><\/h2>\n<p><a href=\"http:\/\/www.eloriente.net\/home\/2016\/10\/25\/videocolumna-la-poesia-viva-en-la-competencia-fraterna-del-conocimiento-por-raul-maldonado\/\" rel=\"bookmark\"><img decoding=\"async\" class=\"alignleft\" title=\"VIDEOCOLUMNA: La poes\u00eda vive en la competencia fraterna del conocimiento. Por Ra\u00fal Maldonado\" src=\"http:\/\/www.eloriente.net\/home\/wp-content\/themes\/city-desk\/timthumb.php?src=http%3A%2F%2Fwww.eloriente.net%2Fhome%2Fwp-content%2Fuploads%2F2016%2F10%2FRAU%CC%81L-MALDONADO-25-DE-OCTUBRE.jpg&amp;q=90&amp;w=160&amp;h=106&amp;zc=1\" alt=\"VIDEOCOLUMNA: La poes\u00eda vive en la competencia fraterna del conocimiento. Por Ra\u00fal Maldonado\" \/><\/a>\u00a0 eloriente.net 25 de octubre de 2016 Ra\u00fal Maldonado Mendoza habla con su particular estilo sobre las Olimpiadas Acad\u00e9micas, Culturales y Deportivas de los Bachilleratos Integrales Comunitarios que se realizaron en las regiones de la Sierra Sur, la Mixteca y la Sierra Norte. Ra\u00fal Maldonado Mendoza es\u00a0Licenciado en Derecho por la UABJO,\u00a0Campe\u00f3n Nacional de Oratoria\u00a0representando [\u2026]<\/p>\n<div class=\"toolbar-social\"><\/div>\n<p class=\"postmeta\"><span class=\"meta_date\">octubre 25, 2016<\/span><\/p>\n<p class=\"postmeta\">\n<\/div>\n<div id=\"post-45542\" class=\"entry loop-default border_bottom_30 post-45542 post type-post status-publish format-standard has-post-thumbnail hentry category-lunesdepolitica category-entradas category-karina-baron category-lo-mas-reciente category-politica-y-gobierno category-videoblogs tag-lunesdepolitica tag-estadisticas tag-gobierno tag-karina-baron tag-politica tag-videocolumna-mexico\">\n<h2 class=\"entry_title\"><a title=\"Enlace Permanente a VIDEOCOLUMNA: El gobierno debe hacer lo que le manda el pueblo. Por Karina Bar\u00f3n\" href=\"http:\/\/www.eloriente.net\/home\/2016\/10\/24\/videocolumna-el-gobierno-debe-hacer-lo-que-le-manda-el-pueblo-por-karina-baron\/\" rel=\"bookmark\">VIDEOCOLUMNA: El gobierno debe hacer lo que le manda el pueblo. Por Karina Bar\u00f3n<\/a><\/h2>\n<p><a href=\"http:\/\/www.eloriente.net\/home\/2016\/10\/24\/videocolumna-el-gobierno-debe-hacer-lo-que-le-manda-el-pueblo-por-karina-baron\/\" rel=\"bookmark\"><img decoding=\"async\" class=\"alignleft\" title=\"VIDEOCOLUMNA: El gobierno debe hacer lo que le manda el pueblo. Por Karina Bar\u00f3n\" src=\"http:\/\/www.eloriente.net\/home\/wp-content\/themes\/city-desk\/timthumb.php?src=http%3A%2F%2Fwww.eloriente.net%2Fhome%2Fwp-content%2Fuploads%2F2016%2F10%2FKARINA-BARO%CC%81N-24-DE-OCTUBRE.jpg&amp;q=90&amp;w=160&amp;h=106&amp;zc=1\" alt=\"VIDEOCOLUMNA: El gobierno debe hacer lo que le manda el pueblo. Por Karina Bar\u00f3n\" \/><\/a>\u00a0 eloriente.net 24 de octubre de 2016 \u201cSi el gobierno debe ser un mandatario que debe hacer lo que le manda el pueblo, en M\u00e9xico sucede justamente lo contrario. Y as\u00ed la democracia no funciona.\u201d Karina Bar\u00f3n nos expone, con cifras, las desiciones que el gobierno ha tomado y que van en contra del deseo [\u2026]<\/p>\n<div class=\"toolbar-social\"><\/div>\n<p class=\"postmeta\"><span class=\"meta_date\">octubre 24, 2016<\/span><\/p>\n<p class=\"postmeta\">\n<\/div>\n<div id=\"post-45524\" class=\"entry loop-default border_bottom_30 post-45524 post type-post status-publish format-standard has-post-thumbnail hentry category-articulistas category-carlos-spindola-perez-guerrero category-carlos-spindola-perez-guerrero-videoblogs category-educacion-y-cultura category-entradas category-lo-mas-reciente category-musica-de-oaxaca category-principal category-videoblogs tag-carlos-spindola tag-musica-clasica tag-orquesta-sinfonica\">\n<h2 class=\"entry_title\"><a title=\"Enlace Permanente a VIDEOCOLUMNA: \u00bfCu\u00e1l es la importancia de las Orquestas Sinf\u00f3nicas? Por Carlos Sp\u00edndola\" href=\"http:\/\/www.eloriente.net\/home\/2016\/10\/22\/videocolumna-cual-es-la-importancia-de-las-orquestas-sinfonicas-por-carlos-spindola\/\" rel=\"bookmark\">VIDEOCOLUMNA: \u00bfCu\u00e1l es la importancia de las Orquestas Sinf\u00f3nicas? Por Carlos Sp\u00edndola<\/a><\/h2>\n<p><a href=\"http:\/\/www.eloriente.net\/home\/2016\/10\/22\/videocolumna-cual-es-la-importancia-de-las-orquestas-sinfonicas-por-carlos-spindola\/\" rel=\"bookmark\"><img decoding=\"async\" class=\"alignleft\" title=\"VIDEOCOLUMNA: \u00bfCu\u00e1l es la importancia de las Orquestas Sinf\u00f3nicas? Por Carlos Sp\u00edndola\" src=\"http:\/\/www.eloriente.net\/home\/wp-content\/themes\/city-desk\/timthumb.php?src=http%3A%2F%2Fwww.eloriente.net%2Fhome%2Fwp-content%2Fuploads%2F2016%2F10%2FCARLOS-SPI%CC%81NDOLA-22-DE-OCTUBRE-1-e1477152967775.jpg&amp;q=90&amp;w=160&amp;h=106&amp;zc=1\" alt=\"VIDEOCOLUMNA: \u00bfCu\u00e1l es la importancia de las Orquestas Sinf\u00f3nicas? Por Carlos Sp\u00edndola\" \/><\/a>\u00a0 eloriente.net 22 de octubre de 2016 \u00bfConoces la situaci\u00f3n por la que est\u00e1 pasando la Orquesta Sinf\u00f3nica de Oaxaca? \u00bfSabes lo que representa una Orquesta Sinf\u00f3nica para su ciudad? Esta semana Carlos Spindola nos explica esta situaci\u00f3n y nos explica las funciones y la importancia de las sinf\u00f3nicas. Carlos Sp\u00edndola es Economista por la [\u2026]<\/p>\n<\/div>\n\n\t\t\t  <div \n\t\t\t  \tclass = \"fb-comments\" \n\t\t\t  \tdata-href = \"http:\/\/www.eloriente.net\/home\/2016\/10\/26\/45586\/\"\n\t\t\t  \tdata-numposts = \"10\"\n\t\t\t\tdata-colorscheme = \"dark\"\n\t\t\t\tdata-order-by = \"social\"\n\t\t\t\tdata-mobile=true>\n\t\t\t  <\/div>\n\t\t  <style>\n\t\t\t.fb_iframe_widget_fluid_desktop iframe {\n\t\t\t    width: 100% !important;\n\t\t\t}\n\t\t  <\/style>\n\t\t  ","protected":false},"excerpt":{"rendered":"<p>&nbsp; eloriente.net 26 de octubre de 2016 Este 26 de octubre se conmemora el D\u00eda Internacional de la Visibilizaci\u00f3n Intersexual, y Rebeca Garza nos explica en su videocolumna la importancia de este tema. As\u00ed como tambi\u00e9n nos dice los derechos de estas personas que son reconocidos por la Comisi\u00f3n Interamericana de Derechos Humanos. Rebeca Garza, [&hellip;]<\/p>\n","protected":false},"author":44,"featured_media":45588,"comment_status":"open","ping_status":"open","sticky":false,"template":"","format":"standard","meta":{"_jetpack_memberships_contains_paid_content":false,"footnotes":""},"categories":[16,10,31,6683,98],"tags":[7122,7121,6662,6224],"class_list":["post-45586","post","type-post","status-publish","format-standard","has-post-thumbnail","hentry","category-salud-y-estilo-de-vida","category-lo-mas-reciente","category-principal","category-rebeca-garza","category-videoblogs","tag-comision-intaramericana-de-derechos-humanos","tag-dia-internacional-de-la-visibilizacion-intersexua","tag-rebeca-garza","tag-videocolumna"],"jetpack_featured_media_url":"http:\/\/www.eloriente.net\/home\/wp-content\/uploads\/2016\/10\/REBECA-GARZA-26-DE-OCTUBRE-2-1-e1477519361275.jpg","jetpack_sharing_enabled":true,"_links":{"self":[{"href":"http:\/\/www.eloriente.net\/home\/wp-json\/wp\/v2\/posts\/45586"}],"collection":[{"href":"http:\/\/www.eloriente.net\/home\/wp-json\/wp\/v2\/posts"}],"about":[{"href":"http:\/\/www.eloriente.net\/home\/wp-json\/wp\/v2\/types\/post"}],"author":[{"embeddable":true,"href":"http:\/\/www.eloriente.net\/home\/wp-json\/wp\/v2\/users\/44"}],"replies":[{"embeddable":true,"href":"http:\/\/www.eloriente.net\/home\/wp-json\/wp\/v2\/comments?post=45586"}],"version-history":[{"count":3,"href":"http:\/\/www.eloriente.net\/home\/wp-json\/wp\/v2\/posts\/45586\/revisions"}],"predecessor-version":[{"id":45591,"href":"http:\/\/www.eloriente.net\/home\/wp-json\/wp\/v2\/posts\/45586\/revisions\/45591"}],"wp:featuredmedia":[{"embeddable":true,"href":"http:\/\/www.eloriente.net\/home\/wp-json\/wp\/v2\/media\/45588"}],"wp:attachment":[{"href":"http:\/\/www.eloriente.net\/home\/wp-json\/wp\/v2\/media?parent=45586"}],"wp:term":[{"taxonomy":"category","embeddable":true,"href":"http:\/\/www.eloriente.net\/home\/wp-json\/wp\/v2\/categories?post=45586"},{"taxonomy":"post_tag","embeddable":true,"href":"http:\/\/www.eloriente.net\/home\/wp-json\/wp\/v2\/tags?post=45586"}],"curies":[{"name":"wp","href":"https:\/\/api.w.org\/{rel}","templated":true}]}}