{"id":45604,"date":"2016-10-27T16:11:47","date_gmt":"2016-10-27T22:11:47","guid":{"rendered":"http:\/\/www.eloriente.net\/home\/?p=45604"},"modified":"2016-10-27T16:11:47","modified_gmt":"2016-10-27T22:11:47","slug":"videocolumna-la-trampa-vital-del-abandono-por-ursula-woolrich","status":"publish","type":"post","link":"http:\/\/www.eloriente.net\/home\/2016\/10\/27\/videocolumna-la-trampa-vital-del-abandono-por-ursula-woolrich\/","title":{"rendered":"VIDEOCOLUMNA: La trampa vital del abandono. Por \u00darsula Woolrich"},"content":{"rendered":"<p><script src=\"\/\/pagead2.googlesyndication.com\/pagead\/js\/adsbygoogle.js\" async=\"\"><\/script><!-- BANNER ELORIENTE INCRUSTADO NOTAS --> <ins class=\"adsbygoogle\" style=\"display: inline-block; width: 300px; height: 250px;\" data-ad-client=\"ca-pub-1136171134853753\" data-ad-slot=\"7974633627\"><\/ins><script>\/\/ <![CDATA[\n(adsbygoogle = window.adsbygoogle || []).push({});\n\/\/ ]]><\/script><\/p>\n<p>&nbsp;<\/p>\n<p>eloriente.net<\/p>\n<p>27 de octubre de 2016<\/p>\n<p>La semana pasada, la <a class=\"profileLink\" href=\"https:\/\/www.facebook.com\/psicologaursula.woolrich\" data-hovercard=\"\/ajax\/hovercard\/user.php?id=100011737595477\">Psic\u00f3loga Ursula Woolrich<\/a> nos introdujo al tema de las trampas vitales. En esta ocasi\u00f3n nos explica m\u00e1s a fondo la primera: La trampa vital del abandono.<\/p>\n<p>Te dejamos aqu\u00ed los datos de Ursula Woolrich (9512403234) para conferencias y consultas.<\/p>\n<p><iframe loading=\"lazy\" style=\"border: none; overflow: hidden;\" src=\"https:\/\/www.facebook.com\/plugins\/video.php?href=https%3A%2F%2Fwww.facebook.com%2F443535572345554%2Fvideos%2F1327136297318806%2F&amp;show_text=0&amp;width=560\" width=\"560\" height=\"315\" frameborder=\"0\" scrolling=\"no\" allowfullscreen=\"allowfullscreen\"><\/iframe><\/p>\n<p><script src=\"\/\/pagead2.googlesyndication.com\/pagead\/js\/adsbygoogle.js\" async=\"\"><\/script><!-- BANNER PEQUE\u00d1O PARA ENTRENOTAS EL ORIENTE --> <ins class=\"adsbygoogle\" style=\"display: inline-block; width: 468px; height: 60px;\" data-ad-client=\"ca-pub-1136171134853753\" data-ad-slot=\"4953536424\"><\/ins><script>\/\/ <![CDATA[\n(adsbygoogle = window.adsbygoogle || []).push({});\n\/\/ ]]><\/script><\/p>\n<p>\u00darsula Woolrich es Psic\u00f3loga con estudios de maestr\u00eda en educaci\u00f3n superior. Diplomada en programaci\u00f3n neuroling\u00fc\u00edstica, docente y conferencista<\/p>\n<p><a href=\"http:\/\/www.eloriente.net\/home\/wp-content\/uploads\/2016\/10\/U\u0301RSULA-WOOLRICH-27-DE-OCTUBRE.jpg\" rel=\"attachment wp-att-45606\"><img loading=\"lazy\" decoding=\"async\" class=\"alignnone  wp-image-45606\" src=\"http:\/\/www.eloriente.net\/home\/wp-content\/uploads\/2016\/10\/U\u0301RSULA-WOOLRICH-27-DE-OCTUBRE.jpg\" alt=\"ursula-woolrich-27-de-octubre\" width=\"601\" height=\"338\" srcset=\"http:\/\/www.eloriente.net\/home\/wp-content\/uploads\/2016\/10\/U\u0301RSULA-WOOLRICH-27-DE-OCTUBRE.jpg 1920w, http:\/\/www.eloriente.net\/home\/wp-content\/uploads\/2016\/10\/U\u0301RSULA-WOOLRICH-27-DE-OCTUBRE-300x169.jpg 300w, http:\/\/www.eloriente.net\/home\/wp-content\/uploads\/2016\/10\/U\u0301RSULA-WOOLRICH-27-DE-OCTUBRE-768x432.jpg 768w, http:\/\/www.eloriente.net\/home\/wp-content\/uploads\/2016\/10\/U\u0301RSULA-WOOLRICH-27-DE-OCTUBRE-1024x576.jpg 1024w\" sizes=\"(max-width: 601px) 100vw, 601px\" \/><\/a><\/p>\n<p><strong>OTRAS VIDEOCOLUMNAS<\/strong><\/p>\n<div id=\"post-45586\" class=\"entry loop-default border_bottom_30 post-45586 post type-post status-publish format-standard has-post-thumbnail hentry category-salud-y-estilo-de-vida category-lo-mas-reciente category-principal category-rebeca-garza category-videoblogs tag-comision-intaramericana-de-derechos-humanos tag-dia-internacional-de-la-visibilizacion-intersexua tag-rebeca-garza tag-videocolumna\">\n<h2 class=\"entry_title\"><a title=\"Enlace Permanente a VIDEOCOLUMNA: D\u00eda Internacional de la Visibilizaci\u00f3n Intersexual. Por Rebeca Garza\" href=\"http:\/\/www.eloriente.net\/home\/2016\/10\/26\/45586\/\" rel=\"bookmark\">VIDEOCOLUMNA: D\u00eda Internacional de la Visibilizaci\u00f3n Intersexual. Por Rebeca Garza<\/a><\/h2>\n<p><a href=\"http:\/\/www.eloriente.net\/home\/2016\/10\/26\/45586\/\" rel=\"bookmark\"><img decoding=\"async\" class=\"alignleft\" title=\"VIDEOCOLUMNA: D\u00eda Internacional de la Visibilizaci\u00f3n Intersexual. Por Rebeca Garza\" src=\"http:\/\/www.eloriente.net\/home\/wp-content\/themes\/city-desk\/timthumb.php?src=http%3A%2F%2Fwww.eloriente.net%2Fhome%2Fwp-content%2Fuploads%2F2016%2F10%2FREBECA-GARZA-26-DE-OCTUBRE-2-1-e1477519361275.jpg&amp;q=90&amp;w=160&amp;h=106&amp;zc=1\" alt=\"VIDEOCOLUMNA: D\u00eda Internacional de la Visibilizaci\u00f3n Intersexual. Por Rebeca Garza\" \/><\/a>\u00a0 eloriente.net 26 de octubre de 2016 Este 26 de octubre se conmemora el D\u00eda Internacional de la Visibilizaci\u00f3n Intersexual, y Rebeca Garza nos explica en su videocolumna la importancia de este tema. As\u00ed como tambi\u00e9n nos dice los derechos de estas personas que son reconocidos por la Comisi\u00f3n Interamericana de Derechos Humanos. Rebeca Garza, [\u2026]<\/p>\n<div class=\"toolbar-social\">\n<div class=\"social-widget\">\n<div id=\"sharing-widget\"><\/div>\n<\/div>\n<\/div>\n<p class=\"postmeta\"><span class=\"meta_date\">octubre 26, 2016<\/span><\/p>\n<p class=\"postmeta\">\n<\/div>\n<div id=\"post-45568\" class=\"entry loop-default border_bottom_30 post-45568 post type-post status-publish format-standard has-post-thumbnail hentry category-educacion-y-cultura category-entradas category-estados category-oaxaca-estados category-raul-cruz-maldonado category-videoblogs tag-bachilleratos-integrales-comunitarios tag-culturales-y-deportivas tag-olimpiadas-academicas tag-raul-maldonado tag-raul-maldonado-mendoza tag-videocolumna\">\n<h2 class=\"entry_title\"><a title=\"Enlace Permanente a VIDEOCOLUMNA: La poes\u00eda vive en la competencia fraterna del conocimiento. Por Ra\u00fal Maldonado\" href=\"http:\/\/www.eloriente.net\/home\/2016\/10\/25\/videocolumna-la-poesia-viva-en-la-competencia-fraterna-del-conocimiento-por-raul-maldonado\/\" rel=\"bookmark\">VIDEOCOLUMNA: La poes\u00eda vive en la competencia fraterna del conocimiento. Por Ra\u00fal Maldonado<\/a><\/h2>\n<p><a href=\"http:\/\/www.eloriente.net\/home\/2016\/10\/25\/videocolumna-la-poesia-viva-en-la-competencia-fraterna-del-conocimiento-por-raul-maldonado\/\" rel=\"bookmark\"><img decoding=\"async\" class=\"alignleft\" title=\"VIDEOCOLUMNA: La poes\u00eda vive en la competencia fraterna del conocimiento. Por Ra\u00fal Maldonado\" src=\"http:\/\/www.eloriente.net\/home\/wp-content\/themes\/city-desk\/timthumb.php?src=http%3A%2F%2Fwww.eloriente.net%2Fhome%2Fwp-content%2Fuploads%2F2016%2F10%2FRAU%CC%81L-MALDONADO-25-DE-OCTUBRE.jpg&amp;q=90&amp;w=160&amp;h=106&amp;zc=1\" alt=\"VIDEOCOLUMNA: La poes\u00eda vive en la competencia fraterna del conocimiento. Por Ra\u00fal Maldonado\" \/><\/a>\u00a0 eloriente.net 25 de octubre de 2016 Ra\u00fal Maldonado Mendoza habla con su particular estilo sobre las Olimpiadas Acad\u00e9micas, Culturales y Deportivas de los Bachilleratos Integrales Comunitarios que se realizaron en las regiones de la Sierra Sur, la Mixteca y la Sierra Norte. Ra\u00fal Maldonado Mendoza es\u00a0Licenciado en Derecho por la UABJO,\u00a0Campe\u00f3n Nacional de Oratoria\u00a0representando [\u2026]<\/p>\n<div class=\"toolbar-social\">\n<div class=\"social-widget\">\n<div id=\"sharing-widget\"><\/div>\n<\/div>\n<\/div>\n<p class=\"postmeta\"><span class=\"meta_date\">octubre 25, 2016<\/span><\/p>\n<p class=\"postmeta\">\n<\/div>\n<div id=\"post-45542\" class=\"entry loop-default border_bottom_30 post-45542 post type-post status-publish format-standard has-post-thumbnail hentry category-lunesdepolitica category-entradas category-karina-baron category-lo-mas-reciente category-politica-y-gobierno category-videoblogs tag-lunesdepolitica tag-estadisticas tag-gobierno tag-karina-baron tag-politica tag-videocolumna-mexico\">\n<h2 class=\"entry_title\"><a title=\"Enlace Permanente a VIDEOCOLUMNA: El gobierno debe hacer lo que le manda el pueblo. Por Karina Bar\u00f3n\" href=\"http:\/\/www.eloriente.net\/home\/2016\/10\/24\/videocolumna-el-gobierno-debe-hacer-lo-que-le-manda-el-pueblo-por-karina-baron\/\" rel=\"bookmark\">VIDEOCOLUMNA: El gobierno debe hacer lo que le manda el pueblo. Por Karina Bar\u00f3n<\/a><\/h2>\n<p><a href=\"http:\/\/www.eloriente.net\/home\/2016\/10\/24\/videocolumna-el-gobierno-debe-hacer-lo-que-le-manda-el-pueblo-por-karina-baron\/\" rel=\"bookmark\"><img decoding=\"async\" class=\"alignleft\" title=\"VIDEOCOLUMNA: El gobierno debe hacer lo que le manda el pueblo. Por Karina Bar\u00f3n\" src=\"http:\/\/www.eloriente.net\/home\/wp-content\/themes\/city-desk\/timthumb.php?src=http%3A%2F%2Fwww.eloriente.net%2Fhome%2Fwp-content%2Fuploads%2F2016%2F10%2FKARINA-BARO%CC%81N-24-DE-OCTUBRE.jpg&amp;q=90&amp;w=160&amp;h=106&amp;zc=1\" alt=\"VIDEOCOLUMNA: El gobierno debe hacer lo que le manda el pueblo. Por Karina Bar\u00f3n\" \/><\/a>\u00a0 eloriente.net 24 de octubre de 2016 \u201cSi el gobierno debe ser un mandatario que debe hacer lo que le manda el pueblo, en M\u00e9xico sucede justamente lo contrario. Y as\u00ed la democracia no funciona.\u201d Karina Bar\u00f3n nos expone, con cifras, las desiciones que el gobierno ha tomado y que van en contra del deseo [\u2026]<\/p>\n<\/div>\n\n\t\t\t  <div \n\t\t\t  \tclass = \"fb-comments\" \n\t\t\t  \tdata-href = \"http:\/\/www.eloriente.net\/home\/2016\/10\/27\/videocolumna-la-trampa-vital-del-abandono-por-ursula-woolrich\/\"\n\t\t\t  \tdata-numposts = \"10\"\n\t\t\t\tdata-colorscheme = \"dark\"\n\t\t\t\tdata-order-by = \"social\"\n\t\t\t\tdata-mobile=true>\n\t\t\t  <\/div>\n\t\t  <style>\n\t\t\t.fb_iframe_widget_fluid_desktop iframe {\n\t\t\t    width: 100% !important;\n\t\t\t}\n\t\t  <\/style>\n\t\t  ","protected":false},"excerpt":{"rendered":"<p>&nbsp; eloriente.net 27 de octubre de 2016 La semana pasada, la Psic\u00f3loga Ursula Woolrich nos introdujo al tema de las trampas vitales. En esta ocasi\u00f3n nos explica m\u00e1s a fondo la primera: La trampa vital del abandono. Te dejamos aqu\u00ed los datos de Ursula Woolrich (9512403234) para conferencias y consultas. \u00darsula Woolrich es Psic\u00f3loga con [&hellip;]<\/p>\n","protected":false},"author":44,"featured_media":45606,"comment_status":"open","ping_status":"open","sticky":false,"template":"","format":"standard","meta":{"_jetpack_memberships_contains_paid_content":false,"footnotes":""},"categories":[2015,32,16,10,7100,98],"tags":[7125,600,7101,7004],"class_list":["post-45604","post","type-post","status-publish","format-standard","has-post-thumbnail","hentry","category-viernesdefelicidad","category-entradas","category-salud-y-estilo-de-vida","category-lo-mas-reciente","category-ursula-woolrich","category-videoblogs","tag-abandono","tag-bienestar","tag-trampas-vitales","tag-ursula-woolrich"],"jetpack_featured_media_url":"http:\/\/www.eloriente.net\/home\/wp-content\/uploads\/2016\/10\/U\u0301RSULA-WOOLRICH-27-DE-OCTUBRE.jpg","jetpack_sharing_enabled":true,"_links":{"self":[{"href":"http:\/\/www.eloriente.net\/home\/wp-json\/wp\/v2\/posts\/45604"}],"collection":[{"href":"http:\/\/www.eloriente.net\/home\/wp-json\/wp\/v2\/posts"}],"about":[{"href":"http:\/\/www.eloriente.net\/home\/wp-json\/wp\/v2\/types\/post"}],"author":[{"embeddable":true,"href":"http:\/\/www.eloriente.net\/home\/wp-json\/wp\/v2\/users\/44"}],"replies":[{"embeddable":true,"href":"http:\/\/www.eloriente.net\/home\/wp-json\/wp\/v2\/comments?post=45604"}],"version-history":[{"count":1,"href":"http:\/\/www.eloriente.net\/home\/wp-json\/wp\/v2\/posts\/45604\/revisions"}],"predecessor-version":[{"id":45607,"href":"http:\/\/www.eloriente.net\/home\/wp-json\/wp\/v2\/posts\/45604\/revisions\/45607"}],"wp:featuredmedia":[{"embeddable":true,"href":"http:\/\/www.eloriente.net\/home\/wp-json\/wp\/v2\/media\/45606"}],"wp:attachment":[{"href":"http:\/\/www.eloriente.net\/home\/wp-json\/wp\/v2\/media?parent=45604"}],"wp:term":[{"taxonomy":"category","embeddable":true,"href":"http:\/\/www.eloriente.net\/home\/wp-json\/wp\/v2\/categories?post=45604"},{"taxonomy":"post_tag","embeddable":true,"href":"http:\/\/www.eloriente.net\/home\/wp-json\/wp\/v2\/tags?post=45604"}],"curies":[{"name":"wp","href":"https:\/\/api.w.org\/{rel}","templated":true}]}}