{"id":45874,"date":"2016-11-11T12:06:14","date_gmt":"2016-11-11T18:06:14","guid":{"rendered":"http:\/\/www.eloriente.net\/home\/?p=45874"},"modified":"2016-11-11T12:06:14","modified_gmt":"2016-11-11T18:06:14","slug":"viernesdefelicidad-nina-norteamericana-da-ejemplo-de-tolerancia-racial","status":"publish","type":"post","link":"http:\/\/www.eloriente.net\/home\/2016\/11\/11\/viernesdefelicidad-nina-norteamericana-da-ejemplo-de-tolerancia-racial\/","title":{"rendered":"#ViernesDeFelicidad Ni\u00f1a norteamericana da ejemplo de tolerancia racial"},"content":{"rendered":"<p><!-- BANNER ELORIENTE INCRUSTADO NOTAS --> <ins class=\"adsbygoogle\" style=\"width: 300px; height: 250px;\"><\/ins><\/p>\n<p>(www.eloriente.net, M\u00e9xico a 11 de noviembre de 2016).-Por Jessica Lamadrid<\/p>\n<p>En las \u00faltimas semanas hemos visto muchas noticias relacionadas a\u00a0la intolerancia racial que se est\u00e1 dando en Estados Unidos a ra\u00edz de la elecci\u00f3n de Donal Trump como presidente de ese pa\u00eds, sin embargo esto no ocurre con todas las personas y eso lo demostr\u00f3 Amanda Moore.<\/p>\n<p>Amanda es una ni\u00f1a de 10 a\u00f1os que vive en California, ella dio el ejemplo de que la amistad y el compa\u00f1erismo van m\u00e1s all\u00e1 del idioma o el pa\u00eds de donde provengas. Al notar que un ni\u00f1o nuevo en su escuela se sentaba solo\u00a0durante el almuerzo, decidi\u00f3 acercarse a \u00e9l para platicar. Cuando lo hizo, descubri\u00f3 que Rafael Anaya hablaba muy poco el idioma ingl\u00e9s, ya que acababa de mudarse de M\u00e9xico a California, por lo que Moore\u00a0decidi\u00f3 apoyarse de la tecnolog\u00eda y utilizando un traductor electr\u00f3nico le escribi\u00f3 una carta a Rafael en espa\u00f1ol, invit\u00e1ndolo a comer con ella, poniendo lo siguiente en la carta.<\/p>\n<p>\u2018Hola Rafael, me gustar\u00eda que se siente conmigo hoy. Mira para m\u00ed y yo te mostrar\u00e9 donde me siento. Podr\u00edamos colorear o simplemente contar historias de miedo. Gracias por tu tiempo. Firmado: Amanda\u2019.<\/p>\n<p><!-- BANNER PEQUE\u00d1O PARA ENTRENOTAS EL ORIENTE --> <ins class=\"adsbygoogle\" style=\"width: 468px; height: 60px;\"><\/ins><\/p>\n<p>Su madre comparti\u00f3 una fotograf\u00eda de la carta en el Facebook de Love What Matters, junto a un video de la ni\u00f1a leyendo la carta con el t\u00edtulo \u2018Amor es un lenguaje universal\u2019; el cual ya cuenta con m\u00e1s de 320 mil reproducciones y 14 mil me gusta.<\/p>\n<p>A pesar de que la traducci\u00f3n no es perfecta, Rafael entendi\u00f3 el mensaje y el d\u00eda en que ley\u00f3 la carta se sent\u00f3 con Amanda, la noticia lleg\u00f3 hasta el canal 6ABC, donde entrevistaron a los dos ni\u00f1os. Rafael mencion\u00f3 que se sent\u00eda triste porque no entend\u00eda el ingl\u00e9s en clases, pero que la carta de Amanda lo hizo muy feliz, ya que fue su primera amiga.<\/p>\n<p>La escuela primaria Paloma, donde atienden los dos ni\u00f1os, reconoci\u00f3 el acto de Amanda y la nombraron la estudiante del mes; al demostrar que no hay impedimentos para aceptar a personas externas a tu pa\u00eds.<\/p>\n<p><a href=\"http:\/\/www.eloriente.net\/home\/wp-content\/uploads\/2016\/11\/14656402_1285063921516003_1624266146764258142_n.jpg\" rel=\"attachment wp-att-45875\"><img loading=\"lazy\" decoding=\"async\" class=\" wp-image-45875 aligncenter\" src=\"http:\/\/www.eloriente.net\/home\/wp-content\/uploads\/2016\/11\/14656402_1285063921516003_1624266146764258142_n.jpg\" alt=\"14656402_1285063921516003_1624266146764258142_n\" width=\"367\" height=\"668\" srcset=\"http:\/\/www.eloriente.net\/home\/wp-content\/uploads\/2016\/11\/14656402_1285063921516003_1624266146764258142_n.jpg 480w, http:\/\/www.eloriente.net\/home\/wp-content\/uploads\/2016\/11\/14656402_1285063921516003_1624266146764258142_n-165x300.jpg 165w\" sizes=\"(max-width: 367px) 100vw, 367px\" \/><\/a><\/p>\n<p>&nbsp;<\/p>\n<h2>ENTRADAS<\/h2>\n<div class=\"featuredpost\">\n<div class=\"flow_hide\">\n<h2 class=\"posttitle bigposttitle\"><a title=\"Enlace Permanente a OAXACA: 5 Pasos para llegar a Quiotepec\" href=\"http:\/\/www.eloriente.net\/home\/2016\/11\/10\/oaxaca-5-pasos-para-llegar-a-quiotepec\/\" rel=\"bookmark\">OAXACA: 5 Pasos para llegar a Quiotepec<\/a><\/h2>\n<\/div>\n<p>(www.eloriente.net, M\u00e9xico, a 10 de noviembre de 2016, por \u00c1ngel Osorio\/@SenderosOax).- En ning\u00fan otro lugar del mundo, solo en Quiotepec. 1.- \u00bfQu\u00e9 voy a encontrar? Quiotepec ofrece\u2026<\/p>\n<p class=\"postmeta\"><span class=\"meta_date\">noviembre 10, 2016<\/span><\/p>\n<div class=\"toolbar-social\"><\/div>\n<\/div>\n<div class=\"featuredpost\">\n<div class=\"flow_hide\">\n<p><a href=\"http:\/\/www.eloriente.net\/home\/2016\/11\/10\/oaxaca-agenda-de-actividades-en-noviembre-de-la-casa-de-la-cultura-juridica-de-oaxaca\/\" rel=\"bookmark\"><img decoding=\"async\" class=\"alignleft\" title=\"OAXACA: Agenda de actividades en noviembre de la Casa de la Cultura Jur\u00eddica de Oaxaca\" src=\"http:\/\/www.eloriente.net\/home\/wp-content\/themes\/city-desk\/timthumb.php?src=http%3A%2F%2Fwww.eloriente.net%2Fhome%2Fwp-content%2Fuploads%2F2016%2F11%2FCASA-DE-LA-CULTURA-JURI%CC%81DICA-1.jpg&amp;q=90&amp;w=70&amp;h=45&amp;zc=1\" alt=\"OAXACA: Agenda de actividades en noviembre de la Casa de la Cultura Jur\u00eddica de Oaxaca\" \/><\/a><\/p>\n<h2 class=\"posttitle \"><a title=\"Enlace Permanente a OAXACA: Agenda de actividades en noviembre de la Casa de la Cultura Jur\u00eddica de Oaxaca\" href=\"http:\/\/www.eloriente.net\/home\/2016\/11\/10\/oaxaca-agenda-de-actividades-en-noviembre-de-la-casa-de-la-cultura-juridica-de-oaxaca\/\" rel=\"bookmark\">OAXACA: Agenda de actividades en noviembre de la Casa de la Cultura Jur\u00eddica de Oaxaca<\/a><\/h2>\n<\/div>\n<p>eloriente.net\/CCJO 10 de noviembre de 2016 La Suprema Corte de Justicia de la Naci\u00f3n, como \u00f3rgano jurisdiccional Supremo del Poder Judicial de la Federaci\u00f3n, ha adquirido el\u2026<\/p>\n<p class=\"postmeta\"><span class=\"meta_date\">noviembre 10, 2016<\/span><\/p>\n<div class=\"toolbar-social\"><\/div>\n<\/div>\n<div class=\"featuredpost\">\n<div class=\"flow_hide\">\n<p><a href=\"http:\/\/www.eloriente.net\/home\/2016\/11\/09\/oaxaca-centros-de-justicia-alternativa-comunitarios-ayudan-a-la-justicia-en-comunidades-indigenas\/\" rel=\"bookmark\"><img decoding=\"async\" class=\"alignleft\" title=\"OAXACA: Centros de Justicia Alternativa Comunitarios ayudan a la justicia en comunidades ind\u00edgenas\" src=\"http:\/\/www.eloriente.net\/home\/wp-content\/themes\/city-desk\/timthumb.php?src=http%3A%2F%2Fwww.eloriente.net%2Fhome%2Fwp-content%2Fuploads%2F2016%2F11%2FResolver-conflictos.jpg&amp;q=90&amp;w=70&amp;h=45&amp;zc=1\" alt=\"OAXACA: Centros de Justicia Alternativa Comunitarios ayudan a la justicia en comunidades ind\u00edgenas\" \/><\/a><\/p>\n<h2 class=\"posttitle \"><a title=\"Enlace Permanente a OAXACA: Centros de Justicia Alternativa Comunitarios ayudan a la justicia en comunidades ind\u00edgenas\" href=\"http:\/\/www.eloriente.net\/home\/2016\/11\/09\/oaxaca-centros-de-justicia-alternativa-comunitarios-ayudan-a-la-justicia-en-comunidades-indigenas\/\" rel=\"bookmark\">OAXACA: Centros de Justicia Alternativa Comunitarios ayudan a la justicia en comunidades ind\u00edgenas<\/a><\/h2>\n<\/div>\n<p>eloriente.net 9 de noviembre de 2016 El Poder Judicial de Oaxaca ha impulsado la aplicaci\u00f3n de los mecanismos alternativos para la soluci\u00f3n de controversias en las comunidades\u2026<\/p>\n<p class=\"postmeta\"><span class=\"meta_date\">noviembre 9, 2016<\/span><\/p>\n<\/div>\n\n\t\t\t  <div \n\t\t\t  \tclass = \"fb-comments\" \n\t\t\t  \tdata-href = \"http:\/\/www.eloriente.net\/home\/2016\/11\/11\/viernesdefelicidad-nina-norteamericana-da-ejemplo-de-tolerancia-racial\/\"\n\t\t\t  \tdata-numposts = \"10\"\n\t\t\t\tdata-colorscheme = \"dark\"\n\t\t\t\tdata-order-by = \"social\"\n\t\t\t\tdata-mobile=true>\n\t\t\t  <\/div>\n\t\t  <style>\n\t\t\t.fb_iframe_widget_fluid_desktop iframe {\n\t\t\t    width: 100% !important;\n\t\t\t}\n\t\t  <\/style>\n\t\t  ","protected":false},"excerpt":{"rendered":"<p>(www.eloriente.net, M\u00e9xico a 11 de noviembre de 2016).-Por Jessica Lamadrid En las \u00faltimas semanas hemos visto muchas noticias relacionadas a\u00a0la intolerancia racial que se est\u00e1 dando en Estados Unidos a ra\u00edz de la elecci\u00f3n de Donal Trump como presidente de ese pa\u00eds, sin embargo esto no ocurre con todas las personas y eso lo demostr\u00f3 [&hellip;]<\/p>\n","protected":false},"author":45,"featured_media":45876,"comment_status":"open","ping_status":"open","sticky":false,"template":"","format":"standard","meta":{"_jetpack_memberships_contains_paid_content":false,"footnotes":""},"categories":[2015,32,10],"tags":[7198,1222,221,7197],"class_list":["post-45874","post","type-post","status-publish","format-standard","has-post-thumbnail","hentry","category-viernesdefelicidad","category-entradas","category-lo-mas-reciente","tag-amanda-moore","tag-amistad","tag-carta","tag-idioma"],"jetpack_featured_media_url":"http:\/\/www.eloriente.net\/home\/wp-content\/uploads\/2016\/11\/kids-1639351_960_720.jpg","jetpack_sharing_enabled":true,"_links":{"self":[{"href":"http:\/\/www.eloriente.net\/home\/wp-json\/wp\/v2\/posts\/45874"}],"collection":[{"href":"http:\/\/www.eloriente.net\/home\/wp-json\/wp\/v2\/posts"}],"about":[{"href":"http:\/\/www.eloriente.net\/home\/wp-json\/wp\/v2\/types\/post"}],"author":[{"embeddable":true,"href":"http:\/\/www.eloriente.net\/home\/wp-json\/wp\/v2\/users\/45"}],"replies":[{"embeddable":true,"href":"http:\/\/www.eloriente.net\/home\/wp-json\/wp\/v2\/comments?post=45874"}],"version-history":[{"count":4,"href":"http:\/\/www.eloriente.net\/home\/wp-json\/wp\/v2\/posts\/45874\/revisions"}],"predecessor-version":[{"id":45881,"href":"http:\/\/www.eloriente.net\/home\/wp-json\/wp\/v2\/posts\/45874\/revisions\/45881"}],"wp:featuredmedia":[{"embeddable":true,"href":"http:\/\/www.eloriente.net\/home\/wp-json\/wp\/v2\/media\/45876"}],"wp:attachment":[{"href":"http:\/\/www.eloriente.net\/home\/wp-json\/wp\/v2\/media?parent=45874"}],"wp:term":[{"taxonomy":"category","embeddable":true,"href":"http:\/\/www.eloriente.net\/home\/wp-json\/wp\/v2\/categories?post=45874"},{"taxonomy":"post_tag","embeddable":true,"href":"http:\/\/www.eloriente.net\/home\/wp-json\/wp\/v2\/tags?post=45874"}],"curies":[{"name":"wp","href":"https:\/\/api.w.org\/{rel}","templated":true}]}}