{"id":45975,"date":"2016-11-18T12:44:54","date_gmt":"2016-11-18T18:44:54","guid":{"rendered":"http:\/\/www.eloriente.net\/home\/?p=45975"},"modified":"2016-11-18T12:47:19","modified_gmt":"2016-11-18T18:47:19","slug":"oaxaca-5-pasos-para-llegar-a-el-boqueron-de-tonala","status":"publish","type":"post","link":"http:\/\/www.eloriente.net\/home\/2016\/11\/18\/oaxaca-5-pasos-para-llegar-a-el-boqueron-de-tonala\/","title":{"rendered":"OAXACA: 5 Pasos para llegar a el Boquer\u00f3n de Tonal\u00e1"},"content":{"rendered":"<p><script src=\"\/\/pagead2.googlesyndication.com\/pagead\/js\/adsbygoogle.js\" async=\"\"><\/script><!-- BANNER ELORIENTE INCRUSTADO NOTAS --> <ins class=\"adsbygoogle\" style=\"display: inline-block; width: 300px; height: 250px;\" data-ad-client=\"ca-pub-1136171134853753\" data-ad-slot=\"7974633627\"><\/ins><script>\/\/ <![CDATA[\n(adsbygoogle = window.adsbygoogle || []).push({});\n\/\/ ]]><\/script><\/p>\n<p>&nbsp;<\/p>\n<p>(www.eloriente.net, M\u00e9xico, a 18 de noviembre de 2016, porpor \u00c1ngel Osorio\/<a href=\"https:\/\/twitter.com\/senderosoax\" target=\"_blank\">@SenderosOax<\/a>).-<\/p>\n<p>Una muralla mixteca, el Boquer\u00f3n de Tonal\u00e1.<\/p>\n<p>El Boquer\u00f3n de Tonal\u00e1 es una de esas agradables sorpresas que la mixteca oaxaque\u00f1a ofrece. Este lugar te proporciona un sendero que te lleva al encuentro con la naturaleza y a la reflexi\u00f3n. Aqu\u00ed los 5 pasos de Senderos para llegar al Boquer\u00f3n.<\/p>\n<p><a href=\"http:\/\/www.eloriente.net\/home\/wp-content\/uploads\/2016\/11\/foto-especial-Boqueron.png\" rel=\"attachment wp-att-45981\"><img loading=\"lazy\" decoding=\"async\" class=\"alignnone wp-image-45981\" src=\"http:\/\/www.eloriente.net\/home\/wp-content\/uploads\/2016\/11\/foto-especial-Boqueron.png\" alt=\"foto-especial-boqueron\" width=\"599\" height=\"398\" srcset=\"http:\/\/www.eloriente.net\/home\/wp-content\/uploads\/2016\/11\/foto-especial-Boqueron.png 852w, http:\/\/www.eloriente.net\/home\/wp-content\/uploads\/2016\/11\/foto-especial-Boqueron-300x199.png 300w, http:\/\/www.eloriente.net\/home\/wp-content\/uploads\/2016\/11\/foto-especial-Boqueron-768x510.png 768w\" sizes=\"(max-width: 599px) 100vw, 599px\" \/><\/a><\/p>\n<h3><strong>1.- \u00bfQu\u00e9 voy a encontrar? <\/strong><\/h3>\n<p>El Boquer\u00f3n de Tonal\u00e1 es un ca\u00f1\u00f3n natural formado por una afluente del r\u00edo Salado, forma parte del territorio que en 2008 fue declarada \u00e1rea natural protegida mediante decreto presidencial. Lo interesante es que puedes acceder a \u00e9l y recorrerlo c\u00f3modamente a pie pues se construy\u00f3 un camino empotrado en las paredes que te permite introducirte poco m\u00e1s de un kil\u00f3metro hasta la represa. Las inmensas paredes del ca\u00f1\u00f3n, el r\u00edo, en fin, todo el camino, te ofrece vistas muy interesantes y una lecci\u00f3n de la historia geol\u00f3gica de la regi\u00f3n. Para los amantes del rappel y deportes extremos, puede ofrecer retos muy interesantes.<\/p>\n<p><a href=\"http:\/\/www.eloriente.net\/home\/wp-content\/uploads\/2016\/11\/30.png\" rel=\"attachment wp-att-45978\"><img loading=\"lazy\" decoding=\"async\" class=\"alignnone wp-image-45978\" src=\"http:\/\/www.eloriente.net\/home\/wp-content\/uploads\/2016\/11\/30.png\" alt=\"30\" width=\"601\" height=\"399\" srcset=\"http:\/\/www.eloriente.net\/home\/wp-content\/uploads\/2016\/11\/30.png 852w, http:\/\/www.eloriente.net\/home\/wp-content\/uploads\/2016\/11\/30-300x199.png 300w, http:\/\/www.eloriente.net\/home\/wp-content\/uploads\/2016\/11\/30-768x510.png 768w\" sizes=\"(max-width: 601px) 100vw, 601px\" \/><\/a><\/p>\n<p>&nbsp;<\/p>\n<h3>2.- \u00bfC\u00f3mo llego?<\/h3>\n<p>Saliendo de la ciudad de Huajuapan, tomas la salida de la pista del Sol, hacia Juxtlahuaca. Avanzar\u00e1s unos 25 minutos y ya estar\u00e1s viendo la presa de Yosocuta, un atractivo en s\u00ed mismo con mucho que conocer tambi\u00e9n, una media hora m\u00e1s adelante ver\u00e1s un puente de hierro, es el puente Morelos. Es momento de irte deteniendo y buscar estacionamiento en alguno de los peque\u00f1os claros de las tiendas a orilla de carretera. De ah\u00ed todo el acceso es a pie. De Oaxaca a Huajuapan son de dos horas y media a tres horas de camino. Una opci\u00f3n es tomar la autopista a M\u00e9xico hasta Nochixtl\u00e1n (pagar\u00edas la caseta de Huitzo) y desde ah\u00ed por la carretera federal 190, o por esta desde la capital oaxaque\u00f1a (sin cuota).<\/p>\n<p><a href=\"http:\/\/www.eloriente.net\/home\/wp-content\/uploads\/2016\/11\/28.png\" rel=\"attachment wp-att-45977\"><img loading=\"lazy\" decoding=\"async\" class=\"alignnone wp-image-45977\" src=\"http:\/\/www.eloriente.net\/home\/wp-content\/uploads\/2016\/11\/28.png\" alt=\"28\" width=\"601\" height=\"399\" srcset=\"http:\/\/www.eloriente.net\/home\/wp-content\/uploads\/2016\/11\/28.png 852w, http:\/\/www.eloriente.net\/home\/wp-content\/uploads\/2016\/11\/28-300x199.png 300w, http:\/\/www.eloriente.net\/home\/wp-content\/uploads\/2016\/11\/28-768x510.png 768w\" sizes=\"(max-width: 601px) 100vw, 601px\" \/><\/a><\/p>\n<h3>3.-\u00bfEs seguro?<\/h3>\n<p>Hemos de decir que de llegar muy temprano puede estar muy solitario, as\u00ed que recomendamos arribar de las 9 de la ma\u00f1ana en adelante, que es cuando las familias empiezan a llegar y entonces tendr\u00e1s la compa\u00f1\u00eda de grupos.<\/p>\n<p><a href=\"http:\/\/www.eloriente.net\/home\/wp-content\/uploads\/2016\/11\/36.png\" rel=\"attachment wp-att-45980\"><img loading=\"lazy\" decoding=\"async\" class=\"alignnone wp-image-45980\" src=\"http:\/\/www.eloriente.net\/home\/wp-content\/uploads\/2016\/11\/36.png\" alt=\"36\" width=\"601\" height=\"399\" srcset=\"http:\/\/www.eloriente.net\/home\/wp-content\/uploads\/2016\/11\/36.png 852w, http:\/\/www.eloriente.net\/home\/wp-content\/uploads\/2016\/11\/36-300x199.png 300w, http:\/\/www.eloriente.net\/home\/wp-content\/uploads\/2016\/11\/36-768x510.png 768w\" sizes=\"(max-width: 601px) 100vw, 601px\" \/><\/a><\/p>\n<p><script src=\"\/\/pagead2.googlesyndication.com\/pagead\/js\/adsbygoogle.js\" async=\"\"><\/script><!-- BANNER PEQUE\u00d1O PARA ENTRENOTAS EL ORIENTE --> <ins class=\"adsbygoogle\" style=\"display: inline-block; width: 468px; height: 60px;\" data-ad-client=\"ca-pub-1136171134853753\" data-ad-slot=\"4953536424\"><\/ins><script>\/\/ <![CDATA[\n(adsbygoogle = window.adsbygoogle || []).push({});\n\/\/ ]]><\/script><\/p>\n<h3>4.-\u00bfQu\u00e9 debo tomar en cuenta si voy?<\/h3>\n<p>Ir al Boquer\u00f3n de Tonal\u00e1 es ir a caminar. Procura hacerte de una buena provisi\u00f3n de agua para recorrerlo, porque hacia adentro no hay m\u00e1s que belleza natural para observar. Lleva calzado c\u00f3modo y una gorra por aquello del sol. Las condiciones son muy cambiantes de acuerdo a la temporada. En lluvias la creciente es mayor y la vegetaci\u00f3n es verde. En temporada de sequ\u00eda el paisaje es m\u00e1s opaco, pero no menos impresionante. La entrada es gratis.<\/p>\n<p><a href=\"http:\/\/www.eloriente.net\/home\/wp-content\/uploads\/2016\/11\/36.png\" rel=\"attachment wp-att-45980\"><img loading=\"lazy\" decoding=\"async\" class=\"alignnone wp-image-45980\" src=\"http:\/\/www.eloriente.net\/home\/wp-content\/uploads\/2016\/11\/36.png\" alt=\"36\" width=\"601\" height=\"399\" srcset=\"http:\/\/www.eloriente.net\/home\/wp-content\/uploads\/2016\/11\/36.png 852w, http:\/\/www.eloriente.net\/home\/wp-content\/uploads\/2016\/11\/36-300x199.png 300w, http:\/\/www.eloriente.net\/home\/wp-content\/uploads\/2016\/11\/36-768x510.png 768w\" sizes=\"(max-width: 601px) 100vw, 601px\" \/><\/a><\/p>\n<h3>5.-\u00bfC\u00f3mo los contacto?<\/h3>\n<p>No hay ninguna oficina administradora pues no es un proyecto ecotur\u00edstico en forma a\u00fan, es m\u00e1s bien un atractivo natural que vale mucho la pena conocer.<\/p>\n<p><a href=\"http:\/\/www.eloriente.net\/home\/wp-content\/uploads\/2016\/11\/31.png\" rel=\"attachment wp-att-45979\"><img loading=\"lazy\" decoding=\"async\" class=\"alignnone wp-image-45979\" src=\"http:\/\/www.eloriente.net\/home\/wp-content\/uploads\/2016\/11\/31.png\" alt=\"31\" width=\"601\" height=\"399\" srcset=\"http:\/\/www.eloriente.net\/home\/wp-content\/uploads\/2016\/11\/31.png 852w, http:\/\/www.eloriente.net\/home\/wp-content\/uploads\/2016\/11\/31-300x199.png 300w, http:\/\/www.eloriente.net\/home\/wp-content\/uploads\/2016\/11\/31-768x510.png 768w\" sizes=\"(max-width: 601px) 100vw, 601px\" \/><\/a><\/p>\n<p><strong>OTRAS ENTRADAS<\/strong><\/p>\n<div class=\"featuredpost\">\n<div class=\"flow_hide\">\n<h2 class=\"posttitle bigposttitle\"><a title=\"Enlace Permanente a VIDECOLUMNA: \u00bfAhora s\u00ed se atender\u00e1n los problemas de Oaxaca? Por Rodolfo Moreno\" href=\"http:\/\/www.eloriente.net\/home\/2016\/11\/17\/videcolumna-ahora-si-se-atenderan-los-problemas-de-oaxaca-por-rodolfo-moreno\/\" rel=\"bookmark\">VIDECOLUMNA: \u00bfAhora s\u00ed se atender\u00e1n los problemas de Oaxaca? Por Rodolfo Moreno<\/a><\/h2>\n<\/div>\n<p>eloriente.net 17 de noviembre de 2016 Inicia una nueva Legislatura en Oaxaca y Rodolfo Moreno les hace un importante llamado. \u201cDiputado, diputada tu trabajo es muy importante\u2026<\/p>\n<p class=\"postmeta\"><span class=\"meta_date\">noviembre 17, 2016<\/span><\/p>\n<p class=\"postmeta\">\n<\/div>\n<div class=\"featuredpost\">\n<div class=\"flow_hide\">\n<p><a href=\"http:\/\/www.eloriente.net\/home\/2016\/11\/17\/oaxaca-conoce-la-actividad-del-centro-de-educacion-continua-abierta-y-a-distancia\/\" rel=\"bookmark\"><img decoding=\"async\" class=\"alignleft\" title=\"OAXACA: Conoce la actividad del Centro de Educaci\u00f3n Continua, Abierta y a Distancia\" src=\"http:\/\/www.eloriente.net\/home\/wp-content\/themes\/city-desk\/timthumb.php?src=http%3A%2F%2Fwww.eloriente.net%2Fhome%2Fwp-content%2Fuploads%2F2016%2F11%2FCECAD.jpg&amp;q=90&amp;w=70&amp;h=45&amp;zc=1\" alt=\"OAXACA: Conoce la actividad del Centro de Educaci\u00f3n Continua, Abierta y a Distancia\" \/><\/a><\/p>\n<h2 class=\"posttitle \"><a title=\"Enlace Permanente a OAXACA: Conoce la actividad del Centro de Educaci\u00f3n Continua, Abierta y a Distancia\" href=\"http:\/\/www.eloriente.net\/home\/2016\/11\/17\/oaxaca-conoce-la-actividad-del-centro-de-educacion-continua-abierta-y-a-distancia\/\" rel=\"bookmark\">OAXACA: Conoce la actividad del Centro de Educaci\u00f3n Continua, Abierta y a Distancia<\/a><\/h2>\n<\/div>\n<p>eloriente.net 17 de noviembre de 2016 El Centro de Educaci\u00f3n Continua, Abierta y a Distancia (CECAD) es una instituci\u00f3n perteneciente a la Universidad Aut\u00f3noma \u201cBenito Ju\u00e1rez\u201d de\u2026<\/p>\n<p class=\"postmeta\"><span class=\"meta_date\">noviembre 17, 2016<\/span><\/p>\n<p class=\"postmeta\">\n<\/div>\n<div class=\"featuredpost\">\n<div class=\"flow_hide\">\n<p><a href=\"http:\/\/www.eloriente.net\/home\/2016\/11\/17\/actividades-culturales-en-oaxaca-que-no-te-puedes-perder-del-17-al-23-de-noviembre\/\" rel=\"bookmark\"><img decoding=\"async\" class=\"alignleft\" title=\"Actividades culturales en Oaxaca que no te puedes perder (del 17 al 23 de noviembre)\" src=\"http:\/\/www.eloriente.net\/home\/wp-content\/themes\/city-desk\/timthumb.php?src=http%3A%2F%2Fwww.eloriente.net%2Fhome%2Fwp-content%2Fuploads%2F2016%2F11%2F12937434033_38c64dca87_k.jpg&amp;q=90&amp;w=70&amp;h=45&amp;zc=1\" alt=\"Actividades culturales en Oaxaca que no te puedes perder (del 17 al 23 de noviembre)\" \/><\/a><\/p>\n<h2 class=\"posttitle \"><a title=\"Enlace Permanente a Actividades culturales en Oaxaca que no te puedes perder (del 17 al 23 de noviembre)\" href=\"http:\/\/www.eloriente.net\/home\/2016\/11\/17\/actividades-culturales-en-oaxaca-que-no-te-puedes-perder-del-17-al-23-de-noviembre\/\" rel=\"bookmark\">Actividades culturales en Oaxaca que no te puedes perder (del 17 al 23 de noviembre)<\/a><\/h2>\n<\/div>\n<p>(www.eloriente.net; M\u00e9xico a 17 de noviembre de 2016).- Por Jessica Lamadrid Como todos lo jueves en nuestra agenda cultural seleccionamos cinco actividades culturales que puedes realizar en los\u2026<\/p>\n<p class=\"postmeta\"><span class=\"meta_date\">noviembre 17, 2016<\/span><\/p>\n<\/div>\n\n\t\t\t  <div \n\t\t\t  \tclass = \"fb-comments\" \n\t\t\t  \tdata-href = \"http:\/\/www.eloriente.net\/home\/2016\/11\/18\/oaxaca-5-pasos-para-llegar-a-el-boqueron-de-tonala\/\"\n\t\t\t  \tdata-numposts = \"10\"\n\t\t\t\tdata-colorscheme = \"dark\"\n\t\t\t\tdata-order-by = \"social\"\n\t\t\t\tdata-mobile=true>\n\t\t\t  <\/div>\n\t\t  <style>\n\t\t\t.fb_iframe_widget_fluid_desktop iframe {\n\t\t\t    width: 100% !important;\n\t\t\t}\n\t\t  <\/style>\n\t\t  ","protected":false},"excerpt":{"rendered":"<p>&nbsp; (www.eloriente.net, M\u00e9xico, a 18 de noviembre de 2016, porpor \u00c1ngel Osorio\/@SenderosOax).- Una muralla mixteca, el Boquer\u00f3n de Tonal\u00e1. El Boquer\u00f3n de Tonal\u00e1 es una de esas agradables sorpresas que la mixteca oaxaque\u00f1a ofrece. Este lugar te proporciona un sendero que te lleva al encuentro con la naturaleza y a la reflexi\u00f3n. Aqu\u00ed los 5 [&hellip;]<\/p>\n","protected":false},"author":40,"featured_media":45977,"comment_status":"open","ping_status":"open","sticky":false,"template":"","format":"standard","meta":{"_jetpack_memberships_contains_paid_content":false,"footnotes":""},"categories":[3387,11,32,63,23,464,31,19],"tags":[6525,3505,7223,3662,4056,7224],"class_list":["post-45975","post","type-post","status-publish","format-standard","has-post-thumbnail","hentry","category-angel-osorio-morales","category-colaboradores","category-entradas","category-estados","category-municipios","category-oaxaca-estados","category-principal","category-turismo-y-negocios","tag-5-pasos","tag-angel-osorio","tag-boqueron","tag-senderos","tag-senderosoax","tag-tonala"],"jetpack_featured_media_url":"http:\/\/www.eloriente.net\/home\/wp-content\/uploads\/2016\/11\/28.png","jetpack_sharing_enabled":true,"_links":{"self":[{"href":"http:\/\/www.eloriente.net\/home\/wp-json\/wp\/v2\/posts\/45975"}],"collection":[{"href":"http:\/\/www.eloriente.net\/home\/wp-json\/wp\/v2\/posts"}],"about":[{"href":"http:\/\/www.eloriente.net\/home\/wp-json\/wp\/v2\/types\/post"}],"author":[{"embeddable":true,"href":"http:\/\/www.eloriente.net\/home\/wp-json\/wp\/v2\/users\/40"}],"replies":[{"embeddable":true,"href":"http:\/\/www.eloriente.net\/home\/wp-json\/wp\/v2\/comments?post=45975"}],"version-history":[{"count":1,"href":"http:\/\/www.eloriente.net\/home\/wp-json\/wp\/v2\/posts\/45975\/revisions"}],"predecessor-version":[{"id":45982,"href":"http:\/\/www.eloriente.net\/home\/wp-json\/wp\/v2\/posts\/45975\/revisions\/45982"}],"wp:featuredmedia":[{"embeddable":true,"href":"http:\/\/www.eloriente.net\/home\/wp-json\/wp\/v2\/media\/45977"}],"wp:attachment":[{"href":"http:\/\/www.eloriente.net\/home\/wp-json\/wp\/v2\/media?parent=45975"}],"wp:term":[{"taxonomy":"category","embeddable":true,"href":"http:\/\/www.eloriente.net\/home\/wp-json\/wp\/v2\/categories?post=45975"},{"taxonomy":"post_tag","embeddable":true,"href":"http:\/\/www.eloriente.net\/home\/wp-json\/wp\/v2\/tags?post=45975"}],"curies":[{"name":"wp","href":"https:\/\/api.w.org\/{rel}","templated":true}]}}