{"id":46019,"date":"2016-11-22T06:13:09","date_gmt":"2016-11-22T12:13:09","guid":{"rendered":"http:\/\/www.eloriente.net\/home\/?p=46019"},"modified":"2016-11-29T12:14:35","modified_gmt":"2016-11-29T18:14:35","slug":"5-vacantes-para-abogados-martesdevacantes-7","status":"publish","type":"post","link":"http:\/\/www.eloriente.net\/home\/2016\/11\/22\/5-vacantes-para-abogados-martesdevacantes-7\/","title":{"rendered":"5 vacantes para abogados #MartesDeVacantes"},"content":{"rendered":"<p><script src=\"\/\/pagead2.googlesyndication.com\/pagead\/js\/adsbygoogle.js\" async=\"\"><\/script><!-- BANNER ELORIENTE INCRUSTADO NOTAS --> <ins class=\"adsbygoogle\" style=\"display: inline-block; width: 300px; height: 250px;\" data-ad-client=\"ca-pub-1136171134853753\" data-ad-slot=\"7974633627\"><\/ins><script>\/\/ <![CDATA[\n(adsbygoogle = window.adsbygoogle || []).push({});\n\/\/ ]]><\/script><\/p>\n<p>&nbsp;<\/p>\n<p>(www.eloriente.net, M\u00e9xico, a 21 de noviembre de 2016).- Conscientes de la importancia para la ciudadan\u00eda en general de la b\u00fasqueda de nuevas oportunidades de crecimiento profesional, ponemos a tu disposici\u00f3n semanalmente ofertas de empleo disponibles por profesi\u00f3n en cualquier parte de M\u00e9xico y del mundo o, cuando as\u00ed lo amerita, exclusivamente en Oaxaca.<\/p>\n<p>En esta ocasi\u00f3n, ELORIENTE.NET comparte cinco vacantes para Abogados.<\/p>\n<p>Si deseas aplicar para alguna de las vacantes, deber\u00e1s darle clic al t\u00edtulo de esta y te llevar\u00e1 al sitio que te pondr\u00e1 en contacto con los empleadores. No olvides comentar que la oportunidad la has encontrado con nosotros en el Martes de Vacantes de ELORIENTE.NET. \u00a1\u00c9xito!<\/p>\n<p><a href=\"http:\/\/www.indeed.com.mx\/cmp\/QUALITAS-COMPA%C3%91IA-DE-SEGUROS,-S.A.-DE-C.V.\/jobs\/Abogado-recien-egresado-0556bf66a8934636?q=derecho\" target=\"_blank\"><strong>1.- ABOGADO<\/strong><\/a><\/p>\n<p><strong>Escolaridad:<\/strong> Licenciatura en Derecho (reci\u00e9n egresado en tr\u00e1mite de titulaci\u00f3n)<\/p>\n<p><strong>G\u00e9nero:<\/strong> Indistinto<\/p>\n<p><strong>Requisitos:<\/strong> Ser reci\u00e9n egresado. Conocimiento en juicios orales. Manejo de sistemas computacionales y habilidades administrativas. Habilidad de negociaci\u00f3n. Preferentemente contar con autom\u00f3vil propio.<\/p>\n<p><strong>Funciones:<\/strong> Diversas en el \u00e1rea jur\u00eddico penal<\/p>\n<p><strong>Salario:<\/strong> A convenir<\/p>\n<p><strong>Horario:<\/strong> Tiempo completo, no especificado.<\/p>\n<p><strong><a href=\"http:\/\/www.empleo.gob.mx\/2714012-oferta-de-empleo-de-licenciado-en-derecho-coem-servicios-empresariales\">2.- LICENCIADO EN DERECHO<\/a><\/strong><\/p>\n<p><strong>Escolaridad:<\/strong> Licenciatura en Derecho Civil y Mercantil<\/p>\n<p><strong>G\u00e9nero:<\/strong> Indistinto<\/p>\n<p><strong>Requisitos:<\/strong> Experiencia m\u00ednima de un a\u00f1o. Ser titulado. Conocimientos b\u00e1sicos de computaci\u00f3n y en el manejo de la paqueter\u00eda de Office. Habilidad de negociaci\u00f3n y para trabajar en equipo.<\/p>\n<p><strong>Funciones:<\/strong> Elaboraci\u00f3n de los escritos de demanda y el seguimiento de las mismas. Diversas en el \u00e1rea del derecho mercantil.<\/p>\n<p><strong>Salario<\/strong>: $6000 mensuales<\/p>\n<p><strong>Horario<\/strong>: Lunes a s\u00e1bado de 9:00 a 18:00 horas<\/p>\n<p><a href=\"https:\/\/www.occ.com.mx\/Empleo\/Oferta\/9441193-jefe-de-expansion-zona-oaxaca\"><strong>3.- JEFE DE EXPANSI\u00d3N<\/strong><\/a><\/p>\n<p><strong>Escolaridad:<\/strong> Licenciatura en Derecho, Contadur\u00eda o en Administraci\u00f3n de Empresas<\/p>\n<p><strong>G\u00e9nero:<\/strong> Preferentemente masculino<\/p>\n<p><strong>Requisitos:<\/strong> Edad de 28 a 40 a\u00f1os. Experiencia m\u00ednima de 2 a\u00f1os en bienes ra\u00edces. Saber manejar y contar con licencia vigente. Habilidad de negociaci\u00f3n. Disponibilidad para viajar.<\/p>\n<p><strong>Funciones:<\/strong> B\u00fasqueda de lugares en la zona para apertura de tiendas. Negociaci\u00f3n con Arrendadores. Elaboraci\u00f3n de reportes diarios.<\/p>\n<p><strong>Salario<\/strong>: Entre $9000 y $11,000 mensuales<\/p>\n<p><strong>Horario:<\/strong> Tiempo completo, no especificado.<\/p>\n<p><script src=\"\/\/pagead2.googlesyndication.com\/pagead\/js\/adsbygoogle.js\" async=\"\"><\/script><!-- BANNER PEQUE\u00d1O PARA ENTRENOTAS EL ORIENTE --> <ins class=\"adsbygoogle\" style=\"display: inline-block; width: 468px; height: 60px;\" data-ad-client=\"ca-pub-1136171134853753\" data-ad-slot=\"4953536424\"><\/ins><script>\/\/ <![CDATA[\n(adsbygoogle = window.adsbygoogle || []).push({});\n\/\/ ]]><\/script><\/p>\n<p><a href=\"http:\/\/www.indeed.com.mx\/cmp\/CAJA-POPULAR-MEXICANA\/jobs\/Asistente-cobranza-judicial-0fb78b6d58f8b74f?q=derecho\"><strong>4.- ASISTENTE DE COBRANZA JUDICIAL<\/strong><\/a><\/p>\n<p><strong>Escolaridad:<\/strong> Licenciatura en Derecho<\/p>\n<p><strong>G\u00e9nero:<\/strong> Indistinto<\/p>\n<p><strong>Requisitos<\/strong>: Experiencia m\u00ednima de un a\u00f1o en recuperaci\u00f3n de cartera judicial y extra judicial. Saber conducir autom\u00f3vil y contar con licencia vigente.<\/p>\n<p><strong>Funciones:<\/strong> Recuperaci\u00f3n de cartera judicial y extra judicial.<\/p>\n<p><strong>Salario:<\/strong> $8900 mensuales<\/p>\n<p><strong>Horario:<\/strong> Tiempo completo<\/p>\n<p><a href=\"https:\/\/www.computrabajo.com.mx\/ofertas-de-trabajo\/oferta-de-trabajo-de-licenciado-en-derecho-en-materia-procesal-ante-el-tfjfya-en-oaxaca-de-juarez-7419A7632AAFB79B\"><strong>5.- LICENCIADO EN DERECHO<\/strong><\/a><\/p>\n<p><strong>Escolaridad:<\/strong> Licenciatura en derecho<\/p>\n<p><strong>G\u00e9nero:<\/strong> Indistinto<\/p>\n<p><strong>Requisitos:<\/strong> Experiencia m\u00ednima de un a\u00f1o. Disponibilidad de viajar. Saber conducir y contar con licencia tipo A. Conocimientos en tr\u00e1mites ante el SAT e IMSS.<\/p>\n<p><strong>Funciones:<\/strong> Llevar a cabo los procedimientos que se sigan ante las autoridades Fiscales y Administrativas. Llevar juicios ante los Juzgados o Tribunales que resulten necesarios.<br \/>\nElaborar los medios de defensa tendientes a lograr la anulaci\u00f3n de las resoluciones que emitan las autoridades hacendarias.<\/p>\n<p><strong>Salario<\/strong>: $7000 mensuales<\/p>\n<p><strong>Horario:<\/strong> Tiempo completo. No especificado.<\/p>\n<p><a href=\"http:\/\/www.eloriente.net\/home\/wp-content\/uploads\/2014\/05\/martes-de-vacantes.jpg\" rel=\"attachment wp-att-25869\"><img loading=\"lazy\" decoding=\"async\" class=\"alignnone  wp-image-25869\" src=\"http:\/\/www.eloriente.net\/home\/wp-content\/uploads\/2014\/05\/martes-de-vacantes.jpg\" alt=\"martes de vacantes\" width=\"605\" height=\"402\" srcset=\"http:\/\/www.eloriente.net\/home\/wp-content\/uploads\/2014\/05\/martes-de-vacantes.jpg 1024w, http:\/\/www.eloriente.net\/home\/wp-content\/uploads\/2014\/05\/martes-de-vacantes-300x199.jpg 300w\" sizes=\"(max-width: 605px) 100vw, 605px\" \/><\/a><\/p>\n<p><strong>OTRAS ENTRADAS<\/strong><\/p>\n<div class=\"featuredpost\">\n<div class=\"flow_hide\">\n<h2 class=\"posttitle bigposttitle\"><a title=\"Enlace Permanente a OAXACA: \u201cEl ciudadano no ve las mejoras que tanto se anuncian, s\u00f3lo padecen bloques y manifestaciones\u201d: Juan Mendoza\" href=\"http:\/\/www.eloriente.net\/home\/2016\/11\/21\/oaxaca-el-ciudadano-no-ve-las-mejoras-que-tanto-se-anuncian-solo-padecen-bloques-y-manifestaciones-juan-mendoza\/\" rel=\"bookmark\">OAXACA: \u201cEl ciudadano no ve las mejoras que tanto se anuncian, s\u00f3lo padecen bloques y manifestaciones\u201d: Juan Mendoza<\/a><\/h2>\n<\/div>\n<p>eloriente.net 21 de noviembre de 2016 Juan Mendoza Reyes, coordinador panista de la LXIII Legislatura,\u00a0acus\u00f3 a Carlos Santiago Carrasco de convertir la Secretar\u00eda General de Gobierno en\u2026<\/p>\n<p class=\"postmeta\"><span class=\"meta_date\">noviembre 21, 2016<\/span><\/p>\n<p class=\"postmeta\">\n<div class=\"toolbar-social\"><\/div>\n<\/div>\n<div class=\"featuredpost\">\n<div class=\"flow_hide\"><a href=\"http:\/\/www.eloriente.net\/home\/2016\/11\/21\/videocolumna-lamentamos-no-haber-tenido-el-gobierno-que-quisimos-por-alejandro-cruz\/\" rel=\"bookmark\"><img decoding=\"async\" class=\"alignleft\" title=\"VIDEOCOLUMNA: Lamentamos no haber tenido el gobierno que quisimos. Por Alejandro Cruz\" src=\"http:\/\/www.eloriente.net\/home\/wp-content\/themes\/city-desk\/timthumb.php?src=http%3A%2F%2Fwww.eloriente.net%2Fhome%2Fwp-content%2Fuploads%2F2016%2F11%2FALEJANDRO-CRUZ-20-DE-NOVIEMBRE.jpg&amp;q=90&amp;w=70&amp;h=45&amp;zc=1\" alt=\"VIDEOCOLUMNA: Lamentamos no haber tenido el gobierno que quisimos. Por Alejandro Cruz\" \/><\/a><\/p>\n<h2 class=\"posttitle \"><a title=\"Enlace Permanente a VIDEOCOLUMNA: Lamentamos no haber tenido el gobierno que quisimos. Por Alejandro Cruz\" href=\"http:\/\/www.eloriente.net\/home\/2016\/11\/21\/videocolumna-lamentamos-no-haber-tenido-el-gobierno-que-quisimos-por-alejandro-cruz\/\" rel=\"bookmark\">VIDEOCOLUMNA: Lamentamos no haber tenido el gobierno que quisimos. Por Alejandro Cruz<\/a><\/h2>\n<\/div>\n<p>eloriente.net 21 de noviembre de 2016 \u201cLamentamos no haber tenido el gobierno que quisimos. Lamentamos que Gabino Cu\u00e9 haya enterrado la esperanza de mucha gente. A los\u2026<\/p>\n<p class=\"postmeta\"><span class=\"meta_date\">noviembre 21, 2016<\/span><\/p>\n<p class=\"postmeta\">\n<div class=\"toolbar-social\"><\/div>\n<\/div>\n<div class=\"featuredpost\">\n<div class=\"flow_hide\"><a href=\"http:\/\/www.eloriente.net\/home\/2016\/11\/21\/es-la-cultura-ciudad-de-nuestras-emociones-por-juan-pablo-vasconcelos\/\" rel=\"bookmark\"><img decoding=\"async\" class=\"alignleft\" title=\"ES LA CULTURA: Ciudad de nuestras emociones. Por Juan Pablo Vasconcelos\" src=\"http:\/\/www.eloriente.net\/home\/wp-content\/themes\/city-desk\/timthumb.php?src=http%3A%2F%2Fwww.eloriente.net%2Fhome%2Fwp-content%2Fuploads%2F2012%2F12%2FOAXACA.jpeg&amp;q=90&amp;w=70&amp;h=45&amp;zc=1\" alt=\"ES LA CULTURA: Ciudad de nuestras emociones. Por Juan Pablo Vasconcelos\" \/><\/a><\/p>\n<h2 class=\"posttitle \"><a title=\"Enlace Permanente a ES LA CULTURA: Ciudad de nuestras emociones. Por Juan Pablo Vasconcelos\" href=\"http:\/\/www.eloriente.net\/home\/2016\/11\/21\/es-la-cultura-ciudad-de-nuestras-emociones-por-juan-pablo-vasconcelos\/\" rel=\"bookmark\">ES LA CULTURA: Ciudad de nuestras emociones. Por Juan Pablo Vasconcelos<\/a><\/h2>\n<\/div>\n<p>eloriente.net 21 de noviembre de 2016 Por Juan Pablo Vasconcelos @JPVmx \u00a0 \u201cM\u00fasica, di\u00e1logos, libros, paseos. La Ciudad de Oaxaca es escenario de m\u00faltiples expresiones art\u00edsticas y\u2026<\/p>\n<\/div>\n\n\t\t\t  <div \n\t\t\t  \tclass = \"fb-comments\" \n\t\t\t  \tdata-href = \"http:\/\/www.eloriente.net\/home\/2016\/11\/22\/5-vacantes-para-abogados-martesdevacantes-7\/\"\n\t\t\t  \tdata-numposts = \"10\"\n\t\t\t\tdata-colorscheme = \"dark\"\n\t\t\t\tdata-order-by = \"social\"\n\t\t\t\tdata-mobile=true>\n\t\t\t  <\/div>\n\t\t  <style>\n\t\t\t.fb_iframe_widget_fluid_desktop iframe {\n\t\t\t    width: 100% !important;\n\t\t\t}\n\t\t  <\/style>\n\t\t  ","protected":false},"excerpt":{"rendered":"<p>&nbsp; (www.eloriente.net, M\u00e9xico, a 21 de noviembre de 2016).- Conscientes de la importancia para la ciudadan\u00eda en general de la b\u00fasqueda de nuevas oportunidades de crecimiento profesional, ponemos a tu disposici\u00f3n semanalmente ofertas de empleo disponibles por profesi\u00f3n en cualquier parte de M\u00e9xico y del mundo o, cuando as\u00ed lo amerita, exclusivamente en Oaxaca. En [&hellip;]<\/p>\n","protected":false},"author":44,"featured_media":25869,"comment_status":"open","ping_status":"open","sticky":false,"template":"","format":"standard","meta":{"_jetpack_memberships_contains_paid_content":false,"footnotes":""},"categories":[942,32,63,464,19],"tags":[],"class_list":["post-46019","post","type-post","status-publish","format-standard","has-post-thumbnail","hentry","category-martesdevacantes","category-entradas","category-estados","category-oaxaca-estados","category-turismo-y-negocios"],"jetpack_featured_media_url":"http:\/\/www.eloriente.net\/home\/wp-content\/uploads\/2014\/05\/martes-de-vacantes.jpg","jetpack_sharing_enabled":true,"_links":{"self":[{"href":"http:\/\/www.eloriente.net\/home\/wp-json\/wp\/v2\/posts\/46019"}],"collection":[{"href":"http:\/\/www.eloriente.net\/home\/wp-json\/wp\/v2\/posts"}],"about":[{"href":"http:\/\/www.eloriente.net\/home\/wp-json\/wp\/v2\/types\/post"}],"author":[{"embeddable":true,"href":"http:\/\/www.eloriente.net\/home\/wp-json\/wp\/v2\/users\/44"}],"replies":[{"embeddable":true,"href":"http:\/\/www.eloriente.net\/home\/wp-json\/wp\/v2\/comments?post=46019"}],"version-history":[{"count":1,"href":"http:\/\/www.eloriente.net\/home\/wp-json\/wp\/v2\/posts\/46019\/revisions"}],"predecessor-version":[{"id":46020,"href":"http:\/\/www.eloriente.net\/home\/wp-json\/wp\/v2\/posts\/46019\/revisions\/46020"}],"wp:featuredmedia":[{"embeddable":true,"href":"http:\/\/www.eloriente.net\/home\/wp-json\/wp\/v2\/media\/25869"}],"wp:attachment":[{"href":"http:\/\/www.eloriente.net\/home\/wp-json\/wp\/v2\/media?parent=46019"}],"wp:term":[{"taxonomy":"category","embeddable":true,"href":"http:\/\/www.eloriente.net\/home\/wp-json\/wp\/v2\/categories?post=46019"},{"taxonomy":"post_tag","embeddable":true,"href":"http:\/\/www.eloriente.net\/home\/wp-json\/wp\/v2\/tags?post=46019"}],"curies":[{"name":"wp","href":"https:\/\/api.w.org\/{rel}","templated":true}]}}