{"id":46047,"date":"2016-11-24T11:39:42","date_gmt":"2016-11-24T17:39:42","guid":{"rendered":"http:\/\/www.eloriente.net\/home\/?p=46047"},"modified":"2016-11-24T11:39:42","modified_gmt":"2016-11-24T17:39:42","slug":"actividades-culturales-en-oaxaca-que-no-te-puedes-perder-del-24-al-30-de-noviembre","status":"publish","type":"post","link":"http:\/\/www.eloriente.net\/home\/2016\/11\/24\/actividades-culturales-en-oaxaca-que-no-te-puedes-perder-del-24-al-30-de-noviembre\/","title":{"rendered":"Actividades culturales en Oaxaca que no te puedes perder ( del 24 al 30 de noviembre)"},"content":{"rendered":"<p><!-- BANNER ELORIENTE INCRUSTADO NOTAS --> <ins class=\"adsbygoogle\" style=\"width: 300px;height: 250px\"><\/ins><\/p>\n<p>(www.eloriente.net; M\u00e9xico a 24 de noviembre de 2016).- Por Jessica Lamadrid<\/p>\n<p>Como todos los jueves, te compartimos una agenda de actividades culturales que puedes realizar en la ciudad de Oaxaca en sus distintos centros culturales.<\/p>\n<p>&nbsp;<\/p>\n<h2><a href=\"https:\/\/twitter.com\/IAGO_mx\" target=\"_blank\">1.- Los astros subterr\u00e1neos. Mito y poes\u00eda en Clara Jan\u00e9s<\/a><\/h2>\n<p>Este jueves 24 de noviembre en el <a href=\"https:\/\/twitter.com\/IAGO_mx\" target=\"_blank\">Instituto de Artes Gr\u00e1ficas de Oaxaca<\/a> (IAGO Alcal\u00e1) se realizar\u00e1 la presentaci\u00f3n del libro \u00abLos astros subterr\u00e1neos. Mito y poes\u00eda en Clara Jan\u00e9s\u00bb por la misma autora Araceli Mancilla a las 19 horas.<\/p>\n<p>Adem\u00e1s se encontrar\u00e1n comentando Aisha Cruz Caba y Biaani Sandoval Toledo, la entrada al evento es libre al p\u00fablico.<\/p>\n<p><a href=\"http:\/\/www.eloriente.net\/home\/wp-content\/uploads\/2016\/11\/araceli.jpg\" rel=\"attachment wp-att-46062\"><img loading=\"lazy\" decoding=\"async\" class=\"wp-image-46062 aligncenter\" src=\"http:\/\/www.eloriente.net\/home\/wp-content\/uploads\/2016\/11\/araceli.jpg\" alt=\"araceli\" width=\"435\" height=\"308\" srcset=\"http:\/\/www.eloriente.net\/home\/wp-content\/uploads\/2016\/11\/araceli.jpg 843w, http:\/\/www.eloriente.net\/home\/wp-content\/uploads\/2016\/11\/araceli-300x213.jpg 300w, http:\/\/www.eloriente.net\/home\/wp-content\/uploads\/2016\/11\/araceli-768x545.jpg 768w\" sizes=\"(max-width: 435px) 100vw, 435px\" \/><\/a><\/p>\n<p>&nbsp;<!-- BANNER PEQUE\u00d1O PARA ENTRENOTAS EL ORIENTE --> <ins class=\"adsbygoogle\" style=\"width: 468px;height: 60px\"><\/ins><\/p>\n<h2><a href=\"https:\/\/www.facebook.com\/CFMAB\/photos\/a.10150238347677754.377894.374094377753\/10154802065032754\/?type=3&amp;theater\" target=\"_blank\">2.- El desierto rojo<\/a><\/h2>\n<p>El Centro Fotogr\u00e1fico Manuel Alvarez Bravo el d\u00eda de hoy tendr\u00e1 la proyecci\u00f3n del film \u00abEl desierto rojo\u00bb dirigida por Michelangelo Antonioni y en la fotograf\u00eda Carlo Di Palma, dicha pel\u00edcula es de origen italiano de 1964 con una duraci\u00f3n 117 minutos.<\/p>\n<p><span class=\"text_exposed_show\">Adem\u00e1s acompa\u00f1ar\u00e1 la proyecci\u00f3n del corto \u00abLa aplanadora y el viol\u00edn\u00bb de 1961 dirigido por Andr\u00e9i Tarkovski. El evento iniciar\u00e1 a las 7 de la noche y no tiene ning\u00fan costo.<br \/>\n<\/span><\/p>\n<p>&nbsp;<\/p>\n<p><a href=\"http:\/\/www.eloriente.net\/home\/wp-content\/uploads\/2016\/11\/14915651_10154802065032754_2026662201454936766_n.jpg\" rel=\"attachment wp-att-46064\"><img loading=\"lazy\" decoding=\"async\" class=\"size-full wp-image-46064 aligncenter\" src=\"http:\/\/www.eloriente.net\/home\/wp-content\/uploads\/2016\/11\/14915651_10154802065032754_2026662201454936766_n.jpg\" alt=\"14915651_10154802065032754_2026662201454936766_n\" width=\"176\" height=\"265\" \/><\/a><\/p>\n<h2><\/h2>\n<h2><a href=\"https:\/\/www.facebook.com\/events\/231950550558918\/\" target=\"_blank\">3.-\u00a0Entretejiendo la tradici\u00f3n plumaria. Acercamiento a un textil emplumado de la \u00e9poca colonial.<\/a><\/h2>\n<p>Este jueves 24 a las 18 horas el Museo Textil de Oaxaca en el marco de la exposici\u00f3n \u00abHilar el viento, los tejidos mexicanos de pluma\u00bb \u00a0llevar\u00e1 acabo la charla \u00abEntretejiendo la tradici\u00f3n plumaria. Acercamiento a un textil emplumado de la \u00e9poca colonial.\u00bb impartida por\u00a0Mariana Almaraz Reyes.<\/p>\n<p>La entrada es libre al p\u00fablico en general.<\/p>\n<p><a href=\"http:\/\/www.eloriente.net\/home\/wp-content\/uploads\/2016\/11\/15168649_10154740108193866_4859385458340668280_o.jpg\" rel=\"attachment wp-att-46065\"><img loading=\"lazy\" decoding=\"async\" class=\" wp-image-46065 aligncenter\" src=\"http:\/\/www.eloriente.net\/home\/wp-content\/uploads\/2016\/11\/15168649_10154740108193866_4859385458340668280_o.jpg\" alt=\"15168649_10154740108193866_4859385458340668280_o\" width=\"411\" height=\"673\" srcset=\"http:\/\/www.eloriente.net\/home\/wp-content\/uploads\/2016\/11\/15168649_10154740108193866_4859385458340668280_o.jpg 586w, http:\/\/www.eloriente.net\/home\/wp-content\/uploads\/2016\/11\/15168649_10154740108193866_4859385458340668280_o-183x300.jpg 183w\" sizes=\"(max-width: 411px) 100vw, 411px\" \/><\/a><\/p>\n<p>&nbsp;<\/p>\n<h2><a href=\"https:\/\/www.facebook.com\/IAGOmx\/?fref=ts\" target=\"_blank\">4.-Taller Pr\u00e1ctico de Traducci\u00f3n de Historietas \u00a0Lenguas Ind\u00edgenas<\/a><\/h2>\n<p>El IAGO como parte de sus actividades del mes de noviembre comenzar\u00e1 el \u00abTaller Pr\u00e1ctico de Traducci\u00f3n de Historietas \u00a0Lenguas Ind\u00edgenas\u00bb el d\u00eda 28 de este mes culminando el d\u00eda 2 de diciembre. Dicho taller se impartir\u00e1 en la sede Alcal\u00e1 en un horario de las 16 horas hasta las 20 horas.<\/p>\n<p>Esta actividad no tiene ning\u00fan costo pero debes de inscribirte, para conocer los requisitos debes de enviar un correo a la siguiente direcci\u00f3n hormigueroeditorial@gmail.com o marcar a los tel\u00e9fonos\u00a0951 516 69 80 y 516 20 45<\/p>\n<p><a href=\"http:\/\/www.eloriente.net\/home\/wp-content\/uploads\/2016\/11\/15036314_1366006966767008_8635041028550042700_n.jpg\" rel=\"attachment wp-att-46067\"><img loading=\"lazy\" decoding=\"async\" class=\"size-full wp-image-46067 aligncenter\" src=\"http:\/\/www.eloriente.net\/home\/wp-content\/uploads\/2016\/11\/15036314_1366006966767008_8635041028550042700_n.jpg\" alt=\"15036314_1366006966767008_8635041028550042700_n\" width=\"310\" height=\"480\" srcset=\"http:\/\/www.eloriente.net\/home\/wp-content\/uploads\/2016\/11\/15036314_1366006966767008_8635041028550042700_n.jpg 310w, http:\/\/www.eloriente.net\/home\/wp-content\/uploads\/2016\/11\/15036314_1366006966767008_8635041028550042700_n-194x300.jpg 194w\" sizes=\"(max-width: 310px) 100vw, 310px\" \/><\/a><\/p>\n<p>&nbsp;<\/p>\n<h2>5.- \u00abVive tu navidad en la biblioteca\u00bb<\/h2>\n<p>La Biblioteca P\u00fablica Central realizar\u00e1 un Taller de Bibliomanualidades para ni\u00f1os titulado \u00abVive tu navidad en la biblioteca\u00bb a partir del 28 de noviembre al 15 de diciembre con un horario de 5 a 7 de la tarde en la Sala Infantil de la biblioteca<\/p>\n<p>El taller va dirigido para todas las ni\u00f1as y ni\u00f1os de entre 7 a 15 a\u00f1os de edad, para obtener m\u00e1s informaci\u00f3n del taller as\u00ed como de los requisitos para las inscripciones puedes comunicarte al n\u00famero 51- 61-8-53 o ir a las instalaciones.<\/p>\n<p><a href=\"http:\/\/www.eloriente.net\/home\/wp-content\/uploads\/2016\/11\/15109360_1801128353501050_3322235419700315613_n.jpg\" rel=\"attachment wp-att-46068\"><img loading=\"lazy\" decoding=\"async\" class=\"wp-image-46068 aligncenter\" src=\"http:\/\/www.eloriente.net\/home\/wp-content\/uploads\/2016\/11\/15109360_1801128353501050_3322235419700315613_n.jpg\" alt=\"15109360_1801128353501050_3322235419700315613_n\" width=\"347\" height=\"538\" srcset=\"http:\/\/www.eloriente.net\/home\/wp-content\/uploads\/2016\/11\/15109360_1801128353501050_3322235419700315613_n.jpg 619w, http:\/\/www.eloriente.net\/home\/wp-content\/uploads\/2016\/11\/15109360_1801128353501050_3322235419700315613_n-193x300.jpg 193w\" sizes=\"(max-width: 347px) 100vw, 347px\" \/><\/a><\/p>\n<p>&nbsp;<\/p>\n<p>&nbsp;<\/p>\n<p>&nbsp;<\/p>\n<h2>ENTRADAS<\/h2>\n<div class=\"featuredpost\">\n<div class=\"flow_hide\">\n<h2 class=\"posttitle bigposttitle\"><a title=\"Enlace Permanente a OAXACA: 5 Pasos para llegar a Yosond\u00faa\" href=\"http:\/\/www.eloriente.net\/home\/2016\/11\/24\/oaxaca-5-pasos-para-llegar-a-yosondua\/\" rel=\"bookmark\">OAXACA: 5 Pasos para llegar a Yosond\u00faa<\/a><\/h2>\n<\/div>\n<p>(www.eloriente.net, M\u00e9xico, a 24 de noviembre de 2016, por \u00c1ngel Osorio\/@SenderosOax).- En la mixteca oaxaque\u00f1a, a dos horas de la ciudad de Tlaxiaco, se encuentra uno de\u2026<\/p>\n<p class=\"postmeta\"><span class=\"meta_date\">noviembre 24, 2016<\/span><\/p>\n<p class=\"postmeta\">\n<\/div>\n<div class=\"featuredpost\">\n<div class=\"flow_hide\">\n<p><a href=\"http:\/\/www.eloriente.net\/home\/2016\/11\/22\/oaxaca-buscan-trabajo-conjunto-entre-el-instituto-tecnologico-de-pinotepa-y-el-cec-ipn-unidad-oaxaca\/\" rel=\"bookmark\"><img decoding=\"async\" class=\"alignleft\" title=\"OAXACA: Buscan sinergia entre el Instituto Tecnol\u00f3gico de Pinotepa y el CEC IPN Unidad Oaxaca\" src=\"http:\/\/www.eloriente.net\/home\/wp-content\/themes\/city-desk\/timthumb.php?src=http%3A%2F%2Fwww.eloriente.net%2Fhome%2Fwp-content%2Fuploads%2F2016%2F11%2FCEC-REUNIO%CC%81N2.jpg&amp;q=90&amp;w=70&amp;h=45&amp;zc=1\" alt=\"OAXACA: Buscan sinergia entre el Instituto Tecnol\u00f3gico de Pinotepa y el CEC IPN Unidad Oaxaca\" \/><\/a><\/p>\n<h2 class=\"posttitle \"><a title=\"Enlace Permanente a OAXACA: Buscan sinergia entre el Instituto Tecnol\u00f3gico de Pinotepa y el CEC IPN Unidad Oaxaca\" href=\"http:\/\/www.eloriente.net\/home\/2016\/11\/22\/oaxaca-buscan-trabajo-conjunto-entre-el-instituto-tecnologico-de-pinotepa-y-el-cec-ipn-unidad-oaxaca\/\" rel=\"bookmark\">OAXACA: Buscan sinergia entre el Instituto Tecnol\u00f3gico de Pinotepa y el CEC IPN Unidad Oaxaca<\/a><\/h2>\n<\/div>\n<p>eloriente.net 22 de noviembre de 2016 \u00a0 Las instituciones educativas est\u00e1n constantemente en b\u00fasqueda de alianzas y convenios que fomenten una mejora en su calidad educativa. Tal\u2026<\/p>\n<p class=\"postmeta\"><span class=\"meta_date\">noviembre 22, 2016<\/span><\/p>\n<p class=\"postmeta\">\n<\/div>\n<div class=\"featuredpost\">\n<div class=\"flow_hide\">\n<p><a href=\"http:\/\/www.eloriente.net\/home\/2016\/11\/22\/5-vacantes-para-abogados-martesdevacantes-7\/\" rel=\"bookmark\"><img decoding=\"async\" class=\"alignleft\" title=\"5 vacantes para abogados #MartesDeVacantes\" src=\"http:\/\/www.eloriente.net\/home\/wp-content\/themes\/city-desk\/timthumb.php?src=http%3A%2F%2Fwww.eloriente.net%2Fhome%2Fwp-content%2Fuploads%2F2014%2F05%2Fmartes-de-vacantes.jpg&amp;q=90&amp;w=70&amp;h=45&amp;zc=1\" alt=\"5 vacantes para abogados #MartesDeVacantes\" \/><\/a><\/p>\n<h2 class=\"posttitle \"><a title=\"Enlace Permanente a 5 vacantes para abogados #MartesDeVacantes\" href=\"http:\/\/www.eloriente.net\/home\/2016\/11\/22\/5-vacantes-para-abogados-martesdevacantes-7\/\" rel=\"bookmark\">5 vacantes para abogados #MartesDeVacantes<\/a><\/h2>\n<\/div>\n<p>(www.eloriente.net, M\u00e9xico, a 21 de noviembre de 2016).- Conscientes de la importancia para la ciudadan\u00eda en general de la b\u00fasqueda de nuevas oportunidades de crecimiento profesional, ponemos\u2026<\/p>\n<p class=\"postmeta\"><span class=\"meta_date\">noviembre 22, 2016<\/span><\/p>\n<\/div>\n<p>&nbsp;<\/p>\n\n\t\t\t  <div \n\t\t\t  \tclass = \"fb-comments\" \n\t\t\t  \tdata-href = \"http:\/\/www.eloriente.net\/home\/2016\/11\/24\/actividades-culturales-en-oaxaca-que-no-te-puedes-perder-del-24-al-30-de-noviembre\/\"\n\t\t\t  \tdata-numposts = \"10\"\n\t\t\t\tdata-colorscheme = \"dark\"\n\t\t\t\tdata-order-by = \"social\"\n\t\t\t\tdata-mobile=true>\n\t\t\t  <\/div>\n\t\t  <style>\n\t\t\t.fb_iframe_widget_fluid_desktop iframe {\n\t\t\t    width: 100% !important;\n\t\t\t}\n\t\t  <\/style>\n\t\t  ","protected":false},"excerpt":{"rendered":"<p>(www.eloriente.net; M\u00e9xico a 24 de noviembre de 2016).- Por Jessica Lamadrid Como todos los jueves, te compartimos una agenda de actividades culturales que puedes realizar en la ciudad de Oaxaca en sus distintos centros culturales. &nbsp; 1.- Los astros subterr\u00e1neos. Mito y poes\u00eda en Clara Jan\u00e9s Este jueves 24 de noviembre en el Instituto de [&hellip;]<\/p>\n","protected":false},"author":45,"featured_media":46069,"comment_status":"open","ping_status":"open","sticky":false,"template":"","format":"standard","meta":{"_jetpack_memberships_contains_paid_content":false,"footnotes":""},"categories":[18,32,10,464],"tags":[858,241,178,2694,73],"class_list":["post-46047","post","type-post","status-publish","format-standard","has-post-thumbnail","hentry","category-educacion-y-cultura","category-entradas","category-lo-mas-reciente","category-oaxaca-estados","tag-actividades","tag-cultura","tag-museos","tag-noviembre","tag-oaxaca"],"jetpack_featured_media_url":"http:\/\/www.eloriente.net\/home\/wp-content\/uploads\/2016\/11\/children-306607_1280.jpg","jetpack_sharing_enabled":true,"_links":{"self":[{"href":"http:\/\/www.eloriente.net\/home\/wp-json\/wp\/v2\/posts\/46047"}],"collection":[{"href":"http:\/\/www.eloriente.net\/home\/wp-json\/wp\/v2\/posts"}],"about":[{"href":"http:\/\/www.eloriente.net\/home\/wp-json\/wp\/v2\/types\/post"}],"author":[{"embeddable":true,"href":"http:\/\/www.eloriente.net\/home\/wp-json\/wp\/v2\/users\/45"}],"replies":[{"embeddable":true,"href":"http:\/\/www.eloriente.net\/home\/wp-json\/wp\/v2\/comments?post=46047"}],"version-history":[{"count":4,"href":"http:\/\/www.eloriente.net\/home\/wp-json\/wp\/v2\/posts\/46047\/revisions"}],"predecessor-version":[{"id":46071,"href":"http:\/\/www.eloriente.net\/home\/wp-json\/wp\/v2\/posts\/46047\/revisions\/46071"}],"wp:featuredmedia":[{"embeddable":true,"href":"http:\/\/www.eloriente.net\/home\/wp-json\/wp\/v2\/media\/46069"}],"wp:attachment":[{"href":"http:\/\/www.eloriente.net\/home\/wp-json\/wp\/v2\/media?parent=46047"}],"wp:term":[{"taxonomy":"category","embeddable":true,"href":"http:\/\/www.eloriente.net\/home\/wp-json\/wp\/v2\/categories?post=46047"},{"taxonomy":"post_tag","embeddable":true,"href":"http:\/\/www.eloriente.net\/home\/wp-json\/wp\/v2\/tags?post=46047"}],"curies":[{"name":"wp","href":"https:\/\/api.w.org\/{rel}","templated":true}]}}