{"id":46075,"date":"2016-11-24T17:00:51","date_gmt":"2016-11-24T23:00:51","guid":{"rendered":"http:\/\/www.eloriente.net\/home\/?p=46075"},"modified":"2016-11-24T17:00:51","modified_gmt":"2016-11-24T23:00:51","slug":"oaxaca-exitosa-participacion-del-cec-unidad-oaxaca-en-la-expo-feria-vocacional-2016","status":"publish","type":"post","link":"http:\/\/www.eloriente.net\/home\/2016\/11\/24\/oaxaca-exitosa-participacion-del-cec-unidad-oaxaca-en-la-expo-feria-vocacional-2016\/","title":{"rendered":"OAXACA: Exitosa participaci\u00f3n del CEC Unidad Oaxaca en la Expo-Feria Vocacional 2016"},"content":{"rendered":"<p><script src=\"\/\/pagead2.googlesyndication.com\/pagead\/js\/adsbygoogle.js\" async=\"\"><\/script><!-- BANNER ELORIENTE INCRUSTADO NOTAS --> <ins class=\"adsbygoogle\" style=\"display: inline-block; width: 300px; height: 250px;\" data-ad-client=\"ca-pub-1136171134853753\" data-ad-slot=\"7974633627\"><\/ins><script>\/\/ <![CDATA[\n(adsbygoogle = window.adsbygoogle || []).push({});\n\/\/ ]]><\/script><\/p>\n<p>&nbsp;<\/p>\n<p>eloriente.net<\/p>\n<p>24 de noviembre de 2016<\/p>\n<p>Los j\u00f3venes que est\u00e1n a punto de concluir su bachillerato tiene un especial inter\u00e9s por la carrera que estudiar\u00e1n en los pr\u00f3ximos a\u00f1os, de igual forma pretenden encontrar a la instituci\u00f3n educativa que cumplas sus expectativas.<\/p>\n<p>En su inter\u00e9s por ser una de las mejores ofertas acad\u00e9micas entre los egresados, el Centro de Educaci\u00f3n Continua Unidad Oaxaca del IPN, muestra su modelo educativo en diversos escenarios.<\/p>\n<p><a href=\"http:\/\/www.eloriente.net\/home\/wp-content\/uploads\/2016\/11\/CEC-IPN-24-DE-NOV.jpg\" rel=\"attachment wp-att-46076\"><img loading=\"lazy\" decoding=\"async\" class=\"alignnone wp-image-46076\" src=\"http:\/\/www.eloriente.net\/home\/wp-content\/uploads\/2016\/11\/CEC-IPN-24-DE-NOV.jpg\" alt=\"cec-ipn-24-de-nov\" width=\"600\" height=\"400\" srcset=\"http:\/\/www.eloriente.net\/home\/wp-content\/uploads\/2016\/11\/CEC-IPN-24-DE-NOV.jpg 2048w, http:\/\/www.eloriente.net\/home\/wp-content\/uploads\/2016\/11\/CEC-IPN-24-DE-NOV-300x200.jpg 300w, http:\/\/www.eloriente.net\/home\/wp-content\/uploads\/2016\/11\/CEC-IPN-24-DE-NOV-768x512.jpg 768w, http:\/\/www.eloriente.net\/home\/wp-content\/uploads\/2016\/11\/CEC-IPN-24-DE-NOV-1024x683.jpg 1024w\" sizes=\"(max-width: 600px) 100vw, 600px\" \/><\/a><\/p>\n<p>Tal es el caso de la pasada<strong> Expo-Feria Vocacional 2016<\/strong>, organizada por el Centro de Bachillerato Tecnol\u00f3gico Industrial y de Servicios No. 123 de Santa Lucia del Camino. En la cual tuvo una exitosa participaci\u00f3n pues un gran n\u00famero de j\u00f3venes se sintieron atra\u00eddos por la oferta de la instituci\u00f3n.<\/p>\n<p><script src=\"\/\/pagead2.googlesyndication.com\/pagead\/js\/adsbygoogle.js\" async=\"\"><\/script><!-- BANNER PEQUE\u00d1O PARA ENTRENOTAS EL ORIENTE --> <ins class=\"adsbygoogle\" style=\"display: inline-block; width: 468px; height: 60px;\" data-ad-client=\"ca-pub-1136171134853753\" data-ad-slot=\"4953536424\"><\/ins><script>\/\/ <![CDATA[\n(adsbygoogle = window.adsbygoogle || []).push({});\n\/\/ ]]><\/script><\/p>\n<p><a href=\"http:\/\/www.eloriente.net\/home\/wp-content\/uploads\/2016\/11\/CEC-IPN-24-DE-NOV2.jpg\" rel=\"attachment wp-att-46077\"><img loading=\"lazy\" decoding=\"async\" class=\"alignnone wp-image-46077\" src=\"http:\/\/www.eloriente.net\/home\/wp-content\/uploads\/2016\/11\/CEC-IPN-24-DE-NOV2.jpg\" alt=\"cec-ipn-24-de-nov2\" width=\"600\" height=\"400\" srcset=\"http:\/\/www.eloriente.net\/home\/wp-content\/uploads\/2016\/11\/CEC-IPN-24-DE-NOV2.jpg 2048w, http:\/\/www.eloriente.net\/home\/wp-content\/uploads\/2016\/11\/CEC-IPN-24-DE-NOV2-300x200.jpg 300w, http:\/\/www.eloriente.net\/home\/wp-content\/uploads\/2016\/11\/CEC-IPN-24-DE-NOV2-768x512.jpg 768w, http:\/\/www.eloriente.net\/home\/wp-content\/uploads\/2016\/11\/CEC-IPN-24-DE-NOV2-1024x683.jpg 1024w\" sizes=\"(max-width: 600px) 100vw, 600px\" \/><\/a><\/p>\n<p>Para entrar en contacto con este Centro de car\u00e1cter p\u00fablico, aqu\u00ed sus datos:<\/p>\n<p><em>Calle Hornos No. 1003, Colonia Noche Buena, Santa Cruz Xoxocotl\u00e1n, Oaxaca. C.P. 71230<span lang=\"es-mx\">, tel\u00e9fono: 5172744 y 5172745. e-mail cecoax@ipn.mx<\/span><\/em><\/p>\n<p>O bien da click <a href=\"https:\/\/www.facebook.com\/ipncecoax?fref=ts\" target=\"_blank\">AQU\u00cd para ir a Facebook<\/a>.<\/p>\n<p>(Para una atenci\u00f3n con temas relacionados con esta nota, menciona que le\u00edste esta informaci\u00f3n en ELORIENTE.NET)<\/p>\n<p><a href=\"http:\/\/www.eloriente.net\/home\/wp-content\/uploads\/2016\/11\/CEC-IPN-24-DE-NOV3.jpg\" rel=\"attachment wp-att-46078\"><img loading=\"lazy\" decoding=\"async\" class=\"alignnone wp-image-46078\" src=\"http:\/\/www.eloriente.net\/home\/wp-content\/uploads\/2016\/11\/CEC-IPN-24-DE-NOV3.jpg\" alt=\"cec-ipn-24-de-nov3\" width=\"600\" height=\"400\" srcset=\"http:\/\/www.eloriente.net\/home\/wp-content\/uploads\/2016\/11\/CEC-IPN-24-DE-NOV3.jpg 2048w, http:\/\/www.eloriente.net\/home\/wp-content\/uploads\/2016\/11\/CEC-IPN-24-DE-NOV3-300x200.jpg 300w, http:\/\/www.eloriente.net\/home\/wp-content\/uploads\/2016\/11\/CEC-IPN-24-DE-NOV3-768x512.jpg 768w, http:\/\/www.eloriente.net\/home\/wp-content\/uploads\/2016\/11\/CEC-IPN-24-DE-NOV3-1024x683.jpg 1024w\" sizes=\"(max-width: 600px) 100vw, 600px\" \/><\/a><\/p>\n<p><strong>OTRAS ENTRADAS<\/strong><\/p>\n<div class=\"featuredpost\">\n<div class=\"flow_hide\">\n<h2 class=\"posttitle bigposttitle\"><a title=\"Enlace Permanente a Actividades culturales en Oaxaca que no te puedes perder ( del 24 al 30 de noviembre)\" href=\"http:\/\/www.eloriente.net\/home\/2016\/11\/24\/actividades-culturales-en-oaxaca-que-no-te-puedes-perder-del-24-al-30-de-noviembre\/\" rel=\"bookmark\">Actividades culturales en Oaxaca que no te puedes perder ( del 24 al 30 de noviembre)<\/a><\/h2>\n<\/div>\n<p>(www.eloriente.net; M\u00e9xico a 24 de noviembre de 2016).- Por Jessica Lamadrid Como todos los jueves, te compartimos una agenda de actividades culturales que puedes realizar en la ciudad\u2026<\/p>\n<p class=\"postmeta\"><span class=\"meta_date\">noviembre 24, 2016<\/span><\/p>\n<p class=\"postmeta\">\n<\/div>\n<div class=\"featuredpost\">\n<div class=\"flow_hide\">\n<p><a href=\"http:\/\/www.eloriente.net\/home\/2016\/11\/24\/oaxaca-5-pasos-para-llegar-a-yosondua\/\" rel=\"bookmark\"><img decoding=\"async\" class=\"alignleft\" title=\"OAXACA: 5 Pasos para llegar a Yosond\u00faa\" src=\"http:\/\/www.eloriente.net\/home\/wp-content\/themes\/city-desk\/timthumb.php?src=http%3A%2F%2Fwww.eloriente.net%2Fhome%2Fwp-content%2Fuploads%2F2016%2F11%2F25.png&amp;q=90&amp;w=70&amp;h=45&amp;zc=1\" alt=\"OAXACA: 5 Pasos para llegar a Yosond\u00faa\" \/><\/a><\/p>\n<h2 class=\"posttitle \"><a title=\"Enlace Permanente a OAXACA: 5 Pasos para llegar a Yosond\u00faa\" href=\"http:\/\/www.eloriente.net\/home\/2016\/11\/24\/oaxaca-5-pasos-para-llegar-a-yosondua\/\" rel=\"bookmark\">OAXACA: 5 Pasos para llegar a Yosond\u00faa<\/a><\/h2>\n<\/div>\n<p>(www.eloriente.net, M\u00e9xico, a 24 de noviembre de 2016, por \u00c1ngel Osorio\/@SenderosOax).- En la mixteca oaxaque\u00f1a, a dos horas de la ciudad de Tlaxiaco, se encuentra uno de\u2026<\/p>\n<p class=\"postmeta\"><span class=\"meta_date\">noviembre 24, 2016<\/span><\/p>\n<p class=\"postmeta\">\n<\/div>\n<div class=\"featuredpost\">\n<div class=\"flow_hide\">\n<p><a href=\"http:\/\/www.eloriente.net\/home\/2016\/11\/22\/oaxaca-buscan-trabajo-conjunto-entre-el-instituto-tecnologico-de-pinotepa-y-el-cec-ipn-unidad-oaxaca\/\" rel=\"bookmark\"><img decoding=\"async\" class=\"alignleft\" title=\"OAXACA: Buscan sinergia entre el Instituto Tecnol\u00f3gico de Pinotepa y el CEC IPN Unidad Oaxaca\" src=\"http:\/\/www.eloriente.net\/home\/wp-content\/themes\/city-desk\/timthumb.php?src=http%3A%2F%2Fwww.eloriente.net%2Fhome%2Fwp-content%2Fuploads%2F2016%2F11%2FCEC-REUNIO%CC%81N2.jpg&amp;q=90&amp;w=70&amp;h=45&amp;zc=1\" alt=\"OAXACA: Buscan sinergia entre el Instituto Tecnol\u00f3gico de Pinotepa y el CEC IPN Unidad Oaxaca\" \/><\/a><\/p>\n<h2 class=\"posttitle \"><a title=\"Enlace Permanente a OAXACA: Buscan sinergia entre el Instituto Tecnol\u00f3gico de Pinotepa y el CEC IPN Unidad Oaxaca\" href=\"http:\/\/www.eloriente.net\/home\/2016\/11\/22\/oaxaca-buscan-trabajo-conjunto-entre-el-instituto-tecnologico-de-pinotepa-y-el-cec-ipn-unidad-oaxaca\/\" rel=\"bookmark\">OAXACA: Buscan sinergia entre el Instituto Tecnol\u00f3gico de Pinotepa y el CEC IPN Unidad Oaxaca<\/a><\/h2>\n<\/div>\n<p>eloriente.net 22 de noviembre de 2016 \u00a0 Las instituciones educativas est\u00e1n constantemente en b\u00fasqueda de alianzas y convenios que fomenten una mejora en su calidad educativa. Tal\u2026<\/p>\n<p class=\"postmeta\"><span class=\"meta_date\">noviembre 22, 2016<\/span><\/p>\n<\/div>\n\n\t\t\t  <div \n\t\t\t  \tclass = \"fb-comments\" \n\t\t\t  \tdata-href = \"http:\/\/www.eloriente.net\/home\/2016\/11\/24\/oaxaca-exitosa-participacion-del-cec-unidad-oaxaca-en-la-expo-feria-vocacional-2016\/\"\n\t\t\t  \tdata-numposts = \"10\"\n\t\t\t\tdata-colorscheme = \"dark\"\n\t\t\t\tdata-order-by = \"social\"\n\t\t\t\tdata-mobile=true>\n\t\t\t  <\/div>\n\t\t  <style>\n\t\t\t.fb_iframe_widget_fluid_desktop iframe {\n\t\t\t    width: 100% !important;\n\t\t\t}\n\t\t  <\/style>\n\t\t  ","protected":false},"excerpt":{"rendered":"<p>&nbsp; eloriente.net 24 de noviembre de 2016 Los j\u00f3venes que est\u00e1n a punto de concluir su bachillerato tiene un especial inter\u00e9s por la carrera que estudiar\u00e1n en los pr\u00f3ximos a\u00f1os, de igual forma pretenden encontrar a la instituci\u00f3n educativa que cumplas sus expectativas. En su inter\u00e9s por ser una de las mejores ofertas acad\u00e9micas entre [&hellip;]<\/p>\n","protected":false},"author":44,"featured_media":46078,"comment_status":"open","ping_status":"open","sticky":false,"template":"","format":"standard","meta":{"_jetpack_memberships_contains_paid_content":false,"footnotes":""},"categories":[4300,1588,18,32,63,464,84],"tags":[7090,7182,184,7092,2724,224],"class_list":["post-46075","post","type-post","status-publish","format-standard","has-post-thumbnail","hentry","category-comunicacion","category-comunicados-y-boletines","category-educacion-y-cultura","category-entradas","category-estados","category-oaxaca-estados","category-universidades","tag-cec","tag-centro-de-educacion-continua","tag-educacion","tag-instituto-politecnico-nacional","tag-ipn","tag-universidades-2"],"jetpack_featured_media_url":"http:\/\/www.eloriente.net\/home\/wp-content\/uploads\/2016\/11\/CEC-IPN-24-DE-NOV3.jpg","jetpack_sharing_enabled":true,"_links":{"self":[{"href":"http:\/\/www.eloriente.net\/home\/wp-json\/wp\/v2\/posts\/46075"}],"collection":[{"href":"http:\/\/www.eloriente.net\/home\/wp-json\/wp\/v2\/posts"}],"about":[{"href":"http:\/\/www.eloriente.net\/home\/wp-json\/wp\/v2\/types\/post"}],"author":[{"embeddable":true,"href":"http:\/\/www.eloriente.net\/home\/wp-json\/wp\/v2\/users\/44"}],"replies":[{"embeddable":true,"href":"http:\/\/www.eloriente.net\/home\/wp-json\/wp\/v2\/comments?post=46075"}],"version-history":[{"count":1,"href":"http:\/\/www.eloriente.net\/home\/wp-json\/wp\/v2\/posts\/46075\/revisions"}],"predecessor-version":[{"id":46079,"href":"http:\/\/www.eloriente.net\/home\/wp-json\/wp\/v2\/posts\/46075\/revisions\/46079"}],"wp:featuredmedia":[{"embeddable":true,"href":"http:\/\/www.eloriente.net\/home\/wp-json\/wp\/v2\/media\/46078"}],"wp:attachment":[{"href":"http:\/\/www.eloriente.net\/home\/wp-json\/wp\/v2\/media?parent=46075"}],"wp:term":[{"taxonomy":"category","embeddable":true,"href":"http:\/\/www.eloriente.net\/home\/wp-json\/wp\/v2\/categories?post=46075"},{"taxonomy":"post_tag","embeddable":true,"href":"http:\/\/www.eloriente.net\/home\/wp-json\/wp\/v2\/tags?post=46075"}],"curies":[{"name":"wp","href":"https:\/\/api.w.org\/{rel}","templated":true}]}}