{"id":46094,"date":"2016-11-26T09:05:39","date_gmt":"2016-11-26T15:05:39","guid":{"rendered":"http:\/\/www.eloriente.net\/home\/?p=46094"},"modified":"2016-11-27T13:42:01","modified_gmt":"2016-11-27T19:42:01","slug":"importancia-tuvo-fidel-castro-la-historia-cuba","status":"publish","type":"post","link":"http:\/\/www.eloriente.net\/home\/2016\/11\/26\/importancia-tuvo-fidel-castro-la-historia-cuba\/","title":{"rendered":"Videos: \u00bfQu\u00e9 importancia tuvo Fidel Castro para la historia de Cuba?"},"content":{"rendered":"<p><!-- BANNER ELORIENTE INCRUSTADO NOTAS --> <ins class=\"adsbygoogle\" style=\"width: 300px; height: 250px;\"><\/ins><\/p>\n<p>(www.eloriente.net; M\u00e9xico a 26 de noviembre de 2016).- Por Jessica Lamadrid<\/p>\n<p>El pasado viernes 25 de noviembre, el presidente Ra\u00fal Castro ha informado al pueblo de Cuba que falleci\u00f3 el comandante en jefe de la revoluci\u00f3n de su pa\u00eds Fidel Castro, as\u00ed como que sus restos ser\u00edan cremados como lo fue su voluntad.<\/p>\n<p>Ante dicho suceso hemos preparado una serie de videos con los cuales podr\u00e1s conocer m\u00e1s a fondo por qu\u00e9 este personaje fue tan importante para la historia de un pa\u00eds como Cuba y en general para la historia del mundo.<\/p>\n<h2>1.-Revoluci\u00f3n cubana: Che Guevara y Fidel Castro &#8211; Historia &#8211; Educatina<\/h2>\n<p><!-- BANNER PEQUE\u00d1O PARA ENTRENOTAS EL ORIENTE --> <ins class=\"adsbygoogle\" style=\"width: 468px; height: 60px;\"><\/ins><\/p>\n<p><a href=\"https:\/\/www.educatina.com\/ciencias-sociales\/historia\/historia-de-america\/proceso-independentista-cubano\/video-revolucion-cubana-de-la-dictadura-de-batista-al-regimen-de-castro\" target=\"_blank\">Educatina<\/a> es un portal de internet educativo que se dedica a la creaci\u00f3n de videos y textos para informar a quien lo visita sobre diferentes materias escolares como historia, ciencia, matem\u00e1ticas, entre otras.<\/p>\n<p>El siguiente video fue hecho por este portal para ense\u00f1ar sobre los procesos que sufri\u00f3 Cuba durante su revoluci\u00f3n y qu\u00e9 papel tuvo Fidel Castro.<\/p>\n<p><span class=\"embed-youtube\" style=\"text-align:center; display: block;\"><iframe loading=\"lazy\" class=\"youtube-player\" width=\"640\" height=\"360\" src=\"https:\/\/www.youtube.com\/embed\/BPunwYgFmKs?version=3&#038;rel=1&#038;showsearch=0&#038;showinfo=1&#038;iv_load_policy=1&#038;fs=1&#038;hl=es-ES&#038;autohide=2&#038;start=34&#038;wmode=transparent\" allowfullscreen=\"true\" style=\"border:0;\" sandbox=\"allow-scripts allow-same-origin allow-popups allow-presentation allow-popups-to-escape-sandbox\"><\/iframe><\/span><\/p>\n<p>&nbsp;<\/p>\n<h2>2.-\u00a0Revoluci\u00f3n Cubana<\/h2>\n<p>El siguiente video es un documental hecho por<a href=\"http:\/\/mx.tuhistory.com\/\" target=\"_blank\"> tuHistory<\/a>\u00a0en el 2012. En \u00e9l se retrata c\u00f3mo Fidel Castro particip\u00f3 en la revoluci\u00f3n de su pa\u00eds y qui\u00e9nes lo ayudaron en este proceso.<\/p>\n<p>&nbsp;<\/p>\n<p><span class=\"embed-youtube\" style=\"text-align:center; display: block;\"><iframe loading=\"lazy\" class=\"youtube-player\" width=\"640\" height=\"360\" src=\"https:\/\/www.youtube.com\/embed\/05sjqTltYIs?version=3&#038;rel=1&#038;showsearch=0&#038;showinfo=1&#038;iv_load_policy=1&#038;fs=1&#038;hl=es-ES&#038;autohide=2&#038;wmode=transparent\" allowfullscreen=\"true\" style=\"border:0;\" sandbox=\"allow-scripts allow-same-origin allow-popups allow-presentation allow-popups-to-escape-sandbox\"><\/iframe><\/span><\/p>\n<h2>3.-El papel de Fidel Castro en el derrocamiento de Fulgencio Batista<\/h2>\n<p>En el siguiente video encontrar\u00e1s informaci\u00f3n espec\u00edficamente de Fidel Castro en el derrocamiento de Fulgencio Batista.<\/p>\n<p>&nbsp;<\/p>\n<p><span class=\"embed-youtube\" style=\"text-align:center; display: block;\"><iframe loading=\"lazy\" class=\"youtube-player\" width=\"640\" height=\"360\" src=\"https:\/\/www.youtube.com\/embed\/NPGJrkngcJs?version=3&#038;rel=1&#038;showsearch=0&#038;showinfo=1&#038;iv_load_policy=1&#038;fs=1&#038;hl=es-ES&#038;autohide=2&#038;wmode=transparent\" allowfullscreen=\"true\" style=\"border:0;\" sandbox=\"allow-scripts allow-same-origin allow-popups allow-presentation allow-popups-to-escape-sandbox\"><\/iframe><\/span><\/p>\n<p>&nbsp;<\/p>\n<h2>4.-\u00a0Fidel Castro Las grabaciones perdidas National Geographic HD<\/h2>\n<p>Este video fue hecho por National Geographic. Se habla acerca de c\u00f3mo Fidel Castro evolucion\u00f3 dentro de la pol\u00edtica de su pa\u00eds.<\/p>\n<p><span class=\"embed-youtube\" style=\"text-align:center; display: block;\"><iframe loading=\"lazy\" class=\"youtube-player\" width=\"640\" height=\"360\" src=\"https:\/\/www.youtube.com\/embed\/8-Cvo-TzF5s?version=3&#038;rel=1&#038;showsearch=0&#038;showinfo=1&#038;iv_load_policy=1&#038;fs=1&#038;hl=es-ES&#038;autohide=2&#038;wmode=transparent\" allowfullscreen=\"true\" style=\"border:0;\" sandbox=\"allow-scripts allow-same-origin allow-popups allow-presentation allow-popups-to-escape-sandbox\"><\/iframe><\/span><\/p>\n<p>&nbsp;<\/p>\n<h2>5.-\u00a0HIST\u00d3RICO MOMENTO EN QUE RA\u00daL CASTRO ANUNCIA LA MUERTE DE FIDEL<\/h2>\n<p>Por \u00faltimo te compartimos el video del momento en que la noticia se da a conocer en los medios de comunicaci\u00f3n.<\/p>\n<p>&nbsp;<\/p>\n<p><span class=\"embed-youtube\" style=\"text-align:center; display: block;\"><iframe loading=\"lazy\" class=\"youtube-player\" width=\"640\" height=\"360\" src=\"https:\/\/www.youtube.com\/embed\/oYwqMZP-Sbw?version=3&#038;rel=1&#038;showsearch=0&#038;showinfo=1&#038;iv_load_policy=1&#038;fs=1&#038;hl=es-ES&#038;autohide=2&#038;wmode=transparent\" allowfullscreen=\"true\" style=\"border:0;\" sandbox=\"allow-scripts allow-same-origin allow-popups allow-presentation allow-popups-to-escape-sandbox\"><\/iframe><\/span><\/p>\n<p>&nbsp;<\/p>\n<p>&nbsp;<\/p>\n<h2>ENTRADAS<\/h2>\n<div class=\"featuredpost\">\n<div class=\"flow_hide\">\n<h2 class=\"posttitle bigposttitle\"><a title=\"Enlace Permanente a OAXACA: Exitosa participaci\u00f3n del CEC Unidad Oaxaca en la Expo-Feria Vocacional 2016\" href=\"http:\/\/www.eloriente.net\/home\/2016\/11\/24\/oaxaca-exitosa-participacion-del-cec-unidad-oaxaca-en-la-expo-feria-vocacional-2016\/\" rel=\"bookmark\">OAXACA: Exitosa participaci\u00f3n del CEC Unidad Oaxaca en la Expo-Feria Vocacional 2016<\/a><\/h2>\n<\/div>\n<p>eloriente.net 24 de noviembre de 2016 Los j\u00f3venes que est\u00e1n a punto de concluir su bachillerato tiene un especial inter\u00e9s por la carrera que estudiar\u00e1n en los\u2026<\/p>\n<p class=\"postmeta\"><span class=\"meta_date\">noviembre 24, 2016<\/span><\/p>\n<p class=\"postmeta\">\n<\/div>\n<div class=\"featuredpost\">\n<div class=\"flow_hide\">\n<p><a href=\"http:\/\/www.eloriente.net\/home\/2016\/11\/24\/actividades-culturales-en-oaxaca-que-no-te-puedes-perder-del-24-al-30-de-noviembre\/\" rel=\"bookmark\"><img decoding=\"async\" class=\"alignleft\" title=\"Actividades culturales en Oaxaca que no te puedes perder ( del 24 al 30 de noviembre)\" src=\"http:\/\/www.eloriente.net\/home\/wp-content\/themes\/city-desk\/timthumb.php?src=http%3A%2F%2Fwww.eloriente.net%2Fhome%2Fwp-content%2Fuploads%2F2016%2F11%2Fchildren-306607_1280.jpg&amp;q=90&amp;w=70&amp;h=45&amp;zc=1\" alt=\"Actividades culturales en Oaxaca que no te puedes perder ( del 24 al 30 de noviembre)\" \/><\/a><\/p>\n<h2 class=\"posttitle \"><a title=\"Enlace Permanente a Actividades culturales en Oaxaca que no te puedes perder ( del 24 al 30 de noviembre)\" href=\"http:\/\/www.eloriente.net\/home\/2016\/11\/24\/actividades-culturales-en-oaxaca-que-no-te-puedes-perder-del-24-al-30-de-noviembre\/\" rel=\"bookmark\">Actividades culturales en Oaxaca que no te puedes perder ( del 24 al 30 de noviembre)<\/a><\/h2>\n<\/div>\n<p>(www.eloriente.net; M\u00e9xico a 24 de noviembre de 2016).- Por Jessica Lamadrid Como todos los jueves, te compartimos una agenda de actividades culturales que puedes realizar en la ciudad\u2026<\/p>\n<p class=\"postmeta\"><span class=\"meta_date\">noviembre 24, 2016<\/span><\/p>\n<p class=\"postmeta\">\n<\/div>\n<div class=\"featuredpost\">\n<div class=\"flow_hide\">\n<p><a href=\"http:\/\/www.eloriente.net\/home\/2016\/11\/24\/oaxaca-5-pasos-para-llegar-a-yosondua\/\" rel=\"bookmark\"><img decoding=\"async\" class=\"alignleft\" title=\"OAXACA: 5 Pasos para llegar a Yosond\u00faa\" src=\"http:\/\/www.eloriente.net\/home\/wp-content\/themes\/city-desk\/timthumb.php?src=http%3A%2F%2Fwww.eloriente.net%2Fhome%2Fwp-content%2Fuploads%2F2016%2F11%2F25.png&amp;q=90&amp;w=70&amp;h=45&amp;zc=1\" alt=\"OAXACA: 5 Pasos para llegar a Yosond\u00faa\" \/><\/a><\/p>\n<h2 class=\"posttitle \"><a title=\"Enlace Permanente a OAXACA: 5 Pasos para llegar a Yosond\u00faa\" href=\"http:\/\/www.eloriente.net\/home\/2016\/11\/24\/oaxaca-5-pasos-para-llegar-a-yosondua\/\" rel=\"bookmark\">OAXACA: 5 Pasos para llegar a Yosond\u00faa<\/a><\/h2>\n<\/div>\n<p>(www.eloriente.net, M\u00e9xico, a 24 de noviembre de 2016, por \u00c1ngel Osorio\/@SenderosOax).- En la mixteca oaxaque\u00f1a, a dos horas de la ciudad de Tlaxiaco, se encuentra uno de\u2026<\/p>\n<p class=\"postmeta\"><span class=\"meta_date\">noviembre 24, 2016<\/span><\/p>\n<\/div>\n\n\t\t\t  <div \n\t\t\t  \tclass = \"fb-comments\" \n\t\t\t  \tdata-href = \"http:\/\/www.eloriente.net\/home\/2016\/11\/26\/importancia-tuvo-fidel-castro-la-historia-cuba\/\"\n\t\t\t  \tdata-numposts = \"10\"\n\t\t\t\tdata-colorscheme = \"dark\"\n\t\t\t\tdata-order-by = \"social\"\n\t\t\t\tdata-mobile=true>\n\t\t\t  <\/div>\n\t\t  <style>\n\t\t\t.fb_iframe_widget_fluid_desktop iframe {\n\t\t\t    width: 100% !important;\n\t\t\t}\n\t\t  <\/style>\n\t\t  ","protected":false},"excerpt":{"rendered":"<p>(www.eloriente.net; M\u00e9xico a 26 de noviembre de 2016).- Por Jessica Lamadrid El pasado viernes 25 de noviembre, el presidente Ra\u00fal Castro ha informado al pueblo de Cuba que falleci\u00f3 el comandante en jefe de la revoluci\u00f3n de su pa\u00eds Fidel Castro, as\u00ed como que sus restos ser\u00edan cremados como lo fue su voluntad. Ante dicho [&hellip;]<\/p>\n","protected":false},"author":45,"featured_media":46096,"comment_status":"open","ping_status":"open","sticky":false,"template":"","format":"standard","meta":{"_jetpack_memberships_contains_paid_content":false,"footnotes":""},"categories":[2434,3,32,10,24,21],"tags":[148,241,184,7242,180],"class_list":["post-46094","post","type-post","status-publish","format-standard","has-post-thumbnail","hentry","category-lunesdepolitica","category-canal-1-tu-aula","category-entradas","category-lo-mas-reciente","category-mexico-y-el-mundo","category-politica-y-gobierno","tag-cuba","tag-cultura","tag-educacion","tag-fidel-castro","tag-historia"],"jetpack_featured_media_url":"http:\/\/www.eloriente.net\/home\/wp-content\/uploads\/2016\/11\/2464613165_c55a3ca24a_b.jpg","jetpack_sharing_enabled":true,"_links":{"self":[{"href":"http:\/\/www.eloriente.net\/home\/wp-json\/wp\/v2\/posts\/46094"}],"collection":[{"href":"http:\/\/www.eloriente.net\/home\/wp-json\/wp\/v2\/posts"}],"about":[{"href":"http:\/\/www.eloriente.net\/home\/wp-json\/wp\/v2\/types\/post"}],"author":[{"embeddable":true,"href":"http:\/\/www.eloriente.net\/home\/wp-json\/wp\/v2\/users\/45"}],"replies":[{"embeddable":true,"href":"http:\/\/www.eloriente.net\/home\/wp-json\/wp\/v2\/comments?post=46094"}],"version-history":[{"count":5,"href":"http:\/\/www.eloriente.net\/home\/wp-json\/wp\/v2\/posts\/46094\/revisions"}],"predecessor-version":[{"id":46109,"href":"http:\/\/www.eloriente.net\/home\/wp-json\/wp\/v2\/posts\/46094\/revisions\/46109"}],"wp:featuredmedia":[{"embeddable":true,"href":"http:\/\/www.eloriente.net\/home\/wp-json\/wp\/v2\/media\/46096"}],"wp:attachment":[{"href":"http:\/\/www.eloriente.net\/home\/wp-json\/wp\/v2\/media?parent=46094"}],"wp:term":[{"taxonomy":"category","embeddable":true,"href":"http:\/\/www.eloriente.net\/home\/wp-json\/wp\/v2\/categories?post=46094"},{"taxonomy":"post_tag","embeddable":true,"href":"http:\/\/www.eloriente.net\/home\/wp-json\/wp\/v2\/tags?post=46094"}],"curies":[{"name":"wp","href":"https:\/\/api.w.org\/{rel}","templated":true}]}}