{"id":46100,"date":"2016-11-27T12:34:58","date_gmt":"2016-11-27T18:34:58","guid":{"rendered":"http:\/\/www.eloriente.net\/home\/?p=46100"},"modified":"2016-11-27T12:36:16","modified_gmt":"2016-11-27T18:36:16","slug":"oaxaca-conectaconocimiento-premia-video-oaxaqueno","status":"publish","type":"post","link":"http:\/\/www.eloriente.net\/home\/2016\/11\/27\/oaxaca-conectaconocimiento-premia-video-oaxaqueno\/","title":{"rendered":"OAXACA: #ConectaConocimiento premia a video oaxaque\u00f1o"},"content":{"rendered":"<p><script src=\"\/\/pagead2.googlesyndication.com\/pagead\/js\/adsbygoogle.js\" async=\"\"><\/script><!-- BANNER ELORIENTE INCRUSTADO NOTAS --> <ins class=\"adsbygoogle\" style=\"display: inline-block; width: 300px; height: 250px;\" data-ad-client=\"ca-pub-1136171134853753\" data-ad-slot=\"7974633627\"><\/ins><script>\/\/ <![CDATA[\n(adsbygoogle = window.adsbygoogle || []).push({});\n\/\/ ]]><\/script><br \/>\neloriente.net\/UABJO<\/p>\n<p>27 de noviembre de 2016<\/p>\n<p>*El CECAD-UABJO particip\u00f3 en esta convocatoria nacional dirigida a resaltar los beneficios de los sistemas no escolarizados<\/p>\n<p>Oaxaca, Oax.- Como parte del Seminario de Educaci\u00f3n Superior Abierta y a Distancia, convocado por la Universidad Abierta y a Distancia de M\u00e9xico (UnADM), se llev\u00f3 a cabo el concurso de video #ConectaConocimiento, en el cual la Universidad Aut\u00f3noma \u00abBenito Ju\u00e1rez\u00bb de Oaxaca (UABJO) particip\u00f3, a trav\u00e9s del Centro de Educaci\u00f3n Continua, Abierta y a Distancia (CECAD), obteniendo el tercer lugar.<\/p>\n<p>Dicho concurso ten\u00eda el prop\u00f3sito de reunir de manera creativa las experiencias y beneficios de la educaci\u00f3n superior en modalidades abierta y a distancia. Por ello el centro solicit\u00f3 la colaboraci\u00f3n de la alumna Concepci\u00f3n Mariana Pacheco; de la Licenciatura en Econom\u00eda Social y Desarrollo Local, el primer programa en l\u00ednea cien porciento UABJO; quien, adem\u00e1s, es egresada del bachillerato abierto de esta misma instituci\u00f3n.<\/p>\n<p>En el video fue tomada la historia de <em>Cony<\/em>, quien dej\u00f3 de estudiar a los 14 a\u00f1os, despu\u00e9s de un tiempo y con el ideal de superarse, retoma sus estudios. Termin\u00f3 la secundaria en el Instituto Estatal Para la Educaci\u00f3n de los Adultos (IEEA), el bachillerato abierto de la UABJO y actualmente cursa la licenciatura, esto sin descuidar a su hijo.<br \/>\n<script src=\"\/\/pagead2.googlesyndication.com\/pagead\/js\/adsbygoogle.js\" async=\"\"><\/script><br \/>\n <!-- BANNER PEQUE\u00d1O PARA ENTRENOTAS EL ORIENTE --><br \/>\n <ins class=\"adsbygoogle\" style=\"display: inline-block; width: 468px; height: 60px;\" data-ad-client=\"ca-pub-1136171134853753\" data-ad-slot=\"4953536424\"><\/ins><br \/>\n<script>\/\/ <![CDATA[\n(adsbygoogle = window.adsbygoogle || []).push({});\n\/\/ ]]><\/script><br \/>\nDe casi 50 propuestas, el trabajo de este centro fue reconocido durante la ceremonia de clausura del Seminario de Educaci\u00f3n Superior Abierta y a Distancia por su narrativa, motivo que lo hizo acreedor al tercer lugar; mientras que el primer y segundo lugar fueron otorgados a la Unidad Polit\u00e9cnica para la Educaci\u00f3n Virtual y la UnADM, respectivamente.<\/p>\n<p><strong>Dato<\/strong><\/p>\n<p>Los videos ganadores pueden visualizarse en el sitio web: <a href=\"http:\/\/www.unadmexico.mx\/SIESAD\/resultadosCvideo.html\">http:\/\/www.unadmexico.mx\/SIESAD\/resultadosCvideo.html<\/a><\/p>\n<p><strong>Extra<\/strong><\/p>\n<p>El CECAD es inaugurado el 12 de octubre de 2005, con el fin de impartir principalmente educaci\u00f3n abierta y a distancia. Actualmente su oferta educativa incluye bachillerato abierto, bachillerato a distancia, licenciaturas y maestr\u00eda en l\u00ednea, as\u00ed como cursos y diplomados en modalidad presencial y a distancia.<\/p>\n<p><a href=\"http:\/\/www.eloriente.net\/home\/wp-content\/uploads\/2015\/01\/CECAD-UABJO.jpg\" rel=\"attachment wp-att-35112\"><img loading=\"lazy\" decoding=\"async\" class=\"alignnone wp-image-35112\" src=\"http:\/\/www.eloriente.net\/home\/wp-content\/uploads\/2015\/01\/CECAD-UABJO.jpg\" alt=\"CECAD UABJO\" width=\"500\" height=\"334\" srcset=\"http:\/\/www.eloriente.net\/home\/wp-content\/uploads\/2015\/01\/CECAD-UABJO.jpg 1000w, http:\/\/www.eloriente.net\/home\/wp-content\/uploads\/2015\/01\/CECAD-UABJO-300x200.jpg 300w\" sizes=\"(max-width: 500px) 100vw, 500px\" \/><\/a><\/p>\n<p>Imagen: CECAD\/Archivo<\/p>\n<p>OTRAS ENTRADAS:<\/p>\n<div class=\"featuredpost\">\n<div class=\"flow_hide\">\n<h2 class=\"posttitle bigposttitle\"><a title=\"Enlace Permanente a OAXACA: Exitosa participaci\u00f3n del CEC Unidad Oaxaca en la Expo-Feria Vocacional 2016\" href=\"http:\/\/www.eloriente.net\/home\/2016\/11\/24\/oaxaca-exitosa-participacion-del-cec-unidad-oaxaca-en-la-expo-feria-vocacional-2016\/\" rel=\"bookmark\">OAXACA: Exitosa participaci\u00f3n del CEC Unidad Oaxaca en la Expo-Feria Vocacional 2016<\/a><\/h2>\n<\/div>\n<p>eloriente.net 24 de noviembre de 2016 Los j\u00f3venes que est\u00e1n a punto de concluir su bachillerato tiene un especial inter\u00e9s por la carrera que estudiar\u00e1n en los\u2026<\/p>\n<p class=\"postmeta\"><span class=\"meta_date\">noviembre 24, 2016<\/span><\/p>\n<div class=\"toolbar-social\">\n<div class=\"social-widget\">\n<div id=\"sharing-widget\"><a class=\"button icon-share\">Compartir<\/a><\/div>\n<\/div>\n<\/div>\n<\/div>\n<div class=\"featuredpost\">\n<div class=\"flow_hide\"><a href=\"http:\/\/www.eloriente.net\/home\/2016\/11\/24\/actividades-culturales-en-oaxaca-que-no-te-puedes-perder-del-24-al-30-de-noviembre\/\" rel=\"bookmark\"><img decoding=\"async\" class=\"alignleft\" title=\"Actividades culturales en Oaxaca que no te puedes perder ( del 24 al 30 de noviembre)\" src=\"http:\/\/www.eloriente.net\/home\/wp-content\/themes\/city-desk\/timthumb.php?src=http%3A%2F%2Fwww.eloriente.net%2Fhome%2Fwp-content%2Fuploads%2F2016%2F11%2Fchildren-306607_1280.jpg&amp;q=90&amp;w=70&amp;h=45&amp;zc=1\" alt=\"Actividades culturales en Oaxaca que no te puedes perder ( del 24 al 30 de noviembre)\" \/><\/a><\/p>\n<h2 class=\"posttitle \"><a title=\"Enlace Permanente a Actividades culturales en Oaxaca que no te puedes perder ( del 24 al 30 de noviembre)\" href=\"http:\/\/www.eloriente.net\/home\/2016\/11\/24\/actividades-culturales-en-oaxaca-que-no-te-puedes-perder-del-24-al-30-de-noviembre\/\" rel=\"bookmark\">Actividades culturales en Oaxaca que no te puedes perder ( del 24 al 30 de noviembre)<\/a><\/h2>\n<\/div>\n<p>(www.eloriente.net; M\u00e9xico a 24 de noviembre de 2016).- Por Jessica Lamadrid Como todos los jueves, te compartimos una agenda de actividades culturales que puedes realizar en la ciudad\u2026<\/p>\n<p class=\"postmeta\"><span class=\"meta_date\">noviembre 24, 2016<\/span><\/p>\n<\/div>\n\n\t\t\t  <div \n\t\t\t  \tclass = \"fb-comments\" \n\t\t\t  \tdata-href = \"http:\/\/www.eloriente.net\/home\/2016\/11\/27\/oaxaca-conectaconocimiento-premia-video-oaxaqueno\/\"\n\t\t\t  \tdata-numposts = \"10\"\n\t\t\t\tdata-colorscheme = \"dark\"\n\t\t\t\tdata-order-by = \"social\"\n\t\t\t\tdata-mobile=true>\n\t\t\t  <\/div>\n\t\t  <style>\n\t\t\t.fb_iframe_widget_fluid_desktop iframe {\n\t\t\t    width: 100% !important;\n\t\t\t}\n\t\t  <\/style>\n\t\t  ","protected":false},"excerpt":{"rendered":"<p>eloriente.net\/UABJO 27 de noviembre de 2016 *El CECAD-UABJO particip\u00f3 en esta convocatoria nacional dirigida a resaltar los beneficios de los sistemas no escolarizados Oaxaca, Oax.- Como parte del Seminario de Educaci\u00f3n Superior Abierta y a Distancia, convocado por la Universidad Abierta y a Distancia de M\u00e9xico (UnADM), se llev\u00f3 a cabo el concurso de video [&hellip;]<\/p>\n","protected":false},"author":1,"featured_media":35112,"comment_status":"open","ping_status":"open","sticky":false,"template":"","format":"standard","meta":{"_jetpack_memberships_contains_paid_content":false,"footnotes":""},"categories":[3,29,1588,32,63,464,12],"tags":[],"class_list":["post-46100","post","type-post","status-publish","format-standard","has-post-thumbnail","hentry","category-canal-1-tu-aula","category-capital","category-comunicados-y-boletines","category-entradas","category-estados","category-oaxaca-estados","category-todo-oaxaca-radio"],"jetpack_featured_media_url":"http:\/\/www.eloriente.net\/home\/wp-content\/uploads\/2015\/01\/CECAD-UABJO.jpg","jetpack_sharing_enabled":true,"_links":{"self":[{"href":"http:\/\/www.eloriente.net\/home\/wp-json\/wp\/v2\/posts\/46100"}],"collection":[{"href":"http:\/\/www.eloriente.net\/home\/wp-json\/wp\/v2\/posts"}],"about":[{"href":"http:\/\/www.eloriente.net\/home\/wp-json\/wp\/v2\/types\/post"}],"author":[{"embeddable":true,"href":"http:\/\/www.eloriente.net\/home\/wp-json\/wp\/v2\/users\/1"}],"replies":[{"embeddable":true,"href":"http:\/\/www.eloriente.net\/home\/wp-json\/wp\/v2\/comments?post=46100"}],"version-history":[{"count":2,"href":"http:\/\/www.eloriente.net\/home\/wp-json\/wp\/v2\/posts\/46100\/revisions"}],"predecessor-version":[{"id":46102,"href":"http:\/\/www.eloriente.net\/home\/wp-json\/wp\/v2\/posts\/46100\/revisions\/46102"}],"wp:featuredmedia":[{"embeddable":true,"href":"http:\/\/www.eloriente.net\/home\/wp-json\/wp\/v2\/media\/35112"}],"wp:attachment":[{"href":"http:\/\/www.eloriente.net\/home\/wp-json\/wp\/v2\/media?parent=46100"}],"wp:term":[{"taxonomy":"category","embeddable":true,"href":"http:\/\/www.eloriente.net\/home\/wp-json\/wp\/v2\/categories?post=46100"},{"taxonomy":"post_tag","embeddable":true,"href":"http:\/\/www.eloriente.net\/home\/wp-json\/wp\/v2\/tags?post=46100"}],"curies":[{"name":"wp","href":"https:\/\/api.w.org\/{rel}","templated":true}]}}