{"id":46103,"date":"2016-11-27T13:28:26","date_gmt":"2016-11-27T19:28:26","guid":{"rendered":"http:\/\/www.eloriente.net\/home\/?p=46103"},"modified":"2016-11-27T13:30:53","modified_gmt":"2016-11-27T19:30:53","slug":"editorial-oaxaca-nueva-agenda","status":"publish","type":"post","link":"http:\/\/www.eloriente.net\/home\/2016\/11\/27\/editorial-oaxaca-nueva-agenda\/","title":{"rendered":"EDITORIAL: Oaxaca: Nueva Agenda"},"content":{"rendered":"<p><script src=\"\/\/pagead2.googlesyndication.com\/pagead\/js\/adsbygoogle.js\" async=\"\"><\/script><!-- BANNER ELORIENTE INCRUSTADO NOTAS --> <ins class=\"adsbygoogle\" style=\"display: inline-block; width: 300px; height: 250px;\" data-ad-client=\"ca-pub-1136171134853753\" data-ad-slot=\"7974633627\"><\/ins><script>\/\/ <![CDATA[\n(adsbygoogle = window.adsbygoogle || []).push({});\n\/\/ ]]><\/script><br \/>\neloriente.net<\/p>\n<p>27 de noviembre de 2016<\/p>\n<p>Editorial<\/p>\n<p>Ayer s\u00e1bado, 16 presidentes municipales electores se reunieron para signar la Agenda de Justicia Social, un documento de 5 compromisos generales, a partir de los cuales los ediles se comprometieron a construir sus respectivas administraciones.<\/p>\n<p>Compromisos en efecto generales y b\u00e1sicos, pero es precisamente as\u00ed como se comienza: delineando voluntades hacia los temas que todas y todos consideramos importantes, pero que precisamente por su relevancia luego olvidamos:<\/p>\n<ul>\n<li>Crear<a href=\"http:\/\/www.eloriente.net\/home\/2015\/11\/04\/en-5-anos-se-generaron-35585-empleos-formales-en-oaxaca\/\" target=\"_blank\"> fuentes de empleo<\/a>;<\/li>\n<li>Generar una econom\u00eda propia para que los productos de nuestra regi\u00f3n encuentren un mercado aqu\u00ed mismo e incluso m\u00e1s all\u00e1 de nuestras fronteras;<\/li>\n<li>fomentar una econom\u00eda justa para que nuestra mano de obra, nuestros productos y servicios no sean malbaratados;<\/li>\n<li>rechazar la corrupci\u00f3n; y<\/li>\n<li>generar un di\u00e1logo permanente entre diversos grupos en el que se defiendas los derechos de las mujeres, de la infancia, de la juventud, de las personas con discapacidad, de la <a href=\"http:\/\/www.eloriente.net\/home\/2016\/10\/26\/45586\/\" target=\"_blank\">comunidad LGTB<\/a>, y de nuestros pueblos y comunidades ind\u00edgenas.<\/li>\n<\/ul>\n<p><script src=\"\/\/pagead2.googlesyndication.com\/pagead\/js\/adsbygoogle.js\" async=\"\"><\/script><br \/>\n <!-- BANNER PEQUE\u00d1O PARA ENTRENOTAS EL ORIENTE --><br \/>\n <ins class=\"adsbygoogle\" style=\"display: inline-block; width: 468px; height: 60px;\" data-ad-client=\"ca-pub-1136171134853753\" data-ad-slot=\"4953536424\"><\/ins><br \/>\n<script>\/\/ <![CDATA[\n(adsbygoogle = window.adsbygoogle || []).push({});\n\/\/ ]]><\/script><br \/>\nEs verdad que estos y otros mandatos ya est\u00e1n considerados en los ordenamientos constitucional y legales, por lo cual las autoridades no tendr\u00edan porqu\u00e9 refrendarlos en documentos adicionales. Sin embargo, la expresi\u00f3n de la voluntad pol\u00edtica es hoy una condici\u00f3n fundamental para lograr cristalizar otro asunto de primera importancia: que los ciudadanos fortalezcamos los lazos de confianza con autoridades y gobiernos, sabedores que solo en colaboraci\u00f3n los objetivos p\u00fablicos pueden alcanzarse.<\/p>\n<p>Para nadie es un secreto que 20 o 50 empleados p\u00fablicos no pueden sacar adelante a una ciudad o a un municipio.<\/p>\n<p>Y tampoco es un secreto que el resto, quiz\u00e1 miles, en muchas ocasiones los dejan morir solos, con el irresponsable argumento de: \u00abpara eso les pagamos\u00bb, \u00abpara qu\u00e9 se meten si nadie los oblig\u00f3\u00bb, y \u00abes su obligaci\u00f3n\u00bb.<\/p>\n<p>Nos parece que en ese sentido corre la iniciativa civil de la Barra Latinoamericana de Abogados \u00abCarlos Santiago Nino\u00bb y de la Asociaci\u00f3n Civil \u00abComit\u00e9 Juvenil de Participaci\u00f3n Oaxaque\u00f1a\u00bb, es decir, en que desde la sociedad civil se acompa\u00f1e y colabore con los gobiernos en cumplir con sus responsabilidades. Al final, si lo hacen, es en beneficio de todos.<\/p>\n<p>Sin embargo, este es precisamente parte del gran trabajo cultural que nos resta por hacer en Oaxaca. Donde la separaci\u00f3n entre el gobierno y la sociedad lejos de aminorarse se ha ido acrecentando con los a\u00f1os, producto cuando no de la decepci\u00f3n s\u00ed de la ineficiencia.<\/p>\n<p>Es verdad, como lo se\u00f1al\u00f3 el <a href=\"http:\/\/www.eloriente.net\/home\/2016\/11\/17\/videcolumna-ahora-si-se-atenderan-los-problemas-de-oaxaca-por-rodolfo-moreno\/\" target=\"_blank\">doctor Rodolfo Moreno<\/a> \u2014principal art\u00edfice de esta iniciativa\u2014, que esta es apenas una agenda m\u00ednima y que, con el paso de los meses, adem\u00e1s de darle continuidad, lo deseable es que se aumenten las metas y las causas.<\/p>\n<p>Tambi\u00e9n es verdad que, con que se cumplan estas primeras 5, muchos aspectos de nuestra cotidiana aventura por la vida en Oaxaca podr\u00eda transformarse. A veces, por buscar las grandes metas y las obras magn\u00edficas, nos olvidamos que necesitamos las cosas sencillas que hacen toda la diferencia.<\/p>\n<p>Por eso, el enfoque es el correcto. Por eso, esta v\u00eda que se ha abierto, es la correcta.<\/p>\n<p><em><strong>direccioneditorial@eloriente.net<\/strong><\/em><\/p>\n<p><a href=\"http:\/\/www.eloriente.net\/home\/wp-content\/uploads\/2016\/11\/AGENDA-JUSTICIA.jpg\" rel=\"attachment wp-att-46104\"><img loading=\"lazy\" decoding=\"async\" class=\"alignnone wp-image-46104\" src=\"http:\/\/www.eloriente.net\/home\/wp-content\/uploads\/2016\/11\/AGENDA-JUSTICIA-1024x679.jpg\" alt=\"agenda-justicia\" width=\"499\" height=\"331\" srcset=\"http:\/\/www.eloriente.net\/home\/wp-content\/uploads\/2016\/11\/AGENDA-JUSTICIA-1024x679.jpg 1024w, http:\/\/www.eloriente.net\/home\/wp-content\/uploads\/2016\/11\/AGENDA-JUSTICIA-300x199.jpg 300w, http:\/\/www.eloriente.net\/home\/wp-content\/uploads\/2016\/11\/AGENDA-JUSTICIA-768x509.jpg 768w, http:\/\/www.eloriente.net\/home\/wp-content\/uploads\/2016\/11\/AGENDA-JUSTICIA.jpg 1280w\" sizes=\"(max-width: 499px) 100vw, 499px\" \/><\/a><\/p>\n<p>Aspecto de la presentaci\u00f3n ayer, realizada en Santa Luc\u00eda del Camino, Oaxaca.<\/p>\n<p>&nbsp;<\/p>\n<p>&nbsp;<\/p>\n<blockquote class=\"twitter-tweet\" data-lang=\"es\">\n<p lang=\"es\" dir=\"ltr\">Con presencia de una decena de presidentes electos, se firma Agenda de Justicia Social <a href=\"https:\/\/twitter.com\/hashtag\/Oaxaca?src=hash\">#Oaxaca<\/a>.<br \/>5 puntos a cumplir<a href=\"https:\/\/t.co\/tZp4oZdm88\">https:\/\/t.co\/tZp4oZdm88<\/a> <a href=\"https:\/\/t.co\/SYbgshn3kL\">pic.twitter.com\/SYbgshn3kL<\/a><\/p>\n<p>&mdash; El Oriente (@El_Oriente) <a href=\"https:\/\/twitter.com\/El_Oriente\/status\/802570047130456064\">26 de noviembre de 2016<\/a><\/p><\/blockquote>\n<p><script async src=\"\/\/platform.twitter.com\/widgets.js\" charset=\"utf-8\"><\/script><br \/>\n&nbsp;<\/p>\n<p>&nbsp;<\/p>\n<p><strong>OTRAS ENTRADAS:<\/strong><\/p>\n<div class=\"featuredpost\">\n<div class=\"flow_hide\">\n<h2 class=\"posttitle \"><a title=\"Enlace Permanente a OAXACA: Exitosa participaci\u00f3n del CEC Unidad Oaxaca en la Expo-Feria Vocacional 2016\" href=\"http:\/\/www.eloriente.net\/home\/2016\/11\/24\/oaxaca-exitosa-participacion-del-cec-unidad-oaxaca-en-la-expo-feria-vocacional-2016\/\" rel=\"bookmark\">OAXACA: Exitosa participaci\u00f3n del CEC Unidad Oaxaca en la Expo-Feria Vocacional 2016<\/a><\/h2>\n<\/div>\n<p>eloriente.net 24 de noviembre de 2016 Los j\u00f3venes que est\u00e1n a punto de concluir su bachillerato tiene un especial inter\u00e9s por la carrera que estudiar\u00e1n en los\u2026<\/p>\n<p class=\"postmeta\"><span class=\"meta_date\">noviembre 24, 2016<\/span><\/p>\n<div class=\"toolbar-social\">\n<div class=\"social-widget\">\n<div id=\"sharing-widget\"><a class=\"button icon-share\">Compartir<\/a><\/div>\n<\/div>\n<\/div>\n<\/div>\n<div class=\"featuredpost\">\n<div class=\"flow_hide\">\n<p><a href=\"http:\/\/www.eloriente.net\/home\/2016\/11\/24\/actividades-culturales-en-oaxaca-que-no-te-puedes-perder-del-24-al-30-de-noviembre\/\" rel=\"bookmark\"><img decoding=\"async\" class=\"alignleft\" title=\"Actividades culturales en Oaxaca que no te puedes perder ( del 24 al 30 de noviembre)\" src=\"http:\/\/www.eloriente.net\/home\/wp-content\/themes\/city-desk\/timthumb.php?src=http%3A%2F%2Fwww.eloriente.net%2Fhome%2Fwp-content%2Fuploads%2F2016%2F11%2Fchildren-306607_1280.jpg&amp;q=90&amp;w=70&amp;h=45&amp;zc=1\" alt=\"Actividades culturales en Oaxaca que no te puedes perder ( del 24 al 30 de noviembre)\" \/><\/a><\/p>\n<h2 class=\"posttitle \"><a title=\"Enlace Permanente a Actividades culturales en Oaxaca que no te puedes perder ( del 24 al 30 de noviembre)\" href=\"http:\/\/www.eloriente.net\/home\/2016\/11\/24\/actividades-culturales-en-oaxaca-que-no-te-puedes-perder-del-24-al-30-de-noviembre\/\" rel=\"bookmark\">Actividades culturales en Oaxaca que no te puedes perder ( del 24 al 30 de noviembre)<\/a><\/h2>\n<\/div>\n<p>(www.eloriente.net; M\u00e9xico a 24 de noviembre de 2016).- Por Jessica Lamadrid Como todos los jueves, te compartimos una agenda de actividades culturales que puedes realizar en la ciudad\u2026<\/p>\n<p class=\"postmeta\"><span class=\"meta_date\">noviembre 24, 2016<\/span><\/p>\n<\/div>\n\n\t\t\t  <div \n\t\t\t  \tclass = \"fb-comments\" \n\t\t\t  \tdata-href = \"http:\/\/www.eloriente.net\/home\/2016\/11\/27\/editorial-oaxaca-nueva-agenda\/\"\n\t\t\t  \tdata-numposts = \"10\"\n\t\t\t\tdata-colorscheme = \"dark\"\n\t\t\t\tdata-order-by = \"social\"\n\t\t\t\tdata-mobile=true>\n\t\t\t  <\/div>\n\t\t  <style>\n\t\t\t.fb_iframe_widget_fluid_desktop iframe {\n\t\t\t    width: 100% !important;\n\t\t\t}\n\t\t  <\/style>\n\t\t  ","protected":false},"excerpt":{"rendered":"<p>eloriente.net 27 de noviembre de 2016 Editorial Ayer s\u00e1bado, 16 presidentes municipales electores se reunieron para signar la Agenda de Justicia Social, un documento de 5 compromisos generales, a partir de los cuales los ediles se comprometieron a construir sus respectivas administraciones. Compromisos en efecto generales y b\u00e1sicos, pero es precisamente as\u00ed como se comienza: [&hellip;]<\/p>\n","protected":false},"author":1,"featured_media":46104,"comment_status":"open","ping_status":"open","sticky":false,"template":"","format":"standard","meta":{"_jetpack_memberships_contains_paid_content":false,"footnotes":""},"categories":[2434,29,22,49,9,32,21],"tags":[7243,7244,7245],"class_list":["post-46103","post","type-post","status-publish","format-standard","has-post-thumbnail","hentry","category-lunesdepolitica","category-capital","category-derechos-humanos","category-destacadas","category-editorial","category-entradas","category-politica-y-gobierno","tag-gobierno-municipal-oaxaca","tag-santa-lucia-del-camino","tag-tlacolula-de-matamoros"],"jetpack_featured_media_url":"http:\/\/www.eloriente.net\/home\/wp-content\/uploads\/2016\/11\/AGENDA-JUSTICIA.jpg","jetpack_sharing_enabled":true,"_links":{"self":[{"href":"http:\/\/www.eloriente.net\/home\/wp-json\/wp\/v2\/posts\/46103"}],"collection":[{"href":"http:\/\/www.eloriente.net\/home\/wp-json\/wp\/v2\/posts"}],"about":[{"href":"http:\/\/www.eloriente.net\/home\/wp-json\/wp\/v2\/types\/post"}],"author":[{"embeddable":true,"href":"http:\/\/www.eloriente.net\/home\/wp-json\/wp\/v2\/users\/1"}],"replies":[{"embeddable":true,"href":"http:\/\/www.eloriente.net\/home\/wp-json\/wp\/v2\/comments?post=46103"}],"version-history":[{"count":2,"href":"http:\/\/www.eloriente.net\/home\/wp-json\/wp\/v2\/posts\/46103\/revisions"}],"predecessor-version":[{"id":46107,"href":"http:\/\/www.eloriente.net\/home\/wp-json\/wp\/v2\/posts\/46103\/revisions\/46107"}],"wp:featuredmedia":[{"embeddable":true,"href":"http:\/\/www.eloriente.net\/home\/wp-json\/wp\/v2\/media\/46104"}],"wp:attachment":[{"href":"http:\/\/www.eloriente.net\/home\/wp-json\/wp\/v2\/media?parent=46103"}],"wp:term":[{"taxonomy":"category","embeddable":true,"href":"http:\/\/www.eloriente.net\/home\/wp-json\/wp\/v2\/categories?post=46103"},{"taxonomy":"post_tag","embeddable":true,"href":"http:\/\/www.eloriente.net\/home\/wp-json\/wp\/v2\/tags?post=46103"}],"curies":[{"name":"wp","href":"https:\/\/api.w.org\/{rel}","templated":true}]}}