{"id":46124,"date":"2016-11-28T14:04:44","date_gmt":"2016-11-28T20:04:44","guid":{"rendered":"http:\/\/www.eloriente.net\/home\/?p=46124"},"modified":"2016-11-28T14:21:59","modified_gmt":"2016-11-28T20:21:59","slug":"videocolumna-las-comparecencias-la-falta-transparencia-alejandro-cruz-pimentel","status":"publish","type":"post","link":"http:\/\/www.eloriente.net\/home\/2016\/11\/28\/videocolumna-las-comparecencias-la-falta-transparencia-alejandro-cruz-pimentel\/","title":{"rendered":"VIDEOCOLUMNA: Las comparecencias y la falta de transparencia. Por Alejandro Cruz Pimentel"},"content":{"rendered":"<p><script src=\"\/\/pagead2.googlesyndication.com\/pagead\/js\/adsbygoogle.js\" async=\"\"><\/script><!-- BANNER ELORIENTE INCRUSTADO NOTAS --> <ins class=\"adsbygoogle\" style=\"display: inline-block; width: 300px; height: 250px;\" data-ad-client=\"ca-pub-1136171134853753\" data-ad-slot=\"7974633627\"><\/ins><script>\/\/ <![CDATA[\n(adsbygoogle = window.adsbygoogle || []).push({});\n\/\/ ]]><\/script><\/p>\n<p>&nbsp;<\/p>\n<p>eloriente.net<\/p>\n<p>28 de noviembre de 2016<\/p>\n<p>\u00abHan iniciado las comparecencias de los servidores p\u00fablicos del gobierno que concluye. Ha sido una pasarela con informes a modo para que los diputados hagan como que cuestionan.<\/p>\n<p>Sus posicionamientos no han sido certeros, mas bien estridentes, carecen de informaci\u00f3n veraz, confiable y sobre todo, informaci\u00f3n p\u00fablica.\u00bb<\/p>\n<p><a id=\"js_kqt\" class=\"profileLink\" href=\"https:\/\/www.facebook.com\/acruzpi68\" data-hovercard=\"\/ajax\/hovercard\/user.php?id=100001021602250\" data-hovercard-prefer-more-content-show=\"1\">Alejandro S Cruz Pimentel<\/a> analiza las comparencias de los servidores p\u00fablicos de Oaxaca y nos explica c\u00f3mo la falta de transparencia en la informaci\u00f3n impide que<span class=\"text_exposed_show\"> est\u00e1s se desarrollen de la manera id\u00f3nea.<\/span><\/p>\n<p><iframe loading=\"lazy\" style=\"border: none; overflow: hidden;\" src=\"https:\/\/www.facebook.com\/plugins\/video.php?href=https%3A%2F%2Fwww.facebook.com%2F443535572345554%2Fvideos%2F1355515407814228%2F&amp;show_text=0&amp;width=560\" width=\"560\" height=\"315\" frameborder=\"0\" scrolling=\"no\" allowfullscreen=\"allowfullscreen\"><\/iframe><\/p>\n<p><script src=\"\/\/pagead2.googlesyndication.com\/pagead\/js\/adsbygoogle.js\" async=\"\"><\/script><!-- BANNER PEQUE\u00d1O PARA ENTRENOTAS EL ORIENTE --> <ins class=\"adsbygoogle\" style=\"display: inline-block; width: 468px; height: 60px;\" data-ad-client=\"ca-pub-1136171134853753\" data-ad-slot=\"4953536424\"><\/ins><script>\/\/ <![CDATA[\n(adsbygoogle = window.adsbygoogle || []).push({});\n\/\/ ]]><\/script><\/p>\n<p>Alejandro Cruz Pimentel es egresado del Instituto Tecnol\u00f3gico de Oaxaca. Cuenta con el grado de Licenciatura de Ingeniero Industrial y Maestr\u00eda en Planificaci\u00f3n de Empresas y Desarrollo Regional.<\/p>\n<p>Ha laborado durante dos d\u00e9cadas en la administraci\u00f3n p\u00fablica.<\/p>\n<p>Cuenta con distintos Diplomados en Gobierno Abierto y Participativo; en Pol\u00edticas P\u00fablicas y Evaluaci\u00f3n; Administraci\u00f3n Municipal. Adem\u00e1s ha asistido a Seminarios Internacionales de Transparencia, Acceso a la Informaci\u00f3n y Combate a la corrupci\u00f3n. \u00a0Es consultor en obra p\u00fablica y adquisiciones gubernamentales.\u00a0Colaborador en varios medios de opini\u00f3n.\u00a0Profesor en la Maestr\u00eda de Gobierno y Pol\u00edticas P\u00fablicas en la Universidad Vasconcelos (UNIVAS).<\/p>\n<p><a href=\"http:\/\/www.eloriente.net\/home\/wp-content\/uploads\/2016\/11\/ALEJANDRO-CRUZ-27-DE-NOVIEMBRE.jpg\" rel=\"attachment wp-att-46125\"><img loading=\"lazy\" decoding=\"async\" class=\"alignnone wp-image-46125\" src=\"http:\/\/www.eloriente.net\/home\/wp-content\/uploads\/2016\/11\/ALEJANDRO-CRUZ-27-DE-NOVIEMBRE.jpg\" alt=\"alejandro-cruz-27-de-noviembre\" width=\"601\" height=\"338\" srcset=\"http:\/\/www.eloriente.net\/home\/wp-content\/uploads\/2016\/11\/ALEJANDRO-CRUZ-27-DE-NOVIEMBRE.jpg 1920w, http:\/\/www.eloriente.net\/home\/wp-content\/uploads\/2016\/11\/ALEJANDRO-CRUZ-27-DE-NOVIEMBRE-300x169.jpg 300w, http:\/\/www.eloriente.net\/home\/wp-content\/uploads\/2016\/11\/ALEJANDRO-CRUZ-27-DE-NOVIEMBRE-768x432.jpg 768w, http:\/\/www.eloriente.net\/home\/wp-content\/uploads\/2016\/11\/ALEJANDRO-CRUZ-27-DE-NOVIEMBRE-1024x576.jpg 1024w\" sizes=\"(max-width: 601px) 100vw, 601px\" \/><\/a><\/p>\n<p><strong>OTRAS VIDEOCOLUMNAS<\/strong><\/p>\n<div id=\"post-46121\" class=\"entry loop-default border_bottom_30 post-46121 post type-post status-publish format-standard has-post-thumbnail hentry category-canal-1-tu-aula category-educacion-y-cultura category-entradas category-estados category-historia category-oaxaca-estados category-salvador-siguenza-orozco category-videoblogs tag-historia tag-jose-maria-morelos tag-morelos tag-oaxaca tag-salvador-siguenza-orozco tag-videocolumna\">\n<h2 class=\"entry_title\"><a title=\"Enlace Permanente a VIDEOCOLUMNA: La presencia de Morelos en Oaxaca. Por Salvador Sig\u00fcenza\" href=\"http:\/\/www.eloriente.net\/home\/2016\/11\/28\/videocolumna-la-presencia-morelos-oaxaca-salvador-siguenza\/\" rel=\"bookmark\">VIDEOCOLUMNA: La presencia de Morelos en Oaxaca. Por Salvador Sig\u00fcenza<\/a><\/h2>\n<p><a href=\"http:\/\/www.eloriente.net\/home\/2016\/11\/28\/videocolumna-la-presencia-morelos-oaxaca-salvador-siguenza\/\" rel=\"bookmark\"><img decoding=\"async\" class=\"alignleft\" title=\"VIDEOCOLUMNA: La presencia de Morelos en Oaxaca. Por Salvador Sig\u00fcenza\" src=\"http:\/\/www.eloriente.net\/home\/wp-content\/themes\/city-desk\/timthumb.php?src=http%3A%2F%2Fwww.eloriente.net%2Fhome%2Fwp-content%2Fuploads%2F2016%2F11%2FSALVADOR-SIGUENZA-25-DE-NOVIEMBRE.jpg&amp;q=90&amp;w=160&amp;h=106&amp;zc=1\" alt=\"VIDEOCOLUMNA: La presencia de Morelos en Oaxaca. Por Salvador Sig\u00fcenza\" \/><\/a>\u00a0 eloriente.net 28 de noviembre de 2016 En esta ocasi\u00f3n Salvador Sig\u00fcenza nos platica del impacto que tuvo Jos\u00e9 Mar\u00eda Morelos durante su estancia en Oaxaca. Salvador, entre otras cosas, es Profesor-Investigador del CIESAS Pac\u00edfico Sur (Centro de Investigaciones y Estudios Superiores en Antropolog\u00eda Social Unidad Pac\u00edfico Sur); Doctor en Historia por la Universidad Complutense [\u2026]<\/p>\n<div class=\"toolbar-social\"><\/div>\n<p class=\"postmeta\"><span class=\"meta_date\">noviembre 28, 2016<\/span><\/p>\n<p class=\"postmeta\">\n<\/div>\n<div id=\"post-46118\" class=\"entry loop-default border_bottom_30 post-46118 post type-post status-publish format-standard has-post-thumbnail hentry category-entradas category-salud-y-estilo-de-vida category-gerardo-castellanos category-lo-mas-reciente category-turismo-y-negocios category-videoblogs tag-gerardo-castellanos tag-negocios tag-superacion-profesional tag-videocolumna-contadores\">\n<h2 class=\"entry_title\"><a title=\"Enlace Permanente a VIDEOCOLUMNA: Superaci\u00f3n profesional constante. Por Gerardo Castellanos\" href=\"http:\/\/www.eloriente.net\/home\/2016\/11\/28\/videocolumna-superacion-profesional-constante-gerardo-castellanos\/\" rel=\"bookmark\">VIDEOCOLUMNA: Superaci\u00f3n profesional constante. Por Gerardo Castellanos<\/a><\/h2>\n<p><a href=\"http:\/\/www.eloriente.net\/home\/2016\/11\/28\/videocolumna-superacion-profesional-constante-gerardo-castellanos\/\" rel=\"bookmark\"><img decoding=\"async\" class=\"alignleft\" title=\"VIDEOCOLUMNA: Superaci\u00f3n profesional constante. Por Gerardo Castellanos\" src=\"http:\/\/www.eloriente.net\/home\/wp-content\/themes\/city-desk\/timthumb.php?src=http%3A%2F%2Fwww.eloriente.net%2Fhome%2Fwp-content%2Fuploads%2F2016%2F11%2FGERARDO-CASTELLANOS-25-DE-NOVIEMBRE.jpg&amp;q=90&amp;w=160&amp;h=106&amp;zc=1\" alt=\"VIDEOCOLUMNA: Superaci\u00f3n profesional constante. Por Gerardo Castellanos\" \/><\/a>\u00a0 eloriente.net 28 de noviembre de 2016 Esta semana Gerardo Felipe Castellanos nos explica, utilizando a los contadores como ejemplo, por qu\u00e9 es importante la superaci\u00f3n profesional continua. Gerardo Castellanos es ensayista y estudioso de la historia de la Villa de Santa Mar\u00eda Oaxaca. Particip\u00f3 en el programa de la Historia Secreta de Oaxaca para\u00a0el [\u2026]<\/p>\n<div class=\"toolbar-social\"><\/div>\n<p class=\"postmeta\"><span class=\"meta_date\">noviembre 28, 2016<\/span><\/p>\n<p class=\"postmeta\">\n<\/div>\n<div id=\"post-46072\" class=\"entry loop-default border_bottom_30 post-46072 post type-post status-publish format-standard has-post-thumbnail hentry category-salud-y-estilo-de-vida category-lo-mas-reciente category-salud category-ursula-woolrich category-videoblogs tag-bienestar tag-dependencia tag-salud-2 tag-trampas-vitales tag-ursula-woolrich tag-videocolumna\">\n<h2 class=\"entry_title\"><a title=\"Enlace Permanente a VIDEOCOLUMNA: La trampa vital de la dependencia. Por \u00darsula Woolrich\" href=\"http:\/\/www.eloriente.net\/home\/2016\/11\/24\/videocolumna-la-trampa-vital-de-la-dependencia-por-ursula-woolrich\/\" rel=\"bookmark\">VIDEOCOLUMNA: La trampa vital de la dependencia. Por \u00darsula Woolrich<\/a><\/h2>\n<p><a href=\"http:\/\/www.eloriente.net\/home\/2016\/11\/24\/videocolumna-la-trampa-vital-de-la-dependencia-por-ursula-woolrich\/\" rel=\"bookmark\"><img decoding=\"async\" class=\"alignleft\" title=\"VIDEOCOLUMNA: La trampa vital de la dependencia. Por \u00darsula Woolrich\" src=\"http:\/\/www.eloriente.net\/home\/wp-content\/themes\/city-desk\/timthumb.php?src=http%3A%2F%2Fwww.eloriente.net%2Fhome%2Fwp-content%2Fuploads%2F2016%2F11%2FU%CC%81RSULA-WOOLRICH-24-DE-NOVIEMBRE.jpg&amp;q=90&amp;w=160&amp;h=106&amp;zc=1\" alt=\"VIDEOCOLUMNA: La trampa vital de la dependencia. Por \u00darsula Woolrich\" \/><\/a>\u00a0 eloriente.net 24 de noviembre de 2016 La Psic\u00f3loga Ursula Woolrich nos contin\u00faa explicando las trampas vitales y c\u00f3mo combatirlas. En esta ocasi\u00f3n nos presenta la trampa vital de la dependencia \u00darsula Woolrich es Psic\u00f3loga con estudios de maestr\u00eda en educaci\u00f3n superior. Diplomada en programaci\u00f3n neuroling\u00fc\u00edstica, docente y conferencista OTRAS VIDEOCOLUMNAS VIDEOCOLUMNA: Sobre la educaci\u00f3n [\u2026]<\/p>\n<\/div>\n\n\t\t\t  <div \n\t\t\t  \tclass = \"fb-comments\" \n\t\t\t  \tdata-href = \"http:\/\/www.eloriente.net\/home\/2016\/11\/28\/videocolumna-las-comparecencias-la-falta-transparencia-alejandro-cruz-pimentel\/\"\n\t\t\t  \tdata-numposts = \"10\"\n\t\t\t\tdata-colorscheme = \"dark\"\n\t\t\t\tdata-order-by = \"social\"\n\t\t\t\tdata-mobile=true>\n\t\t\t  <\/div>\n\t\t  <style>\n\t\t\t.fb_iframe_widget_fluid_desktop iframe {\n\t\t\t    width: 100% !important;\n\t\t\t}\n\t\t  <\/style>\n\t\t  ","protected":false},"excerpt":{"rendered":"<p>&nbsp; eloriente.net 28 de noviembre de 2016 \u00abHan iniciado las comparecencias de los servidores p\u00fablicos del gobierno que concluye. Ha sido una pasarela con informes a modo para que los diputados hagan como que cuestionan. Sus posicionamientos no han sido certeros, mas bien estridentes, carecen de informaci\u00f3n veraz, confiable y sobre todo, informaci\u00f3n p\u00fablica.\u00bb Alejandro [&hellip;]<\/p>\n","protected":false},"author":36,"featured_media":46125,"comment_status":"open","ping_status":"open","sticky":false,"template":"","format":"standard","meta":{"_jetpack_memberships_contains_paid_content":false,"footnotes":""},"categories":[2829,6243,11,91,32,63,464,21,98],"tags":[4190,246,314,249,7251],"class_list":["post-46124","post","type-post","status-publish","format-standard","has-post-thumbnail","hentry","category-alejandro-cruz-pimentel","category-alejandro-cruz-pimentel-videoblogs","category-colaboradores","category-congreso-y-justicia","category-entradas","category-estados","category-oaxaca-estados","category-politica-y-gobierno","category-videoblogs","tag-alejandro-cruz-pimentel","tag-congreso","tag-informacion","tag-transparencia","tag-videocolumna-comparecencias"],"jetpack_featured_media_url":"http:\/\/www.eloriente.net\/home\/wp-content\/uploads\/2016\/11\/ALEJANDRO-CRUZ-27-DE-NOVIEMBRE.jpg","jetpack_sharing_enabled":true,"_links":{"self":[{"href":"http:\/\/www.eloriente.net\/home\/wp-json\/wp\/v2\/posts\/46124"}],"collection":[{"href":"http:\/\/www.eloriente.net\/home\/wp-json\/wp\/v2\/posts"}],"about":[{"href":"http:\/\/www.eloriente.net\/home\/wp-json\/wp\/v2\/types\/post"}],"author":[{"embeddable":true,"href":"http:\/\/www.eloriente.net\/home\/wp-json\/wp\/v2\/users\/36"}],"replies":[{"embeddable":true,"href":"http:\/\/www.eloriente.net\/home\/wp-json\/wp\/v2\/comments?post=46124"}],"version-history":[{"count":1,"href":"http:\/\/www.eloriente.net\/home\/wp-json\/wp\/v2\/posts\/46124\/revisions"}],"predecessor-version":[{"id":46126,"href":"http:\/\/www.eloriente.net\/home\/wp-json\/wp\/v2\/posts\/46124\/revisions\/46126"}],"wp:featuredmedia":[{"embeddable":true,"href":"http:\/\/www.eloriente.net\/home\/wp-json\/wp\/v2\/media\/46125"}],"wp:attachment":[{"href":"http:\/\/www.eloriente.net\/home\/wp-json\/wp\/v2\/media?parent=46124"}],"wp:term":[{"taxonomy":"category","embeddable":true,"href":"http:\/\/www.eloriente.net\/home\/wp-json\/wp\/v2\/categories?post=46124"},{"taxonomy":"post_tag","embeddable":true,"href":"http:\/\/www.eloriente.net\/home\/wp-json\/wp\/v2\/tags?post=46124"}],"curies":[{"name":"wp","href":"https:\/\/api.w.org\/{rel}","templated":true}]}}