{"id":46136,"date":"2016-11-29T05:15:09","date_gmt":"2016-11-29T11:15:09","guid":{"rendered":"http:\/\/www.eloriente.net\/home\/?p=46136"},"modified":"2016-12-06T16:16:35","modified_gmt":"2016-12-06T22:16:35","slug":"5-vacantes-docencia-martesdevacantes","status":"publish","type":"post","link":"http:\/\/www.eloriente.net\/home\/2016\/11\/29\/5-vacantes-docencia-martesdevacantes\/","title":{"rendered":"5 Vacantes en Docencia #MartesDeVacantes"},"content":{"rendered":"<p><script src=\"\/\/pagead2.googlesyndication.com\/pagead\/js\/adsbygoogle.js\" async=\"\"><\/script><!-- BANNER ELORIENTE INCRUSTADO NOTAS --> <ins class=\"adsbygoogle\" style=\"display: inline-block; width: 300px; height: 250px;\" data-ad-client=\"ca-pub-1136171134853753\" data-ad-slot=\"7974633627\"><\/ins><script>\/\/ <![CDATA[\n(adsbygoogle = window.adsbygoogle || []).push({});\n\/\/ ]]><\/script><\/p>\n<p>&nbsp;<\/p>\n<p>(www.eloriente.net, M\u00e9xico, a 29 de novibre de 2016).- Conscientes de la importancia para la ciudadan\u00eda en general de la b\u00fasqueda de nuevas oportunidades de crecimiento profesional, ponemos a tu disposici\u00f3n semanalmente ofertas de empleo disponibles por profesi\u00f3n en cualquier parte de M\u00e9xico y del mundo o, cuando as\u00ed lo amerita, exclusivamente en Oaxaca.<\/p>\n<p>En esta ocasi\u00f3n, ELORIENTE.NET comparte cinco vacantes en Docencia.<\/p>\n<p>Si deseas aplicar para alguna de las vacantes, deber\u00e1s darle clic al t\u00edtulo de esta y te llevar\u00e1 al sitio que te pondr\u00e1 en contacto con los empleadores. No olvides comentar que la oportunidad la has encontrado con nosotros en el Martes de Vacantes de ELORIENTE.NET. \u00a1\u00c9xito!<\/p>\n<p><a href=\"http:\/\/www.empleo.gob.mx\/2722670-oferta-de-empleo-de-asistente-educativo-mis-anos-maravillosos\" target=\"_blank\"><strong>1.- ASISTENTE EDUCATIVO<\/strong><\/a><\/p>\n<p><strong>Escolaridad:<\/strong> Licenciatura en Pedagog\u00eda, Carrera t\u00e9cnica en Educaci\u00f3n<\/p>\n<p><strong>G\u00e9nero:<\/strong> Indistinto<\/p>\n<p><strong>Requisitos:<\/strong> Experiencia m\u00ednima de un a\u00f1o. Contar diploma o certificado. Capacidad de trabajar en equipo. Adaptaci\u00f3n al cambio.<\/p>\n<p><strong>Funciones:<\/strong> Actividades asistenciales y formativas con los menores<\/p>\n<p><strong>Salario:<\/strong> $3300 mensuales<\/p>\n<p><strong>Horario:<\/strong> Lunes a viernes de 9:00 a 17:00 horas<\/p>\n<p><a href=\"https:\/\/www.computrabajo.com.mx\/ofertas-de-trabajo\/oferta-de-trabajo-de-asesor-en-psicopedagogia-en-oaxaca-de-juarez-E9E6C14B9A5EBA6A\"><strong>2.- ASESOR EN PSICOPEDAGOG\u00cdA<\/strong><\/a><\/p>\n<p><strong>Escolaridad:<\/strong> Licenciatura en Psicopedagog\u00eda o Pedagog\u00eda<\/p>\n<p><strong>G\u00e9nero:<\/strong> Indistinto<\/p>\n<p><strong>Requisitos:<\/strong> Edad de 30 a 35 a\u00f1os. Contar con c\u00e9dula profesional. Carta de recomendaci\u00f3n laboral en el \u00e1rea educativa. Buen manejo de la paqueter\u00eda de Office y computaci\u00f3n en general.<\/p>\n<p><strong>Funciones:<\/strong> Guiar las funciones de evaluaci\u00f3n, intervenci\u00f3n, seguimiento y canalizaci\u00f3n del alumnado atendiendo a sus necesidades psicomotrices, intelectuales, sociales, afectivas y emocionales. Brindando a la escuela herramientas para lograr el pleno desarrollo de los estudiantes.<\/p>\n<p><strong>Salario:<\/strong> A convenir<\/p>\n<p><strong>Horario:<\/strong> Jornada por horas.<\/p>\n<p><a href=\"https:\/\/www.occ.com.mx\/Empleo\/Oferta\/9438037-psicopedagogo\"><strong>3.- PSICOPEDAGOGO<\/strong><\/a><\/p>\n<p><strong>Escolaridad:<\/strong> Licenciatura en Psicologia Eduactiva<\/p>\n<p><strong>G\u00e9nero:<\/strong> Indistinto<\/p>\n<p><strong>Requisitos:<\/strong> Edad de 25 a 35 a\u00f1os. 3 a\u00f1os comprobables en atenci\u00f3n a alumnos de todos los niveles (preescolar, primaria, secundaria y bachillerato) en el \u00e1rea de psicolog\u00eda. Habilidades de comunicaci\u00f3n, organizaci\u00f3n, criterio prudente y sentido com\u00fan.<\/p>\n<p><strong>Funciones:<\/strong> Atender y brindar servicios de calidad a toda la comunidad educativa. Brindar atenci\u00f3n personalizada de excelencia, atender al desarrollo arm\u00f3nico y jerarquizado de todas las facultades de la persona con programas y medios en las diferentes \u00e1reas de atenci\u00f3n psicopedag\u00f3gica y atender a aquellos alumnos que requieran atenci\u00f3n especial en alguna \u00e1rea en particular, buscando su mayor desarrollo.<\/p>\n<p><strong>Salario:<\/strong> No mostrado por la compa\u00f1\u00eda<\/p>\n<p><strong>Horario:<\/strong> No especificado.<\/p>\n<p><script src=\"\/\/pagead2.googlesyndication.com\/pagead\/js\/adsbygoogle.js\" async=\"\"><\/script><!-- BANNER PEQUE\u00d1O PARA ENTRENOTAS EL ORIENTE --> <ins class=\"adsbygoogle\" style=\"display: inline-block; width: 468px; height: 60px;\" data-ad-client=\"ca-pub-1136171134853753\" data-ad-slot=\"4953536424\"><\/ins><script>\/\/ <![CDATA[\n(adsbygoogle = window.adsbygoogle || []).push({});\n\/\/ ]]><\/script><\/p>\n<p><a href=\"http:\/\/www.empleo.gob.mx\/2706631-oferta-de-empleo-de-docente-en-ciencias-sociales-ariela-cristal\"><strong>4.- DOCENTE EN CIENCIAS SOCIALES<\/strong><\/a><\/p>\n<p><strong>Escolaridad:<\/strong> Licenciatura en Ciencias Sociales<\/p>\n<p><strong>G\u00e9nero:<\/strong> Indistinto<\/p>\n<p><strong>Requisitos:<\/strong> Experiencia m\u00ednima de un a\u00f1o. Ser proactivo. Orientarse en los resultados. Conocimientos b\u00e1sicos de complaci\u00f3n<\/p>\n<p><strong>Funciones:<\/strong> Educar, comunicar, disciplinar y planear clases<\/p>\n<p><strong>Salario:<\/strong> $5000 mensuales<\/p>\n<p><strong>Horario<\/strong>: Lunes a viernes de 7:00 a 16:00 horas<\/p>\n<p><a href=\"https:\/\/www.computrabajo.com.mx\/ofertas-de-trabajo\/oferta-de-trabajo-de-laboratorista-en-oaxaca-de-juarez-20C929BDA2776429\"><strong>5.- LABOROTORISTA<\/strong><\/a><\/p>\n<p><strong>Escolaridad:<\/strong> Licenciatura en Ciencias de la Educaci\u00f3n en Ciencias Qu\u00edmico-Biol\u00f3gicas, Licenciatura en Educaci\u00f3n Media en Biolog\u00eda, Licenciatura en Educaci\u00f3n Media en Qu\u00edmica, Licenciatura en Educaci\u00f3n Media en Ciencias Biol\u00f3gicas, Licenciatura en Educaci\u00f3n Media en Ciencias Naturales, Bi\u00f3logo, Bioqu\u00edmico, Ingeniero Ambiental, Ingeniero Bioqu\u00edmico, Ingeniero en Ecolog\u00eda, Qu\u00edmico o Ingeniero Qu\u00edmico en cualquier especialidad, Licenciado en Biolog\u00eda y Licenciado en Ciencias Biol\u00f3gicas<\/p>\n<p><strong>G\u00e9nero<\/strong>: Femenino<\/p>\n<p><strong>Requisitos:<\/strong> Contar con t\u00edtulo. Experiencia comprobable de 2 a\u00f1os de trabajo frente a grupos. Con disponibilidad de horario. Contar con habilidades para el manejo y control de grupo.<\/p>\n<p><strong>Funciones:<\/strong> Impartir clases de laboratorio en la secci\u00f3n secundaria.<\/p>\n<p><strong>Salario:<\/strong> No mostrado por la compa\u00f1\u00eda<\/p>\n<p><strong>Horario:<\/strong> Jornada por horas<\/p>\n<p><a href=\"http:\/\/www.eloriente.net\/home\/wp-content\/uploads\/2014\/05\/martes-de-vacantes.jpg\" rel=\"attachment wp-att-25869\"><img loading=\"lazy\" decoding=\"async\" class=\"alignnone wp-image-25869\" src=\"http:\/\/www.eloriente.net\/home\/wp-content\/uploads\/2014\/05\/martes-de-vacantes.jpg\" alt=\"martes de vacantes\" width=\"601\" height=\"399\" srcset=\"http:\/\/www.eloriente.net\/home\/wp-content\/uploads\/2014\/05\/martes-de-vacantes.jpg 1024w, http:\/\/www.eloriente.net\/home\/wp-content\/uploads\/2014\/05\/martes-de-vacantes-300x199.jpg 300w\" sizes=\"(max-width: 601px) 100vw, 601px\" \/><\/a><\/p>\n<p><strong>OTRAS ENTRADAS<\/strong><\/p>\n<div class=\"featuredpost\">\n<div class=\"flow_hide\">\n<h2 class=\"posttitle bigposttitle\"><a title=\"Enlace Permanente a VIDEOCOLUMNA: Las comparecencias y la falta de transparencia. Por Alejandro Cruz Pimentel\" href=\"http:\/\/www.eloriente.net\/home\/2016\/11\/28\/videocolumna-las-comparecencias-la-falta-transparencia-alejandro-cruz-pimentel\/\" rel=\"bookmark\">VIDEOCOLUMNA: Las comparecencias y la falta de transparencia. Por Alejandro Cruz Pimentel<\/a><\/h2>\n<\/div>\n<p>eloriente.net 28 de noviembre de 2016 \u201cHan iniciado las comparecencias de los servidores p\u00fablicos del gobierno que concluye. Ha sido una pasarela con informes a modo para\u2026<\/p>\n<p class=\"postmeta\"><span class=\"meta_date\">noviembre 28, 2016<\/span><\/p>\n<div class=\"toolbar-social\"><\/div>\n<\/div>\n<div class=\"featuredpost\">\n<div class=\"flow_hide\"><a href=\"http:\/\/www.eloriente.net\/home\/2016\/11\/28\/videocolumna-la-presencia-morelos-oaxaca-salvador-siguenza\/\" rel=\"bookmark\"><img decoding=\"async\" class=\"alignleft\" title=\"VIDEOCOLUMNA: La presencia de Morelos en Oaxaca. Por Salvador Sig\u00fcenza\" src=\"http:\/\/www.eloriente.net\/home\/wp-content\/themes\/city-desk\/timthumb.php?src=http%3A%2F%2Fwww.eloriente.net%2Fhome%2Fwp-content%2Fuploads%2F2016%2F11%2FSALVADOR-SIGUENZA-25-DE-NOVIEMBRE.jpg&amp;q=90&amp;w=70&amp;h=45&amp;zc=1\" alt=\"VIDEOCOLUMNA: La presencia de Morelos en Oaxaca. Por Salvador Sig\u00fcenza\" \/><\/a><\/p>\n<h2 class=\"posttitle \"><a title=\"Enlace Permanente a VIDEOCOLUMNA: La presencia de Morelos en Oaxaca. Por Salvador Sig\u00fcenza\" href=\"http:\/\/www.eloriente.net\/home\/2016\/11\/28\/videocolumna-la-presencia-morelos-oaxaca-salvador-siguenza\/\" rel=\"bookmark\">VIDEOCOLUMNA: La presencia de Morelos en Oaxaca. Por Salvador Sig\u00fcenza<\/a><\/h2>\n<\/div>\n<p>eloriente.net 28 de noviembre de 2016 En esta ocasi\u00f3n Salvador Sig\u00fcenza nos platica del impacto que tuvo Jos\u00e9 Mar\u00eda Morelos durante su estancia en Oaxaca. Salvador, entre\u2026<\/p>\n<p class=\"postmeta\"><span class=\"meta_date\">noviembre 28, 2016<\/span><\/p>\n<div class=\"toolbar-social\"><\/div>\n<\/div>\n<div class=\"featuredpost\">\n<div class=\"flow_hide\"><a href=\"http:\/\/www.eloriente.net\/home\/2016\/11\/27\/oaxaca-conectaconocimiento-premia-video-oaxaqueno\/\" rel=\"bookmark\"><img decoding=\"async\" class=\"alignleft\" title=\"OAXACA: #ConectaConocimiento premia a video oaxaque\u00f1o\" src=\"http:\/\/www.eloriente.net\/home\/wp-content\/themes\/city-desk\/timthumb.php?src=http%3A%2F%2Fwww.eloriente.net%2Fhome%2Fwp-content%2Fuploads%2F2015%2F01%2FCECAD-UABJO.jpg&amp;q=90&amp;w=70&amp;h=45&amp;zc=1\" alt=\"OAXACA: #ConectaConocimiento premia a video oaxaque\u00f1o\" \/><\/a><\/p>\n<h2 class=\"posttitle \"><a title=\"Enlace Permanente a OAXACA: #ConectaConocimiento premia a video oaxaque\u00f1o\" href=\"http:\/\/www.eloriente.net\/home\/2016\/11\/27\/oaxaca-conectaconocimiento-premia-video-oaxaqueno\/\" rel=\"bookmark\">OAXACA: #ConectaConocimiento premia a video oaxaque\u00f1o<\/a><\/h2>\n<\/div>\n<p>eloriente.net\/UABJO 27 de noviembre de 2016 *El CECAD-UABJO particip\u00f3 en esta convocatoria nacional dirigida a resaltar los beneficios de los sistemas no escolarizados Oaxaca, Oax.- Como parte del\u2026<\/p>\n<p class=\"postmeta\"><span class=\"meta_date\">noviembre 27, 2016<\/span><\/p>\n<\/div>\n\n\t\t\t  <div \n\t\t\t  \tclass = \"fb-comments\" \n\t\t\t  \tdata-href = \"http:\/\/www.eloriente.net\/home\/2016\/11\/29\/5-vacantes-docencia-martesdevacantes\/\"\n\t\t\t  \tdata-numposts = \"10\"\n\t\t\t\tdata-colorscheme = \"dark\"\n\t\t\t\tdata-order-by = \"social\"\n\t\t\t\tdata-mobile=true>\n\t\t\t  <\/div>\n\t\t  <style>\n\t\t\t.fb_iframe_widget_fluid_desktop iframe {\n\t\t\t    width: 100% !important;\n\t\t\t}\n\t\t  <\/style>\n\t\t  ","protected":false},"excerpt":{"rendered":"<p>&nbsp; (www.eloriente.net, M\u00e9xico, a 29 de novibre de 2016).- Conscientes de la importancia para la ciudadan\u00eda en general de la b\u00fasqueda de nuevas oportunidades de crecimiento profesional, ponemos a tu disposici\u00f3n semanalmente ofertas de empleo disponibles por profesi\u00f3n en cualquier parte de M\u00e9xico y del mundo o, cuando as\u00ed lo amerita, exclusivamente en Oaxaca. En [&hellip;]<\/p>\n","protected":false},"author":44,"featured_media":25869,"comment_status":"open","ping_status":"open","sticky":false,"template":"","format":"standard","meta":{"_jetpack_memberships_contains_paid_content":false,"footnotes":""},"categories":[942,32,63,16,464,19],"tags":[4080,682,184,2420,777,211,889],"class_list":["post-46136","post","type-post","status-publish","format-standard","has-post-thumbnail","hentry","category-martesdevacantes","category-entradas","category-estados","category-salud-y-estilo-de-vida","category-oaxaca-estados","category-turismo-y-negocios","tag-martesdevacantes","tag-docencia","tag-educacion","tag-martes-de-vacantes","tag-oportunidades","tag-trabajo","tag-vacantes"],"jetpack_featured_media_url":"http:\/\/www.eloriente.net\/home\/wp-content\/uploads\/2014\/05\/martes-de-vacantes.jpg","jetpack_sharing_enabled":true,"_links":{"self":[{"href":"http:\/\/www.eloriente.net\/home\/wp-json\/wp\/v2\/posts\/46136"}],"collection":[{"href":"http:\/\/www.eloriente.net\/home\/wp-json\/wp\/v2\/posts"}],"about":[{"href":"http:\/\/www.eloriente.net\/home\/wp-json\/wp\/v2\/types\/post"}],"author":[{"embeddable":true,"href":"http:\/\/www.eloriente.net\/home\/wp-json\/wp\/v2\/users\/44"}],"replies":[{"embeddable":true,"href":"http:\/\/www.eloriente.net\/home\/wp-json\/wp\/v2\/comments?post=46136"}],"version-history":[{"count":1,"href":"http:\/\/www.eloriente.net\/home\/wp-json\/wp\/v2\/posts\/46136\/revisions"}],"predecessor-version":[{"id":46137,"href":"http:\/\/www.eloriente.net\/home\/wp-json\/wp\/v2\/posts\/46136\/revisions\/46137"}],"wp:featuredmedia":[{"embeddable":true,"href":"http:\/\/www.eloriente.net\/home\/wp-json\/wp\/v2\/media\/25869"}],"wp:attachment":[{"href":"http:\/\/www.eloriente.net\/home\/wp-json\/wp\/v2\/media?parent=46136"}],"wp:term":[{"taxonomy":"category","embeddable":true,"href":"http:\/\/www.eloriente.net\/home\/wp-json\/wp\/v2\/categories?post=46136"},{"taxonomy":"post_tag","embeddable":true,"href":"http:\/\/www.eloriente.net\/home\/wp-json\/wp\/v2\/tags?post=46136"}],"curies":[{"name":"wp","href":"https:\/\/api.w.org\/{rel}","templated":true}]}}