{"id":46138,"date":"2016-11-28T18:37:10","date_gmt":"2016-11-29T00:37:10","guid":{"rendered":"http:\/\/www.eloriente.net\/home\/?p=46138"},"modified":"2016-11-28T18:37:10","modified_gmt":"2016-11-29T00:37:10","slug":"oaxaca-los-juzgadores-deben-estar-preparados-temas-vanguardia-sala-familiar-del-tsj","status":"publish","type":"post","link":"http:\/\/www.eloriente.net\/home\/2016\/11\/28\/oaxaca-los-juzgadores-deben-estar-preparados-temas-vanguardia-sala-familiar-del-tsj\/","title":{"rendered":"OAXACA: \u201cLos juzgadores deben estar preparados en temas de vanguardia\u201d: Sala Familiar del TSJ"},"content":{"rendered":"<p><script src=\"\/\/pagead2.googlesyndication.com\/pagead\/js\/adsbygoogle.js\" async=\"\"><\/script><!-- BANNER ELORIENTE INCRUSTADO NOTAS --> <ins class=\"adsbygoogle\" style=\"display: inline-block; width: 300px; height: 250px;\" data-ad-client=\"ca-pub-1136171134853753\" data-ad-slot=\"7974633627\"><\/ins><script>\/\/ <![CDATA[\n(adsbygoogle = window.adsbygoogle || []).push({});\n\/\/ ]]><\/script><\/p>\n<p>&nbsp;<\/p>\n<p>eloriente.net<\/p>\n<p>28 de noviembre de 2016<\/p>\n<p><span style=\"font-weight: 400;\">En el compromiso de trabajar de manera conjunta para generar las condiciones institucionales que contribuyan a mejorar la administraci\u00f3n de justicia, el Poder Judicial del Estado realiz\u00f3 un Encuentro de Magistrados y Jueces en Materia Civil, Mercantil y Familiar en el que participaron 61 juzgadores, as\u00ed como secretarios y secretarias de acuerdos autorizados para dictar sentencias adscritos a juzgados de las ocho regiones de Oaxaca. <\/span><\/p>\n<p><span style=\"font-weight: 400;\">El magistrado presidente, Alfredo Rodrigo Lagunas Rivera indic\u00f3 que generar estos espacios de di\u00e1logo, retroalimentaci\u00f3n y confianza entre los integrantes de juzgados y salas permiten que temas de relevancia jur\u00eddica y procesal sean discutidos y analizados para formar criterios que brinden soluciones a los problemas que se presentan en las instancias jurisdiccionales. <\/span><\/p>\n<p><span style=\"font-weight: 400;\">Durante la apertura de los trabajos del encuentro, en un mensaje, al que en su representaci\u00f3n dio lectura el magistrado decano del Tribunal Superior de Justicia, Crescencio Modesto Mart\u00ednez Geminiano, el titular del Poder Judicial reconoci\u00f3 la labor, experiencia y sensibilidad de cada uno de los participantes, ya que sus puntos de vista contribuyen a mejorar y planificar los proyectos futuros.<\/span><\/p>\n<p><span style=\"font-weight: 400;\">\u201cEstamos claros que hay mucho por hacer, bastante por mejorar, pero lo destacable es que nos estamos ocupando de ello con todas nuestras posibilidades. Esta reuni\u00f3n es <\/span><span style=\"font-weight: 400;\">se\u00f1al del compromiso con nuestra instituci\u00f3n\u201d, puntualiz\u00f3 el presidente del Tribunal Superior de Justicia y del Consejo de la Judicatura.<\/span><\/p>\n<p><script src=\"\/\/pagead2.googlesyndication.com\/pagead\/js\/adsbygoogle.js\" async=\"\"><\/script><!-- BANNER PEQUE\u00d1O PARA ENTRENOTAS EL ORIENTE --> <ins class=\"adsbygoogle\" style=\"display: inline-block; width: 468px; height: 60px;\" data-ad-client=\"ca-pub-1136171134853753\" data-ad-slot=\"4953536424\"><\/ins><script>\/\/ <![CDATA[\n(adsbygoogle = window.adsbygoogle || []).push({});\n\/\/ ]]><\/script><\/p>\n<p><span style=\"font-weight: 400;\">En su intervenci\u00f3n, la magistrada Mar\u00eda Eugenia Villanueva Abraj\u00e1n, integrante de la Sala Familiar del Tribunal Superior de Justicia coment\u00f3 que la iniciativa de los magistrados de buscar un acercamiento con los juzgadores de las diferentes regiones de la entidad, obedece a que el derecho est\u00e1 en pleno avance y desarrollo, adem\u00e1s de que es una materia muy cambiante.<\/span><\/p>\n<p><span style=\"font-weight: 400;\">\u201cLos juzgadores deben estar preparados en temas de vanguardia\u201d, dijo en el encuentro en el que tambi\u00e9n participaron el magistrado Sergio Ra\u00fal Estrada Romero, presidente de la Segunda Sala Civil; la magistrada Leonor Galv\u00e1n \u00a0Cortes, integrante de la Segunda Sala Civil; el magistrado Ricardo Javier Herrera Muzgo Rebollo, \u00a0integrante de la Segunda Sala Civil y el consejero de la Judicatura, magistrado Jos\u00e9 Luis Reyes Hern\u00e1ndez. <\/span><\/p>\n<p><span style=\"font-weight: 400;\">La reuni\u00f3n permiti\u00f3 a los jueces y magistrados conocer las perspectivas en temas \u00a0que de manera com\u00fan se trabajan en los juzgados regionales, apreciar los lineamientos legales que son precisos aplicar en cada situaci\u00f3n, siempre con la intenci\u00f3n de salvaguardar los derechos humanos de los involucrados y as\u00ed, la impartici\u00f3n de justicia sea real y tangible por la sociedad.<\/span><\/p>\n<p><a href=\"http:\/\/www.eloriente.net\/home\/wp-content\/uploads\/2016\/11\/TSJO-28-DE-NOV.jpg\" rel=\"attachment wp-att-46139\"><img loading=\"lazy\" decoding=\"async\" class=\"alignnone wp-image-46139\" src=\"http:\/\/www.eloriente.net\/home\/wp-content\/uploads\/2016\/11\/TSJO-28-DE-NOV.jpg\" alt=\"tsjo-28-de-nov\" width=\"600\" height=\"336\" srcset=\"http:\/\/www.eloriente.net\/home\/wp-content\/uploads\/2016\/11\/TSJO-28-DE-NOV.jpg 4550w, http:\/\/www.eloriente.net\/home\/wp-content\/uploads\/2016\/11\/TSJO-28-DE-NOV-300x168.jpg 300w, http:\/\/www.eloriente.net\/home\/wp-content\/uploads\/2016\/11\/TSJO-28-DE-NOV-768x430.jpg 768w, http:\/\/www.eloriente.net\/home\/wp-content\/uploads\/2016\/11\/TSJO-28-DE-NOV-1024x573.jpg 1024w\" sizes=\"(max-width: 600px) 100vw, 600px\" \/><\/a><\/p>\n<p><strong>OTRAS ENTRADAS<\/strong><\/p>\n<div class=\"featuredpost\">\n<div class=\"flow_hide\">\n<h2 class=\"posttitle bigposttitle\"><a title=\"Enlace Permanente a VIDEOCOLUMNA: Las comparecencias y la falta de transparencia. Por Alejandro Cruz Pimentel\" href=\"http:\/\/www.eloriente.net\/home\/2016\/11\/28\/videocolumna-las-comparecencias-la-falta-transparencia-alejandro-cruz-pimentel\/\" rel=\"bookmark\">VIDEOCOLUMNA: Las comparecencias y la falta de transparencia. Por Alejandro Cruz Pimentel<\/a><\/h2>\n<\/div>\n<p>eloriente.net 28 de noviembre de 2016 \u201cHan iniciado las comparecencias de los servidores p\u00fablicos del gobierno que concluye. Ha sido una pasarela con informes a modo para\u2026<\/p>\n<p class=\"postmeta\"><span class=\"meta_date\">noviembre 28, 2016<\/span><\/p>\n<div class=\"toolbar-social\"><\/div>\n<\/div>\n<div class=\"featuredpost\">\n<div class=\"flow_hide\">\n<p><a href=\"http:\/\/www.eloriente.net\/home\/2016\/11\/28\/videocolumna-la-presencia-morelos-oaxaca-salvador-siguenza\/\" rel=\"bookmark\"><img decoding=\"async\" class=\"alignleft\" title=\"VIDEOCOLUMNA: La presencia de Morelos en Oaxaca. Por Salvador Sig\u00fcenza\" src=\"http:\/\/www.eloriente.net\/home\/wp-content\/themes\/city-desk\/timthumb.php?src=http%3A%2F%2Fwww.eloriente.net%2Fhome%2Fwp-content%2Fuploads%2F2016%2F11%2FSALVADOR-SIGUENZA-25-DE-NOVIEMBRE.jpg&amp;q=90&amp;w=70&amp;h=45&amp;zc=1\" alt=\"VIDEOCOLUMNA: La presencia de Morelos en Oaxaca. Por Salvador Sig\u00fcenza\" \/><\/a><\/p>\n<h2 class=\"posttitle \"><a title=\"Enlace Permanente a VIDEOCOLUMNA: La presencia de Morelos en Oaxaca. Por Salvador Sig\u00fcenza\" href=\"http:\/\/www.eloriente.net\/home\/2016\/11\/28\/videocolumna-la-presencia-morelos-oaxaca-salvador-siguenza\/\" rel=\"bookmark\">VIDEOCOLUMNA: La presencia de Morelos en Oaxaca. Por Salvador Sig\u00fcenza<\/a><\/h2>\n<\/div>\n<p>eloriente.net 28 de noviembre de 2016 En esta ocasi\u00f3n Salvador Sig\u00fcenza nos platica del impacto que tuvo Jos\u00e9 Mar\u00eda Morelos durante su estancia en Oaxaca. Salvador, entre\u2026<\/p>\n<p class=\"postmeta\"><span class=\"meta_date\">noviembre 28, 2016<\/span><\/p>\n<div class=\"toolbar-social\"><\/div>\n<\/div>\n<div class=\"featuredpost\">\n<div class=\"flow_hide\">\n<p><a href=\"http:\/\/www.eloriente.net\/home\/2016\/11\/27\/oaxaca-conectaconocimiento-premia-video-oaxaqueno\/\" rel=\"bookmark\"><img decoding=\"async\" class=\"alignleft\" title=\"OAXACA: #ConectaConocimiento premia a video oaxaque\u00f1o\" src=\"http:\/\/www.eloriente.net\/home\/wp-content\/themes\/city-desk\/timthumb.php?src=http%3A%2F%2Fwww.eloriente.net%2Fhome%2Fwp-content%2Fuploads%2F2015%2F01%2FCECAD-UABJO.jpg&amp;q=90&amp;w=70&amp;h=45&amp;zc=1\" alt=\"OAXACA: #ConectaConocimiento premia a video oaxaque\u00f1o\" \/><\/a><\/p>\n<h2 class=\"posttitle \"><a title=\"Enlace Permanente a OAXACA: #ConectaConocimiento premia a video oaxaque\u00f1o\" href=\"http:\/\/www.eloriente.net\/home\/2016\/11\/27\/oaxaca-conectaconocimiento-premia-video-oaxaqueno\/\" rel=\"bookmark\">OAXACA: #ConectaConocimiento premia a video oaxaque\u00f1o<\/a><\/h2>\n<\/div>\n<p>eloriente.net\/UABJO 27 de noviembre de 2016 *El CECAD-UABJO particip\u00f3 en esta convocatoria nacional dirigida a resaltar los beneficios de los sistemas no escolarizados Oaxaca, Oax.- Como parte del\u2026<\/p>\n<p class=\"postmeta\"><span class=\"meta_date\">noviembre 27, 2016<\/span><\/p>\n<\/div>\n<p>&nbsp;<\/p>\n\n\t\t\t  <div \n\t\t\t  \tclass = \"fb-comments\" \n\t\t\t  \tdata-href = \"http:\/\/www.eloriente.net\/home\/2016\/11\/28\/oaxaca-los-juzgadores-deben-estar-preparados-temas-vanguardia-sala-familiar-del-tsj\/\"\n\t\t\t  \tdata-numposts = \"10\"\n\t\t\t\tdata-colorscheme = \"dark\"\n\t\t\t\tdata-order-by = \"social\"\n\t\t\t\tdata-mobile=true>\n\t\t\t  <\/div>\n\t\t  <style>\n\t\t\t.fb_iframe_widget_fluid_desktop iframe {\n\t\t\t    width: 100% !important;\n\t\t\t}\n\t\t  <\/style>\n\t\t  ","protected":false},"excerpt":{"rendered":"<p>&nbsp; eloriente.net 28 de noviembre de 2016 En el compromiso de trabajar de manera conjunta para generar las condiciones institucionales que contribuyan a mejorar la administraci\u00f3n de justicia, el Poder Judicial del Estado realiz\u00f3 un Encuentro de Magistrados y Jueces en Materia Civil, Mercantil y Familiar en el que participaron 61 juzgadores, as\u00ed como secretarios [&hellip;]<\/p>\n","protected":false},"author":44,"featured_media":46139,"comment_status":"open","ping_status":"open","sticky":false,"template":"","format":"standard","meta":{"_jetpack_memberships_contains_paid_content":false,"footnotes":""},"categories":[1588,91,32,63,464,21],"tags":[5483,7255,7256,4134],"class_list":["post-46138","post","type-post","status-publish","format-standard","has-post-thumbnail","hentry","category-comunicados-y-boletines","category-congreso-y-justicia","category-entradas","category-estados","category-oaxaca-estados","category-politica-y-gobierno","tag-alfredo-lagunas-rivera","tag-oaxacam-tsj","tag-tirbunal-superior-de-justicia-de-oaxaca","tag-tsjo"],"jetpack_featured_media_url":"http:\/\/www.eloriente.net\/home\/wp-content\/uploads\/2016\/11\/TSJO-28-DE-NOV.jpg","jetpack_sharing_enabled":true,"_links":{"self":[{"href":"http:\/\/www.eloriente.net\/home\/wp-json\/wp\/v2\/posts\/46138"}],"collection":[{"href":"http:\/\/www.eloriente.net\/home\/wp-json\/wp\/v2\/posts"}],"about":[{"href":"http:\/\/www.eloriente.net\/home\/wp-json\/wp\/v2\/types\/post"}],"author":[{"embeddable":true,"href":"http:\/\/www.eloriente.net\/home\/wp-json\/wp\/v2\/users\/44"}],"replies":[{"embeddable":true,"href":"http:\/\/www.eloriente.net\/home\/wp-json\/wp\/v2\/comments?post=46138"}],"version-history":[{"count":1,"href":"http:\/\/www.eloriente.net\/home\/wp-json\/wp\/v2\/posts\/46138\/revisions"}],"predecessor-version":[{"id":46140,"href":"http:\/\/www.eloriente.net\/home\/wp-json\/wp\/v2\/posts\/46138\/revisions\/46140"}],"wp:featuredmedia":[{"embeddable":true,"href":"http:\/\/www.eloriente.net\/home\/wp-json\/wp\/v2\/media\/46139"}],"wp:attachment":[{"href":"http:\/\/www.eloriente.net\/home\/wp-json\/wp\/v2\/media?parent=46138"}],"wp:term":[{"taxonomy":"category","embeddable":true,"href":"http:\/\/www.eloriente.net\/home\/wp-json\/wp\/v2\/categories?post=46138"},{"taxonomy":"post_tag","embeddable":true,"href":"http:\/\/www.eloriente.net\/home\/wp-json\/wp\/v2\/tags?post=46138"}],"curies":[{"name":"wp","href":"https:\/\/api.w.org\/{rel}","templated":true}]}}