{"id":46257,"date":"2016-12-08T12:29:45","date_gmt":"2016-12-08T18:29:45","guid":{"rendered":"http:\/\/www.eloriente.net\/home\/?p=46257"},"modified":"2016-12-09T12:20:01","modified_gmt":"2016-12-09T18:20:01","slug":"actividades-culturales-oaxaca-no-te-puedes-perder-del-8-al-15-diciembre","status":"publish","type":"post","link":"http:\/\/www.eloriente.net\/home\/2016\/12\/08\/actividades-culturales-oaxaca-no-te-puedes-perder-del-8-al-15-diciembre\/","title":{"rendered":"Actividades culturales en Oaxaca que no te puedes perder (del 8 al 15 de diciembre)"},"content":{"rendered":"<p>(www.eloriente.net; M\u00e9xico a 8 de diciembre de 2016).- Por Jessica Lamadrid<\/p>\n<p>En esta ocasi\u00f3n como parte de la agenda cultural que compartimos cada jueves recopilamos una serie de actividades que puedes realizar como charlas, talleres, entre otras.<\/p>\n<p>&nbsp;<\/p>\n<h2><a href=\"https:\/\/www.facebook.com\/CFMAB\/?fref=ts\" target=\"_blank\">1.- Charla con Manuel Vason y Ruviane Maia<\/a><\/h2>\n<p>Este s\u00e1bado 10 de diciembre en el Centro fotogr\u00e1fico Manuel Alvarez Bravo se llevar\u00e1 a cabo una charla con Manuel Vason y Rubiane Maia, quienes desde el punto de vista de su trabajo hablar\u00e1n sobre la fotograf\u00eda.<\/p>\n<p>Por un lado ser\u00e1 Manuel Vason qui\u00e9n por su trabajo ha explorado la relaci\u00f3n entre la fotograf\u00eda y el performance, presencia y representaci\u00f3n. Desde otro punto de vista la artista Rubiane Maia tiene una formaci\u00f3n en Artes Visuales y Psicolog\u00eda Institucional en la Universidad Federal de Espirito Santo, Brasil. Especialmente interesado en lenguajes conectados al cuerpo. Trabaja en la intersecci\u00f3n entre arte de performance, instalaci\u00f3n y <span class=\"text_exposed_show\">video.<\/span><\/p>\n<p>La charla ser\u00e1 a las 17:00 horas siendo la entrada libre al p\u00fablico.<\/p>\n<p><a href=\"http:\/\/www.eloriente.net\/home\/wp-content\/uploads\/2016\/12\/15349728_10154836728407754_7009898469013303471_n.jpg\" rel=\"attachment wp-att-46258\"><img loading=\"lazy\" decoding=\"async\" class=\"wp-image-46258 aligncenter\" src=\"http:\/\/www.eloriente.net\/home\/wp-content\/uploads\/2016\/12\/15349728_10154836728407754_7009898469013303471_n.jpg\" alt=\"15349728_10154836728407754_7009898469013303471_n\" width=\"412\" height=\"635\" \/><\/a><\/p>\n<p>&nbsp;<\/p>\n<h2><a href=\"https:\/\/www.facebook.com\/MuseoTextilDeOaxaca\/?fref=ts\" target=\"_blank\">2.- Taller de hilvanado y pepenado mazahua<\/a><\/h2>\n<p>El Museo Textil de Oaxaca ofrece el nuevo taller de hilvanado y pepenado mazahua, el cual comienza el 12 de diciembre y\u00a0ser\u00e1 impartido por Jan Cristhian Ferrer, un artista invitado de San Felipe, Villa de Allende, Estado de M\u00e9xico.<\/p>\n<div class=\"text_exposed_show\">\n<p>El taller se realizar\u00e1 del 12 al 16 de diciembre con un horario de las 10 a 1200 horas y va dirigido al p\u00fablico en general a partir de 15 a\u00f1os de edad. Este taller tiene un costos de $700 por persona, el precio incluye los materiales que ser\u00e1n utilizados. Este taller tiene un cupo limitado de 15 participantes, por lo cual si estas interesado debes de inscribirte lo antes posible.<\/p>\n<p>Si quieres mayores informes o inscribirte puedes comunicarte al siguiente n\u00famero telef\u00f3nico 501 11 04 ext. 106 o al correo electr\u00f3nico \u00a0info@museotextil.org<\/p>\n<p><a href=\"http:\/\/www.eloriente.net\/home\/wp-content\/uploads\/2016\/12\/15326615_10154771169118866_851480497757205756_n.jpg\" rel=\"attachment wp-att-46259\"><img loading=\"lazy\" decoding=\"async\" class=\" wp-image-46259 aligncenter\" src=\"http:\/\/www.eloriente.net\/home\/wp-content\/uploads\/2016\/12\/15326615_10154771169118866_851480497757205756_n.jpg\" alt=\"15326615_10154771169118866_851480497757205756_n\" width=\"388\" height=\"599\" srcset=\"http:\/\/www.eloriente.net\/home\/wp-content\/uploads\/2016\/12\/15326615_10154771169118866_851480497757205756_n.jpg 621w, http:\/\/www.eloriente.net\/home\/wp-content\/uploads\/2016\/12\/15326615_10154771169118866_851480497757205756_n-194x300.jpg 194w\" sizes=\"(max-width: 388px) 100vw, 388px\" \/><\/a><\/p>\n<p>&nbsp;<\/p>\n<\/div>\n<h2><a href=\"https:\/\/www.facebook.com\/IAGOmx\/photos\/a.136352006399183.17461.136349446399439\/1376883232346048\/?type=3&amp;theater\" target=\"_blank\">3.- Creaci\u00f3n Musical<\/a><\/h2>\n<p>El IAGO como parte de sus actividades del mes de diciembre dar\u00e1 el taller de \u00abCreaci\u00f3n Musical\u00bb para los d\u00edas 12, 13 y 14 de este mes. El curso ser\u00e1 en un horario de 4 a 7 de la tarde en el IAGO Ju\u00e1rez .<\/p>\n<p>El taller consiste tomar una idea b\u00e1sica musical para que cada participante conozca, participe y experimente las diferentes herramientas y posibilidades que nos ofrece la tecnolog\u00eda para la composici\u00f3n.<\/p>\n<p>Los \u00fanicos requisitos que se piden son: contar con computadora personal y auriculares, as\u00ed como tener el software b\u00e1sico a utilizar que es Ableton live.<\/p>\n<p><a href=\"http:\/\/www.eloriente.net\/home\/wp-content\/uploads\/2016\/12\/CREACIO\u0301N-MUSICAL-IAGO.jpg\" rel=\"attachment wp-att-46267\"><img loading=\"lazy\" decoding=\"async\" class=\"alignnone wp-image-46267\" src=\"http:\/\/www.eloriente.net\/home\/wp-content\/uploads\/2016\/12\/CREACIO\u0301N-MUSICAL-IAGO.jpg\" alt=\"creacion-musical-iago\" width=\"600\" height=\"461\" srcset=\"http:\/\/www.eloriente.net\/home\/wp-content\/uploads\/2016\/12\/CREACIO\u0301N-MUSICAL-IAGO.jpg 1172w, http:\/\/www.eloriente.net\/home\/wp-content\/uploads\/2016\/12\/CREACIO\u0301N-MUSICAL-IAGO-300x230.jpg 300w, http:\/\/www.eloriente.net\/home\/wp-content\/uploads\/2016\/12\/CREACIO\u0301N-MUSICAL-IAGO-768x590.jpg 768w, http:\/\/www.eloriente.net\/home\/wp-content\/uploads\/2016\/12\/CREACIO\u0301N-MUSICAL-IAGO-1024x786.jpg 1024w\" sizes=\"(max-width: 600px) 100vw, 600px\" \/><\/a><\/p>\n<h2><a href=\"http:\/\/us6.campaign-archive1.com\/?u=df7246ceee9047b66a1c0d007&amp;id=85ead66d63\" target=\"_blank\">4.- Pasi\u00f3n sobre el papel. Leopoldo M\u00e9ndez\u00a0<\/a><\/h2>\n<p>En el Centro Cultural Santo Domingo se llevar\u00e1 acabo la visita guiada por Javier Ballina Viramontes a la exposici\u00f3n \u00abPasi\u00f3n sobre papel. Leopoldo M\u00e9ndez y el Taller de Gr\u00e1fica Popular\u00bb.<br \/>\nTe compartimos el enlace del texto introductorio a la visita.<\/p>\n<p>La visita tendr\u00e1 una duraci\u00f3n aproximada de 90 minutos. A trav\u00e9s de este recorrido nos acercaremos a una forma de expresi\u00f3n tan vigente como los problemas sociales que aborda, y descubriremos en Leopoldo M\u00e9ndez no s\u00f3lo a un grabador comprometido con las causas sociales de finos y elegantes trazos, sino tambi\u00e9n a un esp\u00edritu sensible de afilados ojos, capaces de arrancar el disfraz imp\u00e1vido a la realidad para brindar una mirada particular, misma que al compartir en su obra, se transform\u00f3 en una percepci\u00f3n colectiva de aquel mundo inquieto y convulso que le toc\u00f3 vivir\u201d.<\/p>\n<p><a href=\"http:\/\/www.eloriente.net\/home\/wp-content\/uploads\/2016\/12\/a23a7c2e-7b3c-4056-8197-9dbc6cd09555-1.jpg\" rel=\"attachment wp-att-46263\"><img loading=\"lazy\" decoding=\"async\" class=\"alignnone wp-image-46263\" src=\"http:\/\/www.eloriente.net\/home\/wp-content\/uploads\/2016\/12\/a23a7c2e-7b3c-4056-8197-9dbc6cd09555-1-804x1024.jpg\" alt=\"a23a7c2e-7b3c-4056-8197-9dbc6cd09555\" width=\"600\" height=\"764\" srcset=\"http:\/\/www.eloriente.net\/home\/wp-content\/uploads\/2016\/12\/a23a7c2e-7b3c-4056-8197-9dbc6cd09555-1-804x1024.jpg 804w, http:\/\/www.eloriente.net\/home\/wp-content\/uploads\/2016\/12\/a23a7c2e-7b3c-4056-8197-9dbc6cd09555-1-236x300.jpg 236w, http:\/\/www.eloriente.net\/home\/wp-content\/uploads\/2016\/12\/a23a7c2e-7b3c-4056-8197-9dbc6cd09555-1-768x978.jpg 768w, http:\/\/www.eloriente.net\/home\/wp-content\/uploads\/2016\/12\/a23a7c2e-7b3c-4056-8197-9dbc6cd09555-1-1024x1304.jpg 1024w, http:\/\/www.eloriente.net\/home\/wp-content\/uploads\/2016\/12\/a23a7c2e-7b3c-4056-8197-9dbc6cd09555-1.jpg 1948w\" sizes=\"(max-width: 600px) 100vw, 600px\" \/><\/a><\/p>\n<h2><strong><a href=\"https:\/\/www.facebook.com\/events\/1170217459679979\/\" target=\"_blank\">5.-TALLER DE CREACI\u00d3N SOM\u00c1TICA DE ESCENA<\/a><\/strong><\/h2>\n<p>El pr\u00f3ximo 10 de diciembre se realizar\u00e1 el Taller de Creaci\u00f3n Som\u00e1tica de Escena, organizado por el Centro de Gesti\u00f3n Esc\u00e9nica Tierra Independiente.<\/p>\n<p>Dicho taller tiene un costo de $500 pesos y est\u00e1 dirigido a artistas esc\u00e9nicos y p\u00fablico en general, interesados en construir una relaci\u00f3n con su cuerpo a trav\u00e9s del movimiento y reconocer en dicha relaci\u00f3n una herramienta para el cuidado \u00edntegro de su persona y el desarrollo de procesos creativos.<\/p>\n<p>El taller ser\u00e1 impartido por Dulce Trejo quien es Licenciada en filosof\u00eda por la UNAM, adem\u00e1s de especializarse en la investigaci\u00f3n de procesos coreogr\u00e1ficos de procedencia som\u00e1tica con la Maestr\u00eda Erasmus Mundus en Performing Arts Studies de la Uni\u00f3n Europea, siendo beneficiaria de la beca de este consorcio del 2010-2012.<\/p>\n<p><a href=\"http:\/\/www.eloriente.net\/home\/wp-content\/uploads\/2016\/12\/TALLER-CREACIO\u0301N-SOMA\u0301NTICA.jpg\" rel=\"attachment wp-att-46268\"><img loading=\"lazy\" decoding=\"async\" class=\"alignnone wp-image-46268\" src=\"http:\/\/www.eloriente.net\/home\/wp-content\/uploads\/2016\/12\/TALLER-CREACIO\u0301N-SOMA\u0301NTICA.jpg\" alt=\"taller-creacion-somantica\" width=\"601\" height=\"464\" srcset=\"http:\/\/www.eloriente.net\/home\/wp-content\/uploads\/2016\/12\/TALLER-CREACIO\u0301N-SOMA\u0301NTICA.jpg 2048w, http:\/\/www.eloriente.net\/home\/wp-content\/uploads\/2016\/12\/TALLER-CREACIO\u0301N-SOMA\u0301NTICA-300x232.jpg 300w, http:\/\/www.eloriente.net\/home\/wp-content\/uploads\/2016\/12\/TALLER-CREACIO\u0301N-SOMA\u0301NTICA-768x593.jpg 768w, http:\/\/www.eloriente.net\/home\/wp-content\/uploads\/2016\/12\/TALLER-CREACIO\u0301N-SOMA\u0301NTICA-1024x791.jpg 1024w\" sizes=\"(max-width: 601px) 100vw, 601px\" \/><\/a><\/p>\n<h2>ENTRADAS<\/h2>\n<div class=\"featuredpost\">\n<div class=\"flow_hide\">\n<h2 class=\"posttitle bigposttitle\"><a title=\"Enlace Permanente a CULTURA: S\u00e9ptima edici\u00f3n de Poes\u00eda en la Calle dedicada a mujeres poetas\" href=\"http:\/\/www.eloriente.net\/home\/2016\/12\/07\/cultura-septima-edicion-poesia-la-calle-dedicada-mujeres-poetas\/\" rel=\"bookmark\">CULTURA: S\u00e9ptima edici\u00f3n de Poes\u00eda en la Calle dedicada a mujeres poetas<\/a><\/h2>\n<\/div>\n<p>eloriente.net 7 de noviembre de 2016 Este mi\u00e9rcoles, a las 19 horas, la Biblioteca Andr\u00e9s Henestrosa (BH) ser\u00e1 sede del arranque de la s\u00e9ptima edici\u00f3n de Poes\u00eda\u2026<\/p>\n<p class=\"postmeta\"><span class=\"meta_date\">diciembre 7, 2016<\/span><\/p>\n<p class=\"postmeta\">\n<\/div>\n<div class=\"featuredpost\">\n<div class=\"flow_hide\">\n<p><a href=\"http:\/\/www.eloriente.net\/home\/2016\/12\/06\/5-vacantes-mercadotecnia-comunicacion-martesdevacantes\/\" rel=\"bookmark\"><img decoding=\"async\" class=\"alignleft\" title=\"5 Vacantes en Mercadotecnia y Comunicaci\u00f3n #MartesDeVacantes\" src=\"http:\/\/www.eloriente.net\/home\/wp-content\/themes\/city-desk\/timthumb.php?src=http%3A%2F%2Fwww.eloriente.net%2Fhome%2Fwp-content%2Fuploads%2F2014%2F05%2Fmartes-de-vacantes.jpg&amp;q=90&amp;w=70&amp;h=45&amp;zc=1\" alt=\"5 Vacantes en Mercadotecnia y Comunicaci\u00f3n #MartesDeVacantes\" \/><\/a><\/p>\n<h2 class=\"posttitle \"><a title=\"Enlace Permanente a 5 Vacantes en Mercadotecnia y Comunicaci\u00f3n #MartesDeVacantes\" href=\"http:\/\/www.eloriente.net\/home\/2016\/12\/06\/5-vacantes-mercadotecnia-comunicacion-martesdevacantes\/\" rel=\"bookmark\">5 Vacantes en Mercadotecnia y Comunicaci\u00f3n #MartesDeVacantes<\/a><\/h2>\n<\/div>\n<p>(www.eloriente.net, M\u00e9xico, a 6 de diciembre de 2016).- Conscientes de la importancia para la ciudadan\u00eda en general de la b\u00fasqueda de nuevas oportunidades de crecimiento profesional, ponemos\u2026<\/p>\n<p class=\"postmeta\"><span class=\"meta_date\">diciembre 6, 2016<\/span><\/p>\n<p class=\"postmeta\">\n<\/div>\n<div class=\"featuredpost\">\n<div class=\"flow_hide\">\n<p><a href=\"http:\/\/www.eloriente.net\/home\/2016\/12\/05\/oaxaca-ieepco-ayuda-la-renovacion-autoridades-municipales\/\" rel=\"bookmark\"><img decoding=\"async\" class=\"alignleft\" title=\"OAXACA: IEEPCO ayuda a la renovaci\u00f3n de autoridades municipales\" src=\"http:\/\/www.eloriente.net\/home\/wp-content\/themes\/city-desk\/timthumb.php?src=http%3A%2F%2Fwww.eloriente.net%2Fhome%2Fwp-content%2Fuploads%2F2016%2F12%2Fieepco.jpg&amp;q=90&amp;w=70&amp;h=45&amp;zc=1\" alt=\"OAXACA: IEEPCO ayuda a la renovaci\u00f3n de autoridades municipales\" \/><\/a><\/p>\n<h2 class=\"posttitle \"><a title=\"Enlace Permanente a OAXACA: IEEPCO ayuda a la renovaci\u00f3n de autoridades municipales\" href=\"http:\/\/www.eloriente.net\/home\/2016\/12\/05\/oaxaca-ieepco-ayuda-la-renovacion-autoridades-municipales\/\" rel=\"bookmark\">OAXACA: IEEPCO ayuda a la renovaci\u00f3n de autoridades municipales<\/a><\/h2>\n<\/div>\n<p>eloriente.net 5 de diciembre de 2016 El Instituto Estatal Electoral y de Participaci\u00f3n Ciudadana de Oaxaca (IEEPCO) informa que contin\u00faa coadyuvando con los municipios de sistemas normativos\u2026<\/p>\n<p class=\"postmeta\"><span class=\"meta_date\">diciembre 5, 2016<\/span><\/p>\n<\/div>\n<p>&nbsp;<\/p>\n\n\t\t\t  <div \n\t\t\t  \tclass = \"fb-comments\" \n\t\t\t  \tdata-href = \"http:\/\/www.eloriente.net\/home\/2016\/12\/08\/actividades-culturales-oaxaca-no-te-puedes-perder-del-8-al-15-diciembre\/\"\n\t\t\t  \tdata-numposts = \"10\"\n\t\t\t\tdata-colorscheme = \"dark\"\n\t\t\t\tdata-order-by = \"social\"\n\t\t\t\tdata-mobile=true>\n\t\t\t  <\/div>\n\t\t  <style>\n\t\t\t.fb_iframe_widget_fluid_desktop iframe {\n\t\t\t    width: 100% !important;\n\t\t\t}\n\t\t  <\/style>\n\t\t  ","protected":false},"excerpt":{"rendered":"<p>(www.eloriente.net; M\u00e9xico a 8 de diciembre de 2016).- Por Jessica Lamadrid En esta ocasi\u00f3n como parte de la agenda cultural que compartimos cada jueves recopilamos una serie de actividades que puedes realizar como charlas, talleres, entre otras. &nbsp; 1.- Charla con Manuel Vason y Ruviane Maia Este s\u00e1bado 10 de diciembre en el Centro fotogr\u00e1fico [&hellip;]<\/p>\n","protected":false},"author":45,"featured_media":46260,"comment_status":"open","ping_status":"open","sticky":false,"template":"","format":"standard","meta":{"_jetpack_memberships_contains_paid_content":false,"footnotes":""},"categories":[8,32,10,464,31],"tags":[858,7291,241,73,955],"class_list":["post-46257","post","type-post","status-publish","format-standard","has-post-thumbnail","hentry","category-agenda","category-entradas","category-lo-mas-reciente","category-oaxaca-estados","category-principal","tag-actividades","tag-charlas","tag-cultura","tag-oaxaca","tag-talleres"],"jetpack_featured_media_url":"http:\/\/www.eloriente.net\/home\/wp-content\/uploads\/2016\/12\/lana-1815410_1920.jpg","jetpack_sharing_enabled":true,"_links":{"self":[{"href":"http:\/\/www.eloriente.net\/home\/wp-json\/wp\/v2\/posts\/46257"}],"collection":[{"href":"http:\/\/www.eloriente.net\/home\/wp-json\/wp\/v2\/posts"}],"about":[{"href":"http:\/\/www.eloriente.net\/home\/wp-json\/wp\/v2\/types\/post"}],"author":[{"embeddable":true,"href":"http:\/\/www.eloriente.net\/home\/wp-json\/wp\/v2\/users\/45"}],"replies":[{"embeddable":true,"href":"http:\/\/www.eloriente.net\/home\/wp-json\/wp\/v2\/comments?post=46257"}],"version-history":[{"count":5,"href":"http:\/\/www.eloriente.net\/home\/wp-json\/wp\/v2\/posts\/46257\/revisions"}],"predecessor-version":[{"id":46289,"href":"http:\/\/www.eloriente.net\/home\/wp-json\/wp\/v2\/posts\/46257\/revisions\/46289"}],"wp:featuredmedia":[{"embeddable":true,"href":"http:\/\/www.eloriente.net\/home\/wp-json\/wp\/v2\/media\/46260"}],"wp:attachment":[{"href":"http:\/\/www.eloriente.net\/home\/wp-json\/wp\/v2\/media?parent=46257"}],"wp:term":[{"taxonomy":"category","embeddable":true,"href":"http:\/\/www.eloriente.net\/home\/wp-json\/wp\/v2\/categories?post=46257"},{"taxonomy":"post_tag","embeddable":true,"href":"http:\/\/www.eloriente.net\/home\/wp-json\/wp\/v2\/tags?post=46257"}],"curies":[{"name":"wp","href":"https:\/\/api.w.org\/{rel}","templated":true}]}}