{"id":46278,"date":"2016-12-08T19:04:57","date_gmt":"2016-12-09T01:04:57","guid":{"rendered":"http:\/\/www.eloriente.net\/home\/?p=46278"},"modified":"2016-12-08T19:04:57","modified_gmt":"2016-12-09T01:04:57","slug":"videocolumna-la-trampa-vital-la-imperfeccion-ursula-woolrich","status":"publish","type":"post","link":"http:\/\/www.eloriente.net\/home\/2016\/12\/08\/videocolumna-la-trampa-vital-la-imperfeccion-ursula-woolrich\/","title":{"rendered":"VIDEOCOLUMNA: La trampa vital de la imperfecci\u00f3n. Por \u00darsula Woolrich"},"content":{"rendered":"<p><script src=\"\/\/pagead2.googlesyndication.com\/pagead\/js\/adsbygoogle.js\" async=\"\"><\/script><!-- BANNER ELORIENTE INCRUSTADO NOTAS --> <ins class=\"adsbygoogle\" style=\"display: inline-block; width: 300px; height: 250px;\" data-ad-client=\"ca-pub-1136171134853753\" data-ad-slot=\"7974633627\"><\/ins><script>\/\/ <![CDATA[\n(adsbygoogle = window.adsbygoogle || []).push({});\n\/\/ ]]><\/script><\/p>\n<p>&nbsp;<\/p>\n<p>eloriente.net<\/p>\n<p>8 de diciembre de 2016<\/p>\n<p>\u00bfSientes que eres internamente imperfecto y defectuoso? \u00bfCrees que si alguien pr\u00f3ximo a ti te conociera tal como eres, no te podr\u00eda querer? \u00bfDe ni\u00f1o sentiste que no merec\u00edas amor? \u00bfEn la edad adulta, temes el amor?<br \/>\nEntonces es posible que tengas la trampa vital de la imperfecci\u00f3n.<\/p>\n<p>Aprende m\u00e1s sobre la misma y como combatirla en la videocolumna semanal de la <a class=\"profileLink\" href=\"https:\/\/www.facebook.com\/psicologaursula.woolrich\" data-hovercard=\"\/ajax\/hovercard\/user.php?id=100011737595477\" data-hovercard-prefer-more-content-show=\"1\">Psic\u00f3loga Ursula Woolrich<\/a><\/p>\n<p><iframe loading=\"lazy\" style=\"border: none; overflow: hidden;\" src=\"https:\/\/www.facebook.com\/plugins\/video.php?href=https%3A%2F%2Fwww.facebook.com%2F443535572345554%2Fvideos%2F1374346822597753%2F&amp;show_text=0&amp;width=560\" width=\"560\" height=\"315\" frameborder=\"0\" scrolling=\"no\" allowfullscreen=\"allowfullscreen\"><\/iframe><\/p>\n<p><script src=\"\/\/pagead2.googlesyndication.com\/pagead\/js\/adsbygoogle.js\" async=\"\"><\/script><!-- BANNER PEQUE\u00d1O PARA ENTRENOTAS EL ORIENTE --> <ins class=\"adsbygoogle\" style=\"display: inline-block; width: 468px; height: 60px;\" data-ad-client=\"ca-pub-1136171134853753\" data-ad-slot=\"4953536424\"><\/ins><script>\/\/ <![CDATA[\n(adsbygoogle = window.adsbygoogle || []).push({});\n\/\/ ]]><\/script><\/p>\n<p>\u00darsula Woolrich es Psic\u00f3loga con estudios de maestr\u00eda en educaci\u00f3n superior. Diplomada en programaci\u00f3n neuroling\u00fc\u00edstica, docente y conferencista<\/p>\n<p>&nbsp;<\/p>\n<p><a href=\"http:\/\/www.eloriente.net\/home\/wp-content\/uploads\/2016\/12\/U\u0301RSULA-WOOLRICH-8-de-diciembre.jpg\" rel=\"attachment wp-att-46279\"><img loading=\"lazy\" decoding=\"async\" class=\"alignnone wp-image-46279\" src=\"http:\/\/www.eloriente.net\/home\/wp-content\/uploads\/2016\/12\/U\u0301RSULA-WOOLRICH-8-de-diciembre.jpg\" alt=\"ursula-woolrich-8-de-diciembre\" width=\"601\" height=\"338\" srcset=\"http:\/\/www.eloriente.net\/home\/wp-content\/uploads\/2016\/12\/U\u0301RSULA-WOOLRICH-8-de-diciembre.jpg 1920w, http:\/\/www.eloriente.net\/home\/wp-content\/uploads\/2016\/12\/U\u0301RSULA-WOOLRICH-8-de-diciembre-300x169.jpg 300w, http:\/\/www.eloriente.net\/home\/wp-content\/uploads\/2016\/12\/U\u0301RSULA-WOOLRICH-8-de-diciembre-768x432.jpg 768w, http:\/\/www.eloriente.net\/home\/wp-content\/uploads\/2016\/12\/U\u0301RSULA-WOOLRICH-8-de-diciembre-1024x576.jpg 1024w\" sizes=\"(max-width: 601px) 100vw, 601px\" \/><\/a><\/p>\n<p><strong>OTRAS VIDEOCOLUMNAS<\/strong><\/p>\n<div id=\"post-46271\" class=\"entry loop-default border_bottom_30 post-46271 post type-post status-publish format-standard has-post-thumbnail hentry category-alejandro-cruz-pimentel category-alejandro-cruz-pimentel-videoblogs category-colaboradores category-entradas category-estados category-oaxaca-estados category-politica-y-gobierno category-videoblogs tag-alejandro-cruz-pimentel tag-corrupcion tag-gobierno tag-oaxaca tag-opacidad tag-opinion tag-red-ciudadana tag-videocolumna\">\n<h2 class=\"entry_title\"><a title=\"Enlace Permanente a VIDEOCOLUMNA: Comit\u00e9 Ciudadano contra la corrupci\u00f3n. Por Alejandro Cruz Pimentel\" href=\"http:\/\/www.eloriente.net\/home\/2016\/12\/08\/videocolumna-comite-ciudadano-la-corrupcion-alejandro-cruz-pimentel\/\" rel=\"bookmark\">VIDEOCOLUMNA: Comit\u00e9 Ciudadano contra la corrupci\u00f3n. Por Alejandro Cruz Pimentel<\/a><\/h2>\n<p><a href=\"http:\/\/www.eloriente.net\/home\/2016\/12\/08\/videocolumna-comite-ciudadano-la-corrupcion-alejandro-cruz-pimentel\/\" rel=\"bookmark\"><img decoding=\"async\" class=\"alignleft\" title=\"VIDEOCOLUMNA: Comit\u00e9 Ciudadano contra la corrupci\u00f3n. Por Alejandro Cruz Pimentel\" src=\"http:\/\/www.eloriente.net\/home\/wp-content\/themes\/city-desk\/timthumb.php?src=http%3A%2F%2Fwww.eloriente.net%2Fhome%2Fwp-content%2Fuploads%2F2016%2F12%2FALEJANDRO-CRUZ-8-DE-DICIEMBRE.jpg&amp;q=90&amp;w=160&amp;h=106&amp;zc=1\" alt=\"VIDEOCOLUMNA: Comit\u00e9 Ciudadano contra la corrupci\u00f3n. Por Alejandro Cruz Pimentel\" \/><\/a>\u00a0 eloriente.net 8 de diciembre de 2016 \u201cLa gesti\u00f3n por resultados debe ser la nueva forma de ejercer el poder por parte de este nuevo gobierno.\u201d Esta semana Alejandro S Cruz Pimentel nos habla sobre la iniciativa de varios profesionistas para conformar un comit\u00e9 ciudadano contra la corrupci\u00f3n y la impunidad. Alejandro Cruz Pimentel es [\u2026]<\/p>\n<div class=\"toolbar-social\"><\/div>\n<p class=\"postmeta\"><span class=\"meta_date\">diciembre 8, 2016<\/span><\/p>\n<\/div>\n<div id=\"post-46253\" class=\"entry loop-default border_bottom_30 post-46253 post type-post status-publish format-standard has-post-thumbnail hentry category-derechos-humanos category-entradas category-salud-y-estilo-de-vida category-lo-mas-reciente category-rebeca-garza category-videoblogs tag-instituciones tag-ofelia-pastrana tag-rebeca-garza tag-renata-altamirano tag-transfobia tag-videocolumna\">\n<h2 class=\"entry_title\"><a title=\"Enlace Permanente a VIDEOCOLUMNA: El caso de Renata Altamirano y la transfobia normalizada. Por Rebeca Garza\" href=\"http:\/\/www.eloriente.net\/home\/2016\/12\/07\/videocolumna-caso-renata-altamirano-la-transfobia-normalizada-rebeca-garza\/\" rel=\"bookmark\">VIDEOCOLUMNA: El caso de Renata Altamirano y la transfobia normalizada. Por Rebeca Garza<\/a><\/h2>\n<p><a href=\"http:\/\/www.eloriente.net\/home\/2016\/12\/07\/videocolumna-caso-renata-altamirano-la-transfobia-normalizada-rebeca-garza\/\" rel=\"bookmark\"><img decoding=\"async\" class=\"alignleft\" title=\"VIDEOCOLUMNA: El caso de Renata Altamirano y la transfobia normalizada. Por Rebeca Garza\" src=\"http:\/\/www.eloriente.net\/home\/wp-content\/themes\/city-desk\/timthumb.php?src=http%3A%2F%2Fwww.eloriente.net%2Fhome%2Fwp-content%2Fuploads%2F2016%2F12%2FREBECA-GARZA-7-DE-DICIEMBRE.jpg&amp;q=90&amp;w=160&amp;h=106&amp;zc=1\" alt=\"VIDEOCOLUMNA: El caso de Renata Altamirano y la transfobia normalizada. Por Rebeca Garza\" \/><\/a>\u00a0 eloriente.net 7 de diciembre de 2016 Esta semana Rebeca Garza nos platica sobre el caso de Renata Altamirano, una videoblogger muy conocida en las redes sociales que recientemente comparti\u00f3 en YouTube su inter\u00e9s por transicionar como mujer trans. Nos expone adem\u00e1s como el caso de Renata ha evidenciado la transfobia que existe en las [\u2026]<\/p>\n<div class=\"toolbar-social\"><\/div>\n<p class=\"postmeta\"><span class=\"meta_date\">diciembre 7, 2016<\/span><\/p>\n<\/div>\n<div id=\"post-46239\" class=\"entry loop-default border_bottom_30 post-46239 post type-post status-publish format-standard has-post-thumbnail hentry category-congreso-y-justicia category-entradas category-estados category-karina-baron category-oaxaca-estados category-politica-y-gobierno category-principal category-salud category-videoblogs tag-alejandro-murat tag-aurelio-valdivieso tag-hospital tag-hospital-civil tag-karina-baron tag-oaxaca tag-salud-2 tag-videocolumna\">\n<h2 class=\"entry_title\"><a title=\"Enlace Permanente a VIDEOCOLUMNA: Ciudadanos debemos estar pendientes y no dejarnos enga\u00f1ar, por Karina Bar\u00f3n\" href=\"http:\/\/www.eloriente.net\/home\/2016\/12\/05\/videocolumna-los-ciudadanos-debemos-estar-pendientes-no-dejarnos-enganas-karina-baron\/\" rel=\"bookmark\">VIDEOCOLUMNA: Ciudadanos debemos estar pendientes y no dejarnos enga\u00f1ar, por Karina Bar\u00f3n<\/a><\/h2>\n<p><a href=\"http:\/\/www.eloriente.net\/home\/2016\/12\/05\/videocolumna-los-ciudadanos-debemos-estar-pendientes-no-dejarnos-enganas-karina-baron\/\" rel=\"bookmark\"><img decoding=\"async\" class=\"alignleft\" title=\"VIDEOCOLUMNA: Ciudadanos debemos estar pendientes y no dejarnos enga\u00f1ar, por Karina Bar\u00f3n\" src=\"http:\/\/www.eloriente.net\/home\/wp-content\/themes\/city-desk\/timthumb.php?src=http%3A%2F%2Fwww.eloriente.net%2Fhome%2Fwp-content%2Fuploads%2F2016%2F12%2FKARINA-BARO%CC%81N-5-DE-DICIEMBRE.jpg&amp;q=90&amp;w=160&amp;h=106&amp;zc=1\" alt=\"VIDEOCOLUMNA: Ciudadanos debemos estar pendientes y no dejarnos enga\u00f1ar, por Karina Bar\u00f3n\" \/><\/a>\u00a0 eloriente.net 5 de diciembre de 2016 El Hospital Civil Aurelio Valdivieso atraviesa por una situaci\u00f3n cr\u00edtica, y Karina Bar\u00f3n habla sobre el tema y nos expone algunas posibles posibles acciones para mejorar dicha problem\u00e1tica. Karina Bar\u00f3n es Licenciada en Derecho por la Universidad Aut\u00f3noma Benito Ju\u00e1rez de Oaxaca, fue dirigente nacional de la Uni\u00f3n [\u2026]<\/p>\n<\/div>\n\n\t\t\t  <div \n\t\t\t  \tclass = \"fb-comments\" \n\t\t\t  \tdata-href = \"http:\/\/www.eloriente.net\/home\/2016\/12\/08\/videocolumna-la-trampa-vital-la-imperfeccion-ursula-woolrich\/\"\n\t\t\t  \tdata-numposts = \"10\"\n\t\t\t\tdata-colorscheme = \"dark\"\n\t\t\t\tdata-order-by = \"social\"\n\t\t\t\tdata-mobile=true>\n\t\t\t  <\/div>\n\t\t  <style>\n\t\t\t.fb_iframe_widget_fluid_desktop iframe {\n\t\t\t    width: 100% !important;\n\t\t\t}\n\t\t  <\/style>\n\t\t  ","protected":false},"excerpt":{"rendered":"<p>&nbsp; eloriente.net 8 de diciembre de 2016 \u00bfSientes que eres internamente imperfecto y defectuoso? \u00bfCrees que si alguien pr\u00f3ximo a ti te conociera tal como eres, no te podr\u00eda querer? \u00bfDe ni\u00f1o sentiste que no merec\u00edas amor? \u00bfEn la edad adulta, temes el amor? Entonces es posible que tengas la trampa vital de la imperfecci\u00f3n. [&hellip;]<\/p>\n","protected":false},"author":44,"featured_media":46279,"comment_status":"open","ping_status":"open","sticky":false,"template":"","format":"standard","meta":{"_jetpack_memberships_contains_paid_content":false,"footnotes":""},"categories":[32,16,10,30,7100,98],"tags":[],"class_list":["post-46278","post","type-post","status-publish","format-standard","has-post-thumbnail","hentry","category-entradas","category-salud-y-estilo-de-vida","category-lo-mas-reciente","category-salud","category-ursula-woolrich","category-videoblogs"],"jetpack_featured_media_url":"http:\/\/www.eloriente.net\/home\/wp-content\/uploads\/2016\/12\/U\u0301RSULA-WOOLRICH-8-de-diciembre.jpg","jetpack_sharing_enabled":true,"_links":{"self":[{"href":"http:\/\/www.eloriente.net\/home\/wp-json\/wp\/v2\/posts\/46278"}],"collection":[{"href":"http:\/\/www.eloriente.net\/home\/wp-json\/wp\/v2\/posts"}],"about":[{"href":"http:\/\/www.eloriente.net\/home\/wp-json\/wp\/v2\/types\/post"}],"author":[{"embeddable":true,"href":"http:\/\/www.eloriente.net\/home\/wp-json\/wp\/v2\/users\/44"}],"replies":[{"embeddable":true,"href":"http:\/\/www.eloriente.net\/home\/wp-json\/wp\/v2\/comments?post=46278"}],"version-history":[{"count":1,"href":"http:\/\/www.eloriente.net\/home\/wp-json\/wp\/v2\/posts\/46278\/revisions"}],"predecessor-version":[{"id":46280,"href":"http:\/\/www.eloriente.net\/home\/wp-json\/wp\/v2\/posts\/46278\/revisions\/46280"}],"wp:featuredmedia":[{"embeddable":true,"href":"http:\/\/www.eloriente.net\/home\/wp-json\/wp\/v2\/media\/46279"}],"wp:attachment":[{"href":"http:\/\/www.eloriente.net\/home\/wp-json\/wp\/v2\/media?parent=46278"}],"wp:term":[{"taxonomy":"category","embeddable":true,"href":"http:\/\/www.eloriente.net\/home\/wp-json\/wp\/v2\/categories?post=46278"},{"taxonomy":"post_tag","embeddable":true,"href":"http:\/\/www.eloriente.net\/home\/wp-json\/wp\/v2\/tags?post=46278"}],"curies":[{"name":"wp","href":"https:\/\/api.w.org\/{rel}","templated":true}]}}