{"id":46293,"date":"2016-12-09T13:56:03","date_gmt":"2016-12-09T19:56:03","guid":{"rendered":"http:\/\/www.eloriente.net\/home\/?p=46293"},"modified":"2016-12-19T11:35:28","modified_gmt":"2016-12-19T17:35:28","slug":"internacional-entorno-digital-la-transformacion-la-escena-cultural-mundial","status":"publish","type":"post","link":"http:\/\/www.eloriente.net\/home\/2016\/12\/09\/internacional-entorno-digital-la-transformacion-la-escena-cultural-mundial\/","title":{"rendered":"INTERNACIONAL: El entorno digital y la transformaci\u00f3n de la escena cultural mundial"},"content":{"rendered":"<p><script src=\"\/\/pagead2.googlesyndication.com\/pagead\/js\/adsbygoogle.js\" async=\"\"><\/script><!-- BANNER ELORIENTE INCRUSTADO NOTAS --> <ins class=\"adsbygoogle\" style=\"display: inline-block; width: 300px; height: 250px;\" data-ad-client=\"ca-pub-1136171134853753\" data-ad-slot=\"7974633627\"><\/ins><script>\/\/ <![CDATA[\n(adsbygoogle = window.adsbygoogle || []).push({});\n\/\/ ]]><\/script><\/p>\n<p>&nbsp;<\/p>\n<p>eloriente.net\/UNESCO<\/p>\n<p>9 de diciembre de 2016<\/p>\n<p>Par\u00eds<\/p>\n<p>Crecimiento vertiginoso del comercio electr\u00f3nico, auge de los espacios dedicados a la creaci\u00f3n digital, multiplicaci\u00f3n de plataformas de distribuci\u00f3n\u2026 en los \u00faltimos quince a\u00f1os, el entorno digital ha transformado radicalmente la escena cultural mundial, perturbando los mecanismos de regulaci\u00f3n y modificando el estatuto de los bienes y servicios culturales en las negociaciones comerciales internacionales. Esta problem\u00e1tica ocupar\u00e1 las discusiones del Comit\u00e9 intergubernamental para la protecci\u00f3n y la promoci\u00f3n de la diversidad de las expresiones culturales, que se reunir\u00e1 del 12 al 15 de diciembre de 2016 en la Sede de la UNESCO.<\/p>\n<p>Esta <a href=\"http:\/\/es.unesco.org\/creativity\/convencion\/organos-de-gobierno\/intergovernmental-committee-2\">d\u00e9cima reuni\u00f3n del Comit\u00e9<\/a> aprobar\u00e1 tambi\u00e9n un proyecto de directrices operativas sobre la aplicaci\u00f3n de la Convenci\u00f3n de 2005 sobre la protecci\u00f3n y la promoci\u00f3n de la diversidad de las expresiones culturales en el entorno digital. Concebidas para delimitar mejor cuestiones relacionadas con la gobernanza digital, las directrices se proponen alentar nuevas pol\u00edticas y medidas basadas en el principio de la apertura y la accesibilidad: apoyo a la creaci\u00f3n, modernizaci\u00f3n de las industrias culturales, diversificaci\u00f3n de los contenidos culturales y ling\u00fc\u00edsticos y circulaci\u00f3n equilibrada de bienes y servicios culturales.<\/p>\n<p>Para abordar estas tem\u00e1ticas, inscritas en el marco m\u00e1s general de la inclusi\u00f3n de la cultura en el programa de desarrollo sostenible de las Naciones Unidas para 2030, el 13 de diciembre tendr\u00e1 lugar un panel de alto nivel, de 15h00 a 16h00. Intervendr\u00e1n <strong>Irina Bokova<\/strong>, Directora General de la UNESCO; <strong>Audrey Azoulay<\/strong>, ministra de Cultura y Comunicaci\u00f3n de Francia; <strong>Fernando Griffith<\/strong>, ministro de Cultura de Paraguay, <strong>M\u00e9lanie Joly<\/strong>, ministra del Patrimonio del Canad\u00e1 y <strong>Yaya Abdoul Kane<\/strong>, ministro de Correos y Telecomunicaciones de Senegal.<\/p>\n<p><iframe loading=\"lazy\" style=\"width: 525px; height: 340px;\" src=\"\/\/e.issuu.com\/embed.html#5422719\/41855469\" width=\"300\" height=\"150\" frameborder=\"0\" allowfullscreen=\"allowfullscreen\"><\/iframe><\/p>\n<p>Para alimentar los debates del Comit\u00e9 se presentar\u00e1n dos informes. El <a href=\"http:\/\/fr.unesco.org\/creativity\/sites\/creativity\/files\/sessions\/10igc_inf3_etude_articles_16_et_21_en_0.pdf\">primero<\/a> examina por primera vez el impacto de la Convenci\u00f3n de 2005 sobre el contenido de 51 acuerdos bilaterales y regionales alcanzados desde 2005. El documento muestra por ejemplo que las cl\u00e1usulas culturales utilizadas en m\u00e1s de dos tercios de esos acuerdos \u201ccontin\u00faan siendo una t\u00e9cnica eficaz para preservar el margen de maniobra y el poder de intervenci\u00f3n de los Estados en materia cultural\u201d. El segundo estudio, titulado \u201c<a href=\"http:\/\/es.unesco.org\/creativity\/sites\/creativity\/files\/sessions\/10igc_inf4_the_impact_of_digital_technologies_octavio_kulesz_sp_1.pdf\">Impacto de las tecnolog\u00edas digitales en la diversidad de las expresiones culturales de Espa\u00f1a e Hispanoam\u00e9rica\u201d<\/a> describe c\u00f3mo se ha adaptado el sector de las industrias culturales y creativas al entorno digital en <strong>Espa\u00f1a<\/strong> y en cuatro pa\u00edses de Am\u00e9rica Latina <strong>(Argentina, Colombia, Ecuador y M\u00e9xico).<\/strong><\/p>\n<p><script src=\"\/\/pagead2.googlesyndication.com\/pagead\/js\/adsbygoogle.js\" async=\"\"><\/script><!-- BANNER PEQUE\u00d1O PARA ENTRENOTAS EL ORIENTE --> <ins class=\"adsbygoogle\" style=\"display: inline-block; width: 468px; height: 60px;\" data-ad-client=\"ca-pub-1136171134853753\" data-ad-slot=\"4953536424\"><\/ins><script>\/\/ <![CDATA[\n(adsbygoogle = window.adsbygoogle || []).push({});\n\/\/ ]]><\/script><\/p>\n<p>Adem\u00e1s, el Comit\u00e9 se pronunciar\u00e1 respecto a las solicitudes de financiaci\u00f3n presentadas al Fondo Internacional para la Diversidad Cultural (FIDC), creado para apoyar a las industrias culturales y creativas en los pa\u00edses en desarrollo. Seis proyectos, procedentes de <a href=\"http:\/\/es.unesco.org\/creativity\/news\/seis-proyectos-han-sido-recomendados-para\">Colombia, Madagascar, Namibia, Palestina, Paraguay y Togo<\/a> han recibido una recomendaci\u00f3n previa positiva.<\/p>\n<p>La <a href=\"http:\/\/es.unesco.org\/creativity\/convencion\/que-es\">Convenci\u00f3n de 2005 sobre la protecci\u00f3n y la promoci\u00f3n de la diversidad de las expresiones culturales,<\/a> que ya han ratifado 144 Estados y la Uni\u00f3n Europea, introdujo un nuevo marco internacional para la gobernanza y la gesti\u00f3n de la cultura. Vela por que los artistas, profesionales de la cultura, especialistas y ciudadanos del mundo entero puedan crear, producir, difundir y disfrutar a bienes, servicios y actividades culturales.<\/p>\n<p>El <a href=\"http:\/\/es.unesco.org\/creativity\/convencion\/organos-de-gobierno\/comites-intergubernamental\">Comit\u00e9 intergubernamental<\/a>\u00a0est\u00e1 compuesto por representantes de 24 Estados Partes en la Convenci\u00f3n. Se re\u00fane una vez al a\u00f1o y puede reunirse para tratar de cuestiones espec\u00edficas en sesi\u00f3n extraordinaria si as\u00ed lo piden al menos dos tercios de sus miembros.<\/p>\n<p>Con motivo de la reuni\u00f3n, el 13 de diciembre a las 17h00 se inaugurar\u00e1 en la Sede de la UNESCO (frente a la Sala I) una instalaci\u00f3n multimedia realizada por artistas senegaleses respaldados por el colectivo K\u00ebr Thiossane.<\/p>\n<p><a href=\"http:\/\/www.eloriente.net\/home\/wp-content\/uploads\/2016\/12\/9105929623_5a5ffedf1c_k.jpg\" rel=\"attachment wp-att-46294\"><img loading=\"lazy\" decoding=\"async\" class=\"alignnone wp-image-46294\" src=\"http:\/\/www.eloriente.net\/home\/wp-content\/uploads\/2016\/12\/9105929623_5a5ffedf1c_k.jpg\" alt=\"digital cultural\" width=\"601\" height=\"397\" srcset=\"http:\/\/www.eloriente.net\/home\/wp-content\/uploads\/2016\/12\/9105929623_5a5ffedf1c_k.jpg 2048w, http:\/\/www.eloriente.net\/home\/wp-content\/uploads\/2016\/12\/9105929623_5a5ffedf1c_k-300x198.jpg 300w, http:\/\/www.eloriente.net\/home\/wp-content\/uploads\/2016\/12\/9105929623_5a5ffedf1c_k-768x507.jpg 768w, http:\/\/www.eloriente.net\/home\/wp-content\/uploads\/2016\/12\/9105929623_5a5ffedf1c_k-1024x677.jpg 1024w\" sizes=\"(max-width: 601px) 100vw, 601px\" \/><\/a><\/p>\n<p><strong>OTRAS ENTRADAS<\/strong><\/p>\n<div class=\"featuredpost\">\n<div class=\"flow_hide\">\n<h2 class=\"posttitle bigposttitle\"><a title=\"Enlace Permanente a OAXACA: TSJO busca estar a la vanguardia en la aplicaci\u00f3n de justicia con equidad de g\u00e9nero\" href=\"http:\/\/www.eloriente.net\/home\/2016\/12\/08\/oaxaca-tsjo-busca-estar-la-vanguardia-la-aplicacion-justicia-equidad-genero\/\" rel=\"bookmark\">OAXACA: TSJO busca estar a la vanguardia en la aplicaci\u00f3n de justicia con equidad de g\u00e9nero<\/a><\/h2>\n<\/div>\n<p>eloriente.net 8 de diciembre de 2016 Para abonar en la consolidaci\u00f3n de un modelo de justicia igualitaria y generar un entorno de actuaci\u00f3n con perspectiva de g\u00e9nero,\u2026<\/p>\n<p class=\"postmeta\"><span class=\"meta_date\">diciembre 8, 2016<\/span><\/p>\n<div class=\"toolbar-social\"><\/div>\n<\/div>\n<div class=\"featuredpost\">\n<div class=\"flow_hide\">\n<p><a href=\"http:\/\/www.eloriente.net\/home\/2016\/12\/08\/videocolumna-comite-ciudadano-la-corrupcion-alejandro-cruz-pimentel\/\" rel=\"bookmark\"><img decoding=\"async\" class=\"alignleft\" title=\"VIDEOCOLUMNA: Comit\u00e9 Ciudadano contra la corrupci\u00f3n. Por Alejandro Cruz Pimentel\" src=\"http:\/\/www.eloriente.net\/home\/wp-content\/themes\/city-desk\/timthumb.php?src=http%3A%2F%2Fwww.eloriente.net%2Fhome%2Fwp-content%2Fuploads%2F2016%2F12%2FALEJANDRO-CRUZ-8-DE-DICIEMBRE.jpg&amp;q=90&amp;w=70&amp;h=45&amp;zc=1\" alt=\"VIDEOCOLUMNA: Comit\u00e9 Ciudadano contra la corrupci\u00f3n. Por Alejandro Cruz Pimentel\" \/><\/a><\/p>\n<h2 class=\"posttitle \"><a title=\"Enlace Permanente a VIDEOCOLUMNA: Comit\u00e9 Ciudadano contra la corrupci\u00f3n. Por Alejandro Cruz Pimentel\" href=\"http:\/\/www.eloriente.net\/home\/2016\/12\/08\/videocolumna-comite-ciudadano-la-corrupcion-alejandro-cruz-pimentel\/\" rel=\"bookmark\">VIDEOCOLUMNA: Comit\u00e9 Ciudadano contra la corrupci\u00f3n. Por Alejandro Cruz Pimentel<\/a><\/h2>\n<\/div>\n<p>eloriente.net 8 de diciembre de 2016 \u201cLa gesti\u00f3n por resultados debe ser la nueva forma de ejercer el poder por parte de este nuevo gobierno.\u201d Esta semana\u2026<\/p>\n<p class=\"postmeta\"><span class=\"meta_date\">diciembre 8, 2016<\/span><\/p>\n<div class=\"toolbar-social\"><\/div>\n<\/div>\n<div class=\"featuredpost\">\n<div class=\"flow_hide\">\n<p><a href=\"http:\/\/www.eloriente.net\/home\/2016\/12\/08\/actividades-culturales-oaxaca-no-te-puedes-perder-del-8-al-15-diciembre\/\" rel=\"bookmark\"><img decoding=\"async\" class=\"alignleft\" title=\"Actividades culturales en Oaxaca que no te puedes perder (del 8 al 15 de diciembre)\" src=\"http:\/\/www.eloriente.net\/home\/wp-content\/themes\/city-desk\/timthumb.php?src=http%3A%2F%2Fwww.eloriente.net%2Fhome%2Fwp-content%2Fuploads%2F2016%2F12%2Flana-1815410_1920.jpg&amp;q=90&amp;w=70&amp;h=45&amp;zc=1\" alt=\"Actividades culturales en Oaxaca que no te puedes perder (del 8 al 15 de diciembre)\" \/><\/a><\/p>\n<h2 class=\"posttitle \"><a title=\"Enlace Permanente a Actividades culturales en Oaxaca que no te puedes perder (del 8 al 15 de diciembre)\" href=\"http:\/\/www.eloriente.net\/home\/2016\/12\/08\/actividades-culturales-oaxaca-no-te-puedes-perder-del-8-al-15-diciembre\/\" rel=\"bookmark\">Actividades culturales en Oaxaca que no te puedes perder (del 8 al 15 de diciembre)<\/a><\/h2>\n<\/div>\n<p>(www.eloriente.net; M\u00e9xico a 8 de diciembre de 2016).- Por Jessica Lamadrid En esta ocasi\u00f3n como parte de la agenda cultural que compartimos cada jueves recopilamos una serie de\u2026<\/p>\n<p class=\"postmeta\"><span class=\"meta_date\">diciembre 8, 2016<\/span><\/p>\n<\/div>\n\n\t\t\t  <div \n\t\t\t  \tclass = \"fb-comments\" \n\t\t\t  \tdata-href = \"http:\/\/www.eloriente.net\/home\/2016\/12\/09\/internacional-entorno-digital-la-transformacion-la-escena-cultural-mundial\/\"\n\t\t\t  \tdata-numposts = \"10\"\n\t\t\t\tdata-colorscheme = \"dark\"\n\t\t\t\tdata-order-by = \"social\"\n\t\t\t\tdata-mobile=true>\n\t\t\t  <\/div>\n\t\t  <style>\n\t\t\t.fb_iframe_widget_fluid_desktop iframe {\n\t\t\t    width: 100% !important;\n\t\t\t}\n\t\t  <\/style>\n\t\t  ","protected":false},"excerpt":{"rendered":"<p>&nbsp; eloriente.net\/UNESCO 9 de diciembre de 2016 Par\u00eds Crecimiento vertiginoso del comercio electr\u00f3nico, auge de los espacios dedicados a la creaci\u00f3n digital, multiplicaci\u00f3n de plataformas de distribuci\u00f3n\u2026 en los \u00faltimos quince a\u00f1os, el entorno digital ha transformado radicalmente la escena cultural mundial, perturbando los mecanismos de regulaci\u00f3n y modificando el estatuto de los bienes y [&hellip;]<\/p>\n","protected":false},"author":44,"featured_media":46294,"comment_status":"open","ping_status":"open","sticky":false,"template":"","format":"standard","meta":{"_jetpack_memberships_contains_paid_content":false,"footnotes":""},"categories":[1588,18,32,35,10,24],"tags":[7299,7297,7298,7296,419],"class_list":["post-46293","post","type-post","status-publish","format-standard","has-post-thumbnail","hentry","category-comunicados-y-boletines","category-educacion-y-cultura","category-entradas","category-secciones-oriente","category-lo-mas-reciente","category-mexico-y-el-mundo","tag-comite-intergubernamental-para-la-proteccion-y-la-promocion-de-la-diversidad-de-las-expresiones-culturales","tag-entorno-digital","tag-expresiones-culturales","tag-fernando-griffith","tag-unesco"],"jetpack_featured_media_url":"http:\/\/www.eloriente.net\/home\/wp-content\/uploads\/2016\/12\/9105929623_5a5ffedf1c_k.jpg","jetpack_sharing_enabled":true,"_links":{"self":[{"href":"http:\/\/www.eloriente.net\/home\/wp-json\/wp\/v2\/posts\/46293"}],"collection":[{"href":"http:\/\/www.eloriente.net\/home\/wp-json\/wp\/v2\/posts"}],"about":[{"href":"http:\/\/www.eloriente.net\/home\/wp-json\/wp\/v2\/types\/post"}],"author":[{"embeddable":true,"href":"http:\/\/www.eloriente.net\/home\/wp-json\/wp\/v2\/users\/44"}],"replies":[{"embeddable":true,"href":"http:\/\/www.eloriente.net\/home\/wp-json\/wp\/v2\/comments?post=46293"}],"version-history":[{"count":3,"href":"http:\/\/www.eloriente.net\/home\/wp-json\/wp\/v2\/posts\/46293\/revisions"}],"predecessor-version":[{"id":46412,"href":"http:\/\/www.eloriente.net\/home\/wp-json\/wp\/v2\/posts\/46293\/revisions\/46412"}],"wp:featuredmedia":[{"embeddable":true,"href":"http:\/\/www.eloriente.net\/home\/wp-json\/wp\/v2\/media\/46294"}],"wp:attachment":[{"href":"http:\/\/www.eloriente.net\/home\/wp-json\/wp\/v2\/media?parent=46293"}],"wp:term":[{"taxonomy":"category","embeddable":true,"href":"http:\/\/www.eloriente.net\/home\/wp-json\/wp\/v2\/categories?post=46293"},{"taxonomy":"post_tag","embeddable":true,"href":"http:\/\/www.eloriente.net\/home\/wp-json\/wp\/v2\/tags?post=46293"}],"curies":[{"name":"wp","href":"https:\/\/api.w.org\/{rel}","templated":true}]}}