{"id":46301,"date":"2016-12-10T21:39:50","date_gmt":"2016-12-11T03:39:50","guid":{"rendered":"http:\/\/www.eloriente.net\/home\/?p=46301"},"modified":"2016-12-10T21:39:50","modified_gmt":"2016-12-11T03:39:50","slug":"cultura-fallece-rafael-tovar-artifice-la-administracion-cultural","status":"publish","type":"post","link":"http:\/\/www.eloriente.net\/home\/2016\/12\/10\/cultura-fallece-rafael-tovar-artifice-la-administracion-cultural\/","title":{"rendered":"CULTURA: Fallece Rafael Tovar, art\u00edfice de la administraci\u00f3n cultural"},"content":{"rendered":"<p><script src=\"\/\/pagead2.googlesyndication.com\/pagead\/js\/adsbygoogle.js\" async=\"\"><\/script><!-- BANNER ELORIENTE INCRUSTADO NOTAS --> <ins class=\"adsbygoogle\" style=\"display: inline-block; width: 300px; height: 250px;\" data-ad-client=\"ca-pub-1136171134853753\" data-ad-slot=\"7974633627\"><\/ins><script>\/\/ <![CDATA[\n(adsbygoogle = window.adsbygoogle || []).push({});\n\/\/ ]]><\/script><br \/>\neloriente.net\/<a href=\"http:\/\/www.unamglobal.unam.mx\/\" target=\"_blank\">UNAM<\/a><\/p>\n<p>10 de diciembre de 2016<\/p>\n<p>Nota previa: \u00abLa familia de Rafael Tovar y de Teresa anunci\u00f3 un homenaje en su honor el 12 diciembre las 15:00 en el <a class=\"profileLink\" href=\"https:\/\/www.facebook.com\/cenartmexico\/\" data-hovercard=\"\/ajax\/hovercard\/page.php?id=122245507807109\" data-hovercard-prefer-more-content-show=\"1\">Centro Nacional de las Artes M\u00e9xico<\/a>, ciudad cultural que leg\u00f3\u00bb.<br \/>\n<iframe loading=\"lazy\" src=\"https:\/\/www.youtube.com\/embed\/o_EZQcF28bk\" width=\"560\" height=\"315\" frameborder=\"0\" allowfullscreen=\"allowfullscreen\"><\/iframe><\/p>\n<div class=\"entry-headline h5\">Rafael Tovar y de Teresa falleci\u00f3 el d\u00eda de hoy a los 62 a\u00f1os<\/div>\n<p>Rafael Tovar y de Teresa fue diplom\u00e1tico, abogado e historiador. Curs\u00f3 estudios de posgrado en Relaciones Internacionales, as\u00ed como la maestr\u00eda y doctorado en Historia de las Relaciones Internacionales en el siglo XX, en la Universidad de la Sorbona en Par\u00eds, Francia.<\/p>\n<p>Fue Coordinador General de la Conmemoraci\u00f3n del Bicentenario del inicio del movimiento de Independencia Nacional y el Centenario del movimiento de la Revoluci\u00f3n Mexicana, cargo que ocup\u00f3 hasta octubre de 2008; adem\u00e1s, de ser un estudioso del Porfiriato. Ingres\u00f3 al Servicio Exterior Mexicano en 1979.<br \/>\n<script src=\"\/\/pagead2.googlesyndication.com\/pagead\/js\/adsbygoogle.js\" async=\"\"><\/script><br \/>\n <!-- BANNER PEQUE\u00d1O PARA ENTRENOTAS EL ORIENTE --><br \/>\n <ins class=\"adsbygoogle\" style=\"display: inline-block; width: 468px; height: 60px;\" data-ad-client=\"ca-pub-1136171134853753\" data-ad-slot=\"4953536424\"><\/ins><br \/>\n<script>\/\/ <![CDATA[\n(adsbygoogle = window.adsbygoogle || []).push({});\n\/\/ ]]><\/script><br \/>\nS\u00edntesis Ampliada:<\/p>\n<p>Diplom\u00e1tico,\u00a0abogado, historiador y ensayista; naci\u00f3 el\u00a06 de abril\u00a0de\u00a01954\u00a0en la\u00a0Ciudad de M\u00e9xico.\u00a0Es Licenciado en Derecho por la\u00a0Universidad Aut\u00f3noma Metropolitana. Continu\u00f3 sus estudios en la\u00a0Universidad de la Sorbona\u00a0y la Escuela de Ciencias Pol\u00edticas en\u00a0Par\u00eds. El\u00a021 de diciembre de\u00a02015 fue nombrado Secretario de Cultura por el Presidente Enrique\u00a0Pe\u00f1a\u00a0Nieto, quien impuls\u00f3 la transformaci\u00f3n de Consejo Nacional para la Cultura y las Artes en una secretar\u00eda de Estado.<\/p>\n<p>Como servidor p\u00fablico, Rafael Tovar y de Teresa, fue presidente del Conaculta de 1992 a 1999, y de diciembre de 2012 a diciembre de 2015.<\/p>\n<p>Durante su gesti\u00f3n al frente del Conaculta fund\u00f3 el Sistema Nacional de Creadores de Arte, el Fondo Nacional para la Cultura y las Artes (Fonca), el Programa de Apoyo a la Infraestructura Cultural en los Estados (PAICE), el Canal 22, el Centro Nacional para la Cultura y las Artes, entre muchos otros organismos y programas.<\/p>\n<p>En su carrera de m\u00e1s de 30 a\u00f1os como funcionario p\u00fablico fue tambi\u00e9n\u00a0Director General del Instituto Nacional de Bellas Artes, y de 2001 a 2007 se desempe\u00f1\u00f3 como embajador de M\u00e9xico en Italia.<\/p>\n<p>Ha publicado varios libros como <i>Modernizaci\u00f3n y pol\u00edtica cultural<\/i>, del Fondo de Cultura Econ\u00f3mica, en 1994; la novela <i>Para\u00edso es tu memoria<\/i>, editorial Alfaguara, en 2009. Un a\u00f1o despu\u00e9s, en 2010, escribi\u00f3 <i>El \u00faltimo brindis de Don Porfirio<\/i>, editorial Taurus. En 2015 public\u00f3 <i>De la paz al olvido. Porfirio D\u00edaz y el final de un mundo<\/i>, editorial Taurus.<\/p>\n<p><a href=\"http:\/\/www.eloriente.net\/home\/wp-content\/uploads\/2016\/12\/Rafael-Tovar2-gobmx.jpg\" rel=\"attachment wp-att-46302\"><img loading=\"lazy\" decoding=\"async\" class=\"alignnone size-full wp-image-46302\" src=\"http:\/\/www.eloriente.net\/home\/wp-content\/uploads\/2016\/12\/Rafael-Tovar2-gobmx.jpg\" alt=\"rafael-tovar2-gobmx\" width=\"512\" height=\"512\" srcset=\"http:\/\/www.eloriente.net\/home\/wp-content\/uploads\/2016\/12\/Rafael-Tovar2-gobmx.jpg 512w, http:\/\/www.eloriente.net\/home\/wp-content\/uploads\/2016\/12\/Rafael-Tovar2-gobmx-150x150.jpg 150w, http:\/\/www.eloriente.net\/home\/wp-content\/uploads\/2016\/12\/Rafael-Tovar2-gobmx-300x300.jpg 300w, http:\/\/www.eloriente.net\/home\/wp-content\/uploads\/2016\/12\/Rafael-Tovar2-gobmx-50x50.jpg 50w, http:\/\/www.eloriente.net\/home\/wp-content\/uploads\/2016\/12\/Rafael-Tovar2-gobmx-144x144.jpg 144w\" sizes=\"(max-width: 512px) 100vw, 512px\" \/><\/a><\/p>\n<p>Imagen: Gob.Mx<\/p>\n<div class=\"featuredpost\">\n<div class=\"flow_hide\">\n<h2 class=\"posttitle bigposttitle\"><a title=\"Enlace Permanente a VIDEOCOLUMNA: Debemos ayudarnos. Por Gerardo Castellanos\" href=\"http:\/\/www.eloriente.net\/home\/2016\/12\/09\/videocolumna-debemos-ayudarnos-gerardo-castellanos\/\" rel=\"bookmark\">VIDEOCOLUMNA: Debemos ayudarnos. Por Gerardo Castellanos<\/a><\/h2>\n<\/div>\n<p>eloriente.net 9 de diciembre de 2016 Hay escasez de clientes y como saben el mercado de la ciudad de Oaxaca esta lleno de competidores. Para sobrevivir, \u201clo\u2026<\/p>\n<p class=\"postmeta\"><span class=\"meta_date\">diciembre 9, 2016<\/span><\/p>\n<div class=\"toolbar-social\">\n<div class=\"social-widget\">\n<div id=\"sharing-widget\"><a class=\"button icon-share\">Compartir<\/a><\/div>\n<\/div>\n<\/div>\n<\/div>\n<div class=\"featuredpost\">\n<div class=\"flow_hide\"><a href=\"http:\/\/www.eloriente.net\/home\/2016\/12\/08\/oaxaca-tsjo-busca-estar-la-vanguardia-la-aplicacion-justicia-equidad-genero\/\" rel=\"bookmark\"><img decoding=\"async\" class=\"alignleft\" title=\"OAXACA: TSJO busca estar a la vanguardia en la aplicaci\u00f3n de justicia con equidad de g\u00e9nero\" src=\"http:\/\/www.eloriente.net\/home\/wp-content\/themes\/city-desk\/timthumb.php?src=http%3A%2F%2Fwww.eloriente.net%2Fhome%2Fwp-content%2Fuploads%2F2016%2F12%2FTSJO-8-DE-DICIEMBRE.jpg&amp;q=90&amp;w=70&amp;h=45&amp;zc=1\" alt=\"OAXACA: TSJO busca estar a la vanguardia en la aplicaci\u00f3n de justicia con equidad de g\u00e9nero\" \/><\/a><\/p>\n<h2 class=\"posttitle \"><a title=\"Enlace Permanente a OAXACA: TSJO busca estar a la vanguardia en la aplicaci\u00f3n de justicia con equidad de g\u00e9nero\" href=\"http:\/\/www.eloriente.net\/home\/2016\/12\/08\/oaxaca-tsjo-busca-estar-la-vanguardia-la-aplicacion-justicia-equidad-genero\/\" rel=\"bookmark\">OAXACA: TSJO busca estar a la vanguardia en la aplicaci\u00f3n de justicia con equidad de g\u00e9nero<\/a><\/h2>\n<\/div>\n<p>eloriente.net 8 de diciembre de 2016 Para abonar en la consolidaci\u00f3n de un modelo de justicia igualitaria y generar un entorno de actuaci\u00f3n con perspectiva de g\u00e9nero,\u2026<\/p>\n<p class=\"postmeta\"><span class=\"meta_date\">diciembre 8, 2016<\/span><\/p>\n<\/div>\n\n\t\t\t  <div \n\t\t\t  \tclass = \"fb-comments\" \n\t\t\t  \tdata-href = \"http:\/\/www.eloriente.net\/home\/2016\/12\/10\/cultura-fallece-rafael-tovar-artifice-la-administracion-cultural\/\"\n\t\t\t  \tdata-numposts = \"10\"\n\t\t\t\tdata-colorscheme = \"dark\"\n\t\t\t\tdata-order-by = \"social\"\n\t\t\t\tdata-mobile=true>\n\t\t\t  <\/div>\n\t\t  <style>\n\t\t\t.fb_iframe_widget_fluid_desktop iframe {\n\t\t\t    width: 100% !important;\n\t\t\t}\n\t\t  <\/style>\n\t\t  ","protected":false},"excerpt":{"rendered":"<p>eloriente.net\/UNAM 10 de diciembre de 2016 Nota previa: \u00abLa familia de Rafael Tovar y de Teresa anunci\u00f3 un homenaje en su honor el 12 diciembre las 15:00 en el Centro Nacional de las Artes M\u00e9xico, ciudad cultural que leg\u00f3\u00bb. Rafael Tovar y de Teresa falleci\u00f3 el d\u00eda de hoy a los 62 a\u00f1os Rafael Tovar [&hellip;]<\/p>\n","protected":false},"author":1,"featured_media":46302,"comment_status":"open","ping_status":"open","sticky":false,"template":"","format":"standard","meta":{"_jetpack_memberships_contains_paid_content":false,"footnotes":""},"categories":[49,32,10,24],"tags":[5315,3317,4987,7300],"class_list":["post-46301","post","type-post","status-publish","format-standard","has-post-thumbnail","hentry","category-destacadas","category-entradas","category-lo-mas-reciente","category-mexico-y-el-mundo","tag-cultura-mexico","tag-cultura-oaxaca","tag-secretaria-de-cultura","tag-tovar-y-de-teresa"],"jetpack_featured_media_url":"http:\/\/www.eloriente.net\/home\/wp-content\/uploads\/2016\/12\/Rafael-Tovar2-gobmx.jpg","jetpack_sharing_enabled":true,"_links":{"self":[{"href":"http:\/\/www.eloriente.net\/home\/wp-json\/wp\/v2\/posts\/46301"}],"collection":[{"href":"http:\/\/www.eloriente.net\/home\/wp-json\/wp\/v2\/posts"}],"about":[{"href":"http:\/\/www.eloriente.net\/home\/wp-json\/wp\/v2\/types\/post"}],"author":[{"embeddable":true,"href":"http:\/\/www.eloriente.net\/home\/wp-json\/wp\/v2\/users\/1"}],"replies":[{"embeddable":true,"href":"http:\/\/www.eloriente.net\/home\/wp-json\/wp\/v2\/comments?post=46301"}],"version-history":[{"count":1,"href":"http:\/\/www.eloriente.net\/home\/wp-json\/wp\/v2\/posts\/46301\/revisions"}],"predecessor-version":[{"id":46304,"href":"http:\/\/www.eloriente.net\/home\/wp-json\/wp\/v2\/posts\/46301\/revisions\/46304"}],"wp:featuredmedia":[{"embeddable":true,"href":"http:\/\/www.eloriente.net\/home\/wp-json\/wp\/v2\/media\/46302"}],"wp:attachment":[{"href":"http:\/\/www.eloriente.net\/home\/wp-json\/wp\/v2\/media?parent=46301"}],"wp:term":[{"taxonomy":"category","embeddable":true,"href":"http:\/\/www.eloriente.net\/home\/wp-json\/wp\/v2\/categories?post=46301"},{"taxonomy":"post_tag","embeddable":true,"href":"http:\/\/www.eloriente.net\/home\/wp-json\/wp\/v2\/tags?post=46301"}],"curies":[{"name":"wp","href":"https:\/\/api.w.org\/{rel}","templated":true}]}}