{"id":46329,"date":"2016-12-12T17:35:25","date_gmt":"2016-12-12T23:35:25","guid":{"rendered":"http:\/\/www.eloriente.net\/home\/?p=46329"},"modified":"2016-12-12T17:35:25","modified_gmt":"2016-12-12T23:35:25","slug":"videocolumna-la-salud-las-mujeres-no-se-juega-karina-baron","status":"publish","type":"post","link":"http:\/\/www.eloriente.net\/home\/2016\/12\/12\/videocolumna-la-salud-las-mujeres-no-se-juega-karina-baron\/","title":{"rendered":"VIDEOCOLUMNA: Con la salud de las mujeres no se juega.Por Karina Bar\u00f3n"},"content":{"rendered":"<p><script src=\"\/\/pagead2.googlesyndication.com\/pagead\/js\/adsbygoogle.js\" async=\"\"><\/script><!-- BANNER ELORIENTE INCRUSTADO NOTAS --> <ins class=\"adsbygoogle\" style=\"display: inline-block; width: 300px; height: 250px;\" data-ad-client=\"ca-pub-1136171134853753\" data-ad-slot=\"7974633627\"><\/ins><script>\/\/ <![CDATA[\n(adsbygoogle = window.adsbygoogle || []).push({});\n\/\/ ]]><\/script><\/p>\n<p>&nbsp;<\/p>\n<p>eloriente.net<\/p>\n<p>12 de diciembre de 2016<\/p>\n<p>\u00abEl triste caso del elevado \u00edndice de muertes maternas en Oaxaca, es uno de esos asuntos urgentes que requieren atenci\u00f3n inmediata.<br \/>\nEn 2016, Oaxaca ocup\u00f3 el deshonroso primer lugar en la tabla nacional de mortalidad materna.\u00bb<\/p>\n<p><a class=\"profileLink\" href=\"https:\/\/www.facebook.com\/KarinaBaronO\/\" data-hovercard=\"\/ajax\/hovercard\/page.php?id=1608616546024857\" data-hovercard-prefer-more-content-show=\"1\">Karina Bar\u00f3n<\/a> habla sobre la urgencia de resolver el problema de las muertes maternas en Oaxaca.<\/p>\n<p><iframe loading=\"lazy\" style=\"border: none; overflow: hidden;\" src=\"https:\/\/www.facebook.com\/plugins\/video.php?href=https%3A%2F%2Fwww.facebook.com%2F443535572345554%2Fvideos%2F1379431545422614%2F&amp;show_text=0&amp;width=560\" width=\"560\" height=\"315\" frameborder=\"0\" scrolling=\"no\" allowfullscreen=\"allowfullscreen\"><\/iframe><\/p>\n<p><script src=\"\/\/pagead2.googlesyndication.com\/pagead\/js\/adsbygoogle.js\" async=\"\"><\/script><!-- BANNER PEQUE\u00d1O PARA ENTRENOTAS EL ORIENTE --> <ins class=\"adsbygoogle\" style=\"display: inline-block; width: 468px; height: 60px;\" data-ad-client=\"ca-pub-1136171134853753\" data-ad-slot=\"4953536424\"><\/ins><script>\/\/ <![CDATA[\n(adsbygoogle = window.adsbygoogle || []).push({});\n\/\/ ]]><\/script><\/p>\n<p>Karina Bar\u00f3n es Licenciada en Derecho por la Universidad Aut\u00f3noma Benito Ju\u00e1rez de Oaxaca, fue dirigente nacional de la Uni\u00f3n General Obrero, Campesina y Popular A.C. (UGOCP), integrante de la Coordinaci\u00f3n Estatal de Nueva Izquierda en Oaxaca.<\/p>\n<p>Actualmente es integrante de la Comisi\u00f3n de Agricultura y Sistemas de Riego, Secretaria de las comisiones de Desarrollo Social y Asuntos Frontera Sur-Sureste, y Presidenta de la Comisi\u00f3n de seguimiento al Programa Especial Concurrente Anexo 11.1\u00a0en la C\u00e1mara de Diputados.<\/p>\n<p><a href=\"http:\/\/www.eloriente.net\/home\/wp-content\/uploads\/2016\/12\/KARINA-BARO\u0301N-12-de-diciembre.jpg\" rel=\"attachment wp-att-46330\"><img loading=\"lazy\" decoding=\"async\" class=\"alignnone wp-image-46330\" src=\"http:\/\/www.eloriente.net\/home\/wp-content\/uploads\/2016\/12\/KARINA-BARO\u0301N-12-de-diciembre.jpg\" alt=\"karina-baron-12-de-diciembre\" width=\"601\" height=\"338\" srcset=\"http:\/\/www.eloriente.net\/home\/wp-content\/uploads\/2016\/12\/KARINA-BARO\u0301N-12-de-diciembre.jpg 1920w, http:\/\/www.eloriente.net\/home\/wp-content\/uploads\/2016\/12\/KARINA-BARO\u0301N-12-de-diciembre-300x169.jpg 300w, http:\/\/www.eloriente.net\/home\/wp-content\/uploads\/2016\/12\/KARINA-BARO\u0301N-12-de-diciembre-768x432.jpg 768w, http:\/\/www.eloriente.net\/home\/wp-content\/uploads\/2016\/12\/KARINA-BARO\u0301N-12-de-diciembre-1024x576.jpg 1024w\" sizes=\"(max-width: 601px) 100vw, 601px\" \/><\/a><\/p>\n<p><strong>OTRAS VIDEOCOLUMNAS<\/strong><\/p>\n<div id=\"post-46325\" class=\"entry loop-default border_bottom_30 post-46325 post type-post status-publish format-standard has-post-thumbnail hentry category-articulistas category-carlos-spindola-perez-guerrero category-carlos-spindola-perez-guerrero-videoblogs category-educacion-y-cultura category-entradas category-estados category-musica-de-oaxaca category-oaxaca-estados category-principal category-videoblogs tag-carlos-spindola tag-musica-clasica tag-oaxaca tag-orquesta-sinfonica-de-oaxaca tag-sinfonica\">\n<h2 class=\"entry_title\"><a title=\"Enlace Permanente a VIDEOCOLUMNA: El futuro de la Orquesta Sinf\u00f3nica de Oaxaca. Por Carlos Sp\u00edndola\" href=\"http:\/\/www.eloriente.net\/home\/2016\/12\/12\/videocolumna-futuro-la-orquesta-sinfonica-oaxaca-carlos-spindola\/\" rel=\"bookmark\">VIDEOCOLUMNA: El futuro de la Orquesta Sinf\u00f3nica de Oaxaca. Por Carlos Sp\u00edndola<\/a><\/h2>\n<p><a href=\"http:\/\/www.eloriente.net\/home\/2016\/12\/12\/videocolumna-futuro-la-orquesta-sinfonica-oaxaca-carlos-spindola\/\" rel=\"bookmark\"><img decoding=\"async\" class=\"alignleft\" title=\"VIDEOCOLUMNA: El futuro de la Orquesta Sinf\u00f3nica de Oaxaca. Por Carlos Sp\u00edndola\" src=\"http:\/\/www.eloriente.net\/home\/wp-content\/themes\/city-desk\/timthumb.php?src=http%3A%2F%2Fwww.eloriente.net%2Fhome%2Fwp-content%2Fuploads%2F2016%2F12%2FCARLOS-SPI%CC%81NDOLA-12-DE-DICIEMBRE-1-e1481585123226.jpg&amp;q=90&amp;w=160&amp;h=106&amp;zc=1\" alt=\"VIDEOCOLUMNA: El futuro de la Orquesta Sinf\u00f3nica de Oaxaca. Por Carlos Sp\u00edndola\" \/><\/a>\u00a0 eloriente.net 12 de diciembre de 2016 El pasado viernes 9 de diciembre termin\u00f3 la segunda temporada de conciertos de la Orquesta Sinf\u00f3nica de Oaxaca. Una que sorprendi\u00f3 de grata manera. En esta videocolumna, Carlos Carlos Spindola nos dice los puntos fuertes de esta temporada, de igual forma explica la importancia de que se le [\u2026]<\/p>\n<div class=\"toolbar-social\">\n<div class=\"social-widget\">\n<div id=\"sharing-widget\"><\/div>\n<\/div>\n<\/div>\n<p class=\"postmeta\"><span class=\"meta_date\">diciembre 12, 2016<\/span><\/p>\n<\/div>\n<div id=\"post-46322\" class=\"entry loop-default border_bottom_30 post-46322 post type-post status-publish format-standard has-post-thumbnail hentry category-alejandro-cruz-pimentel category-alejandro-cruz-pimentel-videoblogs category-colaboradores category-entradas category-estados category-oaxaca-estados category-politica-y-gobierno category-videoblogs tag-alejandro-cruz-pimentel tag-gabino-cue tag-gobierno tag-programa-de-uniformes tag-transparencia\">\n<h2 class=\"entry_title\"><a title=\"Enlace Permanente a VIDEOCOLUMNA: \u00bfA qui\u00e9n le creemos? Por Alejandro Cruz Pimentel\" href=\"http:\/\/www.eloriente.net\/home\/2016\/12\/12\/videocolumna-quien-le-creemos-alejandro-cruz-pimentel\/\" rel=\"bookmark\">VIDEOCOLUMNA: \u00bfA qui\u00e9n le creemos? Por Alejandro Cruz Pimentel<\/a><\/h2>\n<p><a href=\"http:\/\/www.eloriente.net\/home\/2016\/12\/12\/videocolumna-quien-le-creemos-alejandro-cruz-pimentel\/\" rel=\"bookmark\"><img decoding=\"async\" class=\"alignleft\" title=\"VIDEOCOLUMNA: \u00bfA qui\u00e9n le creemos? Por Alejandro Cruz Pimentel\" src=\"http:\/\/www.eloriente.net\/home\/wp-content\/themes\/city-desk\/timthumb.php?src=http%3A%2F%2Fwww.eloriente.net%2Fhome%2Fwp-content%2Fuploads%2F2016%2F12%2FALEJANDRO-CRUZ-11-DE-DICIEMBRE.jpg&amp;q=90&amp;w=160&amp;h=106&amp;zc=1\" alt=\"VIDEOCOLUMNA: \u00bfA qui\u00e9n le creemos? Por Alejandro Cruz Pimentel\" \/><\/a>\u00a0 eloriente.net 12 de diciembre de 2016 El programa de uniformes escolares de la estrategia bienestar est\u00e1 dando de que hablar respecto al pago a proveedores. De acuerdo a una solicitud de informaci\u00f3n dirigida a la Sedesoh Generando Bienestar Oaxaca, al 30 de septiembre ya se hab\u00edan pagado casi 337 millones de pesos de los [\u2026]<\/p>\n<div class=\"toolbar-social\">\n<div class=\"social-widget\">\n<div id=\"sharing-widget\"><\/div>\n<\/div>\n<\/div>\n<p class=\"postmeta\"><span class=\"meta_date\">diciembre 12, 2016<\/span><\/p>\n<\/div>\n<div id=\"post-46318\" class=\"entry loop-default border_bottom_30 post-46318 post type-post status-publish format-standard has-post-thumbnail hentry category-educacion-y-cultura category-entradas category-estados category-historia category-oaxaca-estados category-salvador-siguenza-orozco category-videoblogs tag-flores-magon tag-historia tag-oaxaca tag-partido-liberal tag-salvador-siguenza-orozco tag-videocolumna\">\n<h2 class=\"entry_title\"><a title=\"Enlace Permanente a VIDEOCOLUMNA: Los hermanos Flores Mag\u00f3n y el Programa del Partido Liberal Mexicano. Por Salvador Sig\u00fcenza\" href=\"http:\/\/www.eloriente.net\/home\/2016\/12\/12\/videocolumna-los-hermanos-flores-magon-programa-del-partido-liberal-mexicano-salvador-siguenza\/\" rel=\"bookmark\">VIDEOCOLUMNA: Los hermanos Flores Mag\u00f3n y el Programa del Partido Liberal Mexicano. Por Salvador Sig\u00fcenza<\/a><\/h2>\n<p><a href=\"http:\/\/www.eloriente.net\/home\/2016\/12\/12\/videocolumna-los-hermanos-flores-magon-programa-del-partido-liberal-mexicano-salvador-siguenza\/\" rel=\"bookmark\"><img decoding=\"async\" class=\"alignleft\" title=\"VIDEOCOLUMNA: Los hermanos Flores Mag\u00f3n y el Programa del Partido Liberal Mexicano. Por Salvador Sig\u00fcenza\" src=\"http:\/\/www.eloriente.net\/home\/wp-content\/themes\/city-desk\/timthumb.php?src=http%3A%2F%2Fwww.eloriente.net%2Fhome%2Fwp-content%2Fuploads%2F2016%2F12%2FSALVADOR-SIGU%CC%88ENZA-9-DE-DICIEMBRE.jpg&amp;q=90&amp;w=160&amp;h=106&amp;zc=1\" alt=\"VIDEOCOLUMNA: Los hermanos Flores Mag\u00f3n y el Programa del Partido Liberal Mexicano. Por Salvador Sig\u00fcenza\" \/><\/a>\u00a0 eloriente.net 12 de diciembre de 2016 Continuando con su serie sobre historia de Oaxaca, Salvador Sig\u00fcenza nos platica en esta ocasi\u00f3n sobre los hermanos Flores Mag\u00f3n y el Programa del Partido Liberal Mexicano. Salvador, entre otras cosas, es Profesor-Investigador del CIESAS Pac\u00edfico Sur (Centro de Investigaciones y Estudios Superiores en Antropolog\u00eda Social Unidad Pac\u00edfico [\u2026]<\/p>\n<\/div>\n\n\t\t\t  <div \n\t\t\t  \tclass = \"fb-comments\" \n\t\t\t  \tdata-href = \"http:\/\/www.eloriente.net\/home\/2016\/12\/12\/videocolumna-la-salud-las-mujeres-no-se-juega-karina-baron\/\"\n\t\t\t  \tdata-numposts = \"10\"\n\t\t\t\tdata-colorscheme = \"dark\"\n\t\t\t\tdata-order-by = \"social\"\n\t\t\t\tdata-mobile=true>\n\t\t\t  <\/div>\n\t\t  <style>\n\t\t\t.fb_iframe_widget_fluid_desktop iframe {\n\t\t\t    width: 100% !important;\n\t\t\t}\n\t\t  <\/style>\n\t\t  ","protected":false},"excerpt":{"rendered":"<p>&nbsp; eloriente.net 12 de diciembre de 2016 \u00abEl triste caso del elevado \u00edndice de muertes maternas en Oaxaca, es uno de esos asuntos urgentes que requieren atenci\u00f3n inmediata. En 2016, Oaxaca ocup\u00f3 el deshonroso primer lugar en la tabla nacional de mortalidad materna.\u00bb Karina Bar\u00f3n habla sobre la urgencia de resolver el problema de las [&hellip;]<\/p>\n","protected":false},"author":44,"featured_media":46330,"comment_status":"open","ping_status":"open","sticky":false,"template":"","format":"standard","meta":{"_jetpack_memberships_contains_paid_content":false,"footnotes":""},"categories":[91,32,63,6324,464,21,98],"tags":[4418,1196,7308,73,144],"class_list":["post-46329","post","type-post","status-publish","format-standard","has-post-thumbnail","hentry","category-congreso-y-justicia","category-entradas","category-estados","category-karina-baron","category-oaxaca-estados","category-politica-y-gobierno","category-videoblogs","tag-karina-baron","tag-madres","tag-mortalidad-materna","tag-oaxaca","tag-salud-2"],"jetpack_featured_media_url":"http:\/\/www.eloriente.net\/home\/wp-content\/uploads\/2016\/12\/KARINA-BARO\u0301N-12-de-diciembre.jpg","jetpack_sharing_enabled":true,"_links":{"self":[{"href":"http:\/\/www.eloriente.net\/home\/wp-json\/wp\/v2\/posts\/46329"}],"collection":[{"href":"http:\/\/www.eloriente.net\/home\/wp-json\/wp\/v2\/posts"}],"about":[{"href":"http:\/\/www.eloriente.net\/home\/wp-json\/wp\/v2\/types\/post"}],"author":[{"embeddable":true,"href":"http:\/\/www.eloriente.net\/home\/wp-json\/wp\/v2\/users\/44"}],"replies":[{"embeddable":true,"href":"http:\/\/www.eloriente.net\/home\/wp-json\/wp\/v2\/comments?post=46329"}],"version-history":[{"count":1,"href":"http:\/\/www.eloriente.net\/home\/wp-json\/wp\/v2\/posts\/46329\/revisions"}],"predecessor-version":[{"id":46331,"href":"http:\/\/www.eloriente.net\/home\/wp-json\/wp\/v2\/posts\/46329\/revisions\/46331"}],"wp:featuredmedia":[{"embeddable":true,"href":"http:\/\/www.eloriente.net\/home\/wp-json\/wp\/v2\/media\/46330"}],"wp:attachment":[{"href":"http:\/\/www.eloriente.net\/home\/wp-json\/wp\/v2\/media?parent=46329"}],"wp:term":[{"taxonomy":"category","embeddable":true,"href":"http:\/\/www.eloriente.net\/home\/wp-json\/wp\/v2\/categories?post=46329"},{"taxonomy":"post_tag","embeddable":true,"href":"http:\/\/www.eloriente.net\/home\/wp-json\/wp\/v2\/tags?post=46329"}],"curies":[{"name":"wp","href":"https:\/\/api.w.org\/{rel}","templated":true}]}}