{"id":46345,"date":"2016-12-13T17:52:22","date_gmt":"2016-12-13T23:52:22","guid":{"rendered":"http:\/\/www.eloriente.net\/home\/?p=46345"},"modified":"2016-12-13T17:52:22","modified_gmt":"2016-12-13T23:52:22","slug":"videocolumna-felices-fiestas-navidenas-raul-maldonado-mendoza","status":"publish","type":"post","link":"http:\/\/www.eloriente.net\/home\/2016\/12\/13\/videocolumna-felices-fiestas-navidenas-raul-maldonado-mendoza\/","title":{"rendered":"VIDEOCOLUMNA: \u00a1Felices fiestas navide\u00f1as! Por Ra\u00fal Maldonado Mendoza"},"content":{"rendered":"<p><script src=\"\/\/pagead2.googlesyndication.com\/pagead\/js\/adsbygoogle.js\" async=\"\"><\/script><!-- BANNER ELORIENTE INCRUSTADO NOTAS --> <ins class=\"adsbygoogle\" style=\"display: inline-block; width: 300px; height: 250px;\" data-ad-client=\"ca-pub-1136171134853753\" data-ad-slot=\"7974633627\"><\/ins><script>\/\/ <![CDATA[\n(adsbygoogle = window.adsbygoogle || []).push({});\n\/\/ ]]><\/script><\/p>\n<p>&nbsp;<\/p>\n<p>eloriente.net<\/p>\n<p>13 de diciembre de 2016<\/p>\n<p>Esta semana <a class=\"profileLink\" href=\"https:\/\/www.facebook.com\/raul.maldonadomendoza.9\" data-hovercard=\"\/ajax\/hovercard\/user.php?id=100001942230138\" data-hovercard-prefer-more-content-show=\"1\">Ra\u00fal Maldonado Mendoza<\/a> nos habla sobre el festival Iluminando la Navidad 2016, sobre las fiestas decembrinas y el significado de las mismas.<\/p>\n<p><iframe loading=\"lazy\" style=\"border: none; overflow: hidden;\" src=\"https:\/\/www.facebook.com\/plugins\/video.php?href=https%3A%2F%2Fwww.facebook.com%2F443535572345554%2Fvideos%2F1380967638602338%2F&amp;show_text=0&amp;width=560\" width=\"560\" height=\"315\" frameborder=\"0\" scrolling=\"no\" allowfullscreen=\"allowfullscreen\"><\/iframe><\/p>\n<p><script src=\"\/\/pagead2.googlesyndication.com\/pagead\/js\/adsbygoogle.js\" async=\"\"><\/script><!-- BANNER PEQUE\u00d1O PARA ENTRENOTAS EL ORIENTE --> <ins class=\"adsbygoogle\" style=\"display: inline-block; width: 468px; height: 60px;\" data-ad-client=\"ca-pub-1136171134853753\" data-ad-slot=\"4953536424\"><\/ins><script>\/\/ <![CDATA[\n(adsbygoogle = window.adsbygoogle || []).push({});\n\/\/ ]]><\/script><\/p>\n<p>Ra\u00fal Maldonado Mendoza es\u00a0Licenciado en Derecho por la UABJO,\u00a0Campe\u00f3n Nacional de Oratoria\u00a0representando al Estado de Oaxaca en el Concurso\u00a0\u201cUn Siglo de Sindicalismo en M\u00e9xico\u201d, organizado por la CTM. Igualmente\u00a0Director del Programa Radiof\u00f3nico \u201cVoz, Educaci\u00f3n y Comunidad\u201d del CSEIIO. Es autor de la obra literaria \u201cPoemas a la Vida\u201d editada en disco compacto por la UABJO.<\/p>\n<p><a href=\"http:\/\/www.eloriente.net\/home\/wp-content\/uploads\/2016\/12\/RAU\u0301L-MALDONADO-13-DE-DICIEMBRE.jpg\" rel=\"attachment wp-att-46346\"><img loading=\"lazy\" decoding=\"async\" class=\"alignnone  wp-image-46346\" src=\"http:\/\/www.eloriente.net\/home\/wp-content\/uploads\/2016\/12\/RAU\u0301L-MALDONADO-13-DE-DICIEMBRE.jpg\" alt=\"raul-maldonado-13-de-diciembre\" width=\"601\" height=\"338\" srcset=\"http:\/\/www.eloriente.net\/home\/wp-content\/uploads\/2016\/12\/RAU\u0301L-MALDONADO-13-DE-DICIEMBRE.jpg 1920w, http:\/\/www.eloriente.net\/home\/wp-content\/uploads\/2016\/12\/RAU\u0301L-MALDONADO-13-DE-DICIEMBRE-300x169.jpg 300w, http:\/\/www.eloriente.net\/home\/wp-content\/uploads\/2016\/12\/RAU\u0301L-MALDONADO-13-DE-DICIEMBRE-768x432.jpg 768w, http:\/\/www.eloriente.net\/home\/wp-content\/uploads\/2016\/12\/RAU\u0301L-MALDONADO-13-DE-DICIEMBRE-1024x576.jpg 1024w\" sizes=\"(max-width: 601px) 100vw, 601px\" \/><\/a><\/p>\n<p><strong>OTRAS VIDEOCOLUMNAS<\/strong><\/p>\n<div id=\"post-46329\" class=\"entry loop-default border_bottom_30 post-46329 post type-post status-publish format-standard has-post-thumbnail hentry category-congreso-y-justicia category-entradas category-estados category-karina-baron category-oaxaca-estados category-politica-y-gobierno category-videoblogs tag-karina-baron tag-madres tag-mortalidad-materna tag-oaxaca tag-salud-2\">\n<h2 class=\"entry_title\"><a title=\"Enlace Permanente a VIDEOCOLUMNA: Con la salud de las mujeres no se juega.Por Karina Bar\u00f3n\" href=\"http:\/\/www.eloriente.net\/home\/2016\/12\/12\/videocolumna-la-salud-las-mujeres-no-se-juega-karina-baron\/\" rel=\"bookmark\">VIDEOCOLUMNA: Con la salud de las mujeres no se juega.Por Karina Bar\u00f3n<\/a><\/h2>\n<p><a href=\"http:\/\/www.eloriente.net\/home\/2016\/12\/12\/videocolumna-la-salud-las-mujeres-no-se-juega-karina-baron\/\" rel=\"bookmark\"><img decoding=\"async\" class=\"alignleft\" title=\"VIDEOCOLUMNA: Con la salud de las mujeres no se juega.Por Karina Bar\u00f3n\" src=\"http:\/\/www.eloriente.net\/home\/wp-content\/themes\/city-desk\/timthumb.php?src=http%3A%2F%2Fwww.eloriente.net%2Fhome%2Fwp-content%2Fuploads%2F2016%2F12%2FKARINA-BARO%CC%81N-12-de-diciembre.jpg&amp;q=90&amp;w=160&amp;h=106&amp;zc=1\" alt=\"VIDEOCOLUMNA: Con la salud de las mujeres no se juega.Por Karina Bar\u00f3n\" \/><\/a>\u00a0 eloriente.net 12 de diciembre de 2016 \u201cEl triste caso del elevado \u00edndice de muertes maternas en Oaxaca, es uno de esos asuntos urgentes que requieren atenci\u00f3n inmediata. En 2016, Oaxaca ocup\u00f3 el deshonroso primer lugar en la tabla nacional de mortalidad materna.\u201d Karina Bar\u00f3n habla sobre la urgencia de resolver el problema de las [\u2026]<\/p>\n<div class=\"toolbar-social\">\n<div class=\"social-widget\">\n<div id=\"sharing-widget\"><\/div>\n<\/div>\n<\/div>\n<p class=\"postmeta\"><span class=\"meta_date\">diciembre 12, 2016<\/span><\/p>\n<\/div>\n<div id=\"post-46325\" class=\"entry loop-default border_bottom_30 post-46325 post type-post status-publish format-standard has-post-thumbnail hentry category-articulistas category-carlos-spindola-perez-guerrero category-carlos-spindola-perez-guerrero-videoblogs category-educacion-y-cultura category-entradas category-estados category-musica-de-oaxaca category-oaxaca-estados category-principal category-videoblogs tag-carlos-spindola tag-musica-clasica tag-oaxaca tag-orquesta-sinfonica-de-oaxaca tag-sinfonica\">\n<h2 class=\"entry_title\"><a title=\"Enlace Permanente a VIDEOCOLUMNA: El futuro de la Orquesta Sinf\u00f3nica de Oaxaca. Por Carlos Sp\u00edndola\" href=\"http:\/\/www.eloriente.net\/home\/2016\/12\/12\/videocolumna-futuro-la-orquesta-sinfonica-oaxaca-carlos-spindola\/\" rel=\"bookmark\">VIDEOCOLUMNA: El futuro de la Orquesta Sinf\u00f3nica de Oaxaca. Por Carlos Sp\u00edndola<\/a><\/h2>\n<p><a href=\"http:\/\/www.eloriente.net\/home\/2016\/12\/12\/videocolumna-futuro-la-orquesta-sinfonica-oaxaca-carlos-spindola\/\" rel=\"bookmark\"><img decoding=\"async\" class=\"alignleft\" title=\"VIDEOCOLUMNA: El futuro de la Orquesta Sinf\u00f3nica de Oaxaca. Por Carlos Sp\u00edndola\" src=\"http:\/\/www.eloriente.net\/home\/wp-content\/themes\/city-desk\/timthumb.php?src=http%3A%2F%2Fwww.eloriente.net%2Fhome%2Fwp-content%2Fuploads%2F2016%2F12%2FCARLOS-SPI%CC%81NDOLA-12-DE-DICIEMBRE-1-e1481585123226.jpg&amp;q=90&amp;w=160&amp;h=106&amp;zc=1\" alt=\"VIDEOCOLUMNA: El futuro de la Orquesta Sinf\u00f3nica de Oaxaca. Por Carlos Sp\u00edndola\" \/><\/a>\u00a0 eloriente.net 12 de diciembre de 2016 El pasado viernes 9 de diciembre termin\u00f3 la segunda temporada de conciertos de la Orquesta Sinf\u00f3nica de Oaxaca. Una que sorprendi\u00f3 de grata manera. En esta videocolumna, Carlos Carlos Spindola nos dice los puntos fuertes de esta temporada, de igual forma explica la importancia de que se le [\u2026]<\/p>\n<div class=\"toolbar-social\">\n<div class=\"social-widget\">\n<div id=\"sharing-widget\"><\/div>\n<\/div>\n<\/div>\n<p class=\"postmeta\"><span class=\"meta_date\">diciembre 12, 2016<\/span><\/p>\n<\/div>\n<div id=\"post-46322\" class=\"entry loop-default border_bottom_30 post-46322 post type-post status-publish format-standard has-post-thumbnail hentry category-alejandro-cruz-pimentel category-alejandro-cruz-pimentel-videoblogs category-colaboradores category-entradas category-estados category-oaxaca-estados category-politica-y-gobierno category-videoblogs tag-alejandro-cruz-pimentel tag-gabino-cue tag-gobierno tag-programa-de-uniformes tag-transparencia\">\n<h2 class=\"entry_title\"><a title=\"Enlace Permanente a VIDEOCOLUMNA: \u00bfA qui\u00e9n le creemos? Por Alejandro Cruz Pimentel\" href=\"http:\/\/www.eloriente.net\/home\/2016\/12\/12\/videocolumna-quien-le-creemos-alejandro-cruz-pimentel\/\" rel=\"bookmark\">VIDEOCOLUMNA: \u00bfA qui\u00e9n le creemos? Por Alejandro Cruz Pimentel<\/a><\/h2>\n<p><a href=\"http:\/\/www.eloriente.net\/home\/2016\/12\/12\/videocolumna-quien-le-creemos-alejandro-cruz-pimentel\/\" rel=\"bookmark\"><img decoding=\"async\" class=\"alignleft\" title=\"VIDEOCOLUMNA: \u00bfA qui\u00e9n le creemos? Por Alejandro Cruz Pimentel\" src=\"http:\/\/www.eloriente.net\/home\/wp-content\/themes\/city-desk\/timthumb.php?src=http%3A%2F%2Fwww.eloriente.net%2Fhome%2Fwp-content%2Fuploads%2F2016%2F12%2FALEJANDRO-CRUZ-11-DE-DICIEMBRE.jpg&amp;q=90&amp;w=160&amp;h=106&amp;zc=1\" alt=\"VIDEOCOLUMNA: \u00bfA qui\u00e9n le creemos? Por Alejandro Cruz Pimentel\" \/><\/a>\u00a0 eloriente.net 12 de diciembre de 2016 El programa de uniformes escolares de la estrategia bienestar est\u00e1 dando de que hablar respecto al pago a proveedores. De acuerdo a una solicitud de informaci\u00f3n dirigida a la Sedesoh Generando Bienestar Oaxaca, al 30 de septiembre ya se hab\u00edan pagado casi 337 millones de pesos de los [\u2026]<\/p>\n<\/div>\n\n\t\t\t  <div \n\t\t\t  \tclass = \"fb-comments\" \n\t\t\t  \tdata-href = \"http:\/\/www.eloriente.net\/home\/2016\/12\/13\/videocolumna-felices-fiestas-navidenas-raul-maldonado-mendoza\/\"\n\t\t\t  \tdata-numposts = \"10\"\n\t\t\t\tdata-colorscheme = \"dark\"\n\t\t\t\tdata-order-by = \"social\"\n\t\t\t\tdata-mobile=true>\n\t\t\t  <\/div>\n\t\t  <style>\n\t\t\t.fb_iframe_widget_fluid_desktop iframe {\n\t\t\t    width: 100% !important;\n\t\t\t}\n\t\t  <\/style>\n\t\t  ","protected":false},"excerpt":{"rendered":"<p>&nbsp; eloriente.net 13 de diciembre de 2016 Esta semana Ra\u00fal Maldonado Mendoza nos habla sobre el festival Iluminando la Navidad 2016, sobre las fiestas decembrinas y el significado de las mismas. Ra\u00fal Maldonado Mendoza es\u00a0Licenciado en Derecho por la UABJO,\u00a0Campe\u00f3n Nacional de Oratoria\u00a0representando al Estado de Oaxaca en el Concurso\u00a0\u201cUn Siglo de Sindicalismo en M\u00e9xico\u201d, [&hellip;]<\/p>\n","protected":false},"author":44,"featured_media":46346,"comment_status":"open","ping_status":"open","sticky":false,"template":"","format":"standard","meta":{"_jetpack_memberships_contains_paid_content":false,"footnotes":""},"categories":[32,63,464,6884,98],"tags":[4439,3096,5552,6889,6772],"class_list":["post-46345","post","type-post","status-publish","format-standard","has-post-thumbnail","hentry","category-entradas","category-estados","category-oaxaca-estados","category-raul-cruz-maldonado","category-videoblogs","tag-diciembre","tag-fiestas-decembrinas","tag-navidad","tag-raul-maldonado","tag-raul-maldonado-mendoza"],"jetpack_featured_media_url":"http:\/\/www.eloriente.net\/home\/wp-content\/uploads\/2016\/12\/RAU\u0301L-MALDONADO-13-DE-DICIEMBRE.jpg","jetpack_sharing_enabled":true,"_links":{"self":[{"href":"http:\/\/www.eloriente.net\/home\/wp-json\/wp\/v2\/posts\/46345"}],"collection":[{"href":"http:\/\/www.eloriente.net\/home\/wp-json\/wp\/v2\/posts"}],"about":[{"href":"http:\/\/www.eloriente.net\/home\/wp-json\/wp\/v2\/types\/post"}],"author":[{"embeddable":true,"href":"http:\/\/www.eloriente.net\/home\/wp-json\/wp\/v2\/users\/44"}],"replies":[{"embeddable":true,"href":"http:\/\/www.eloriente.net\/home\/wp-json\/wp\/v2\/comments?post=46345"}],"version-history":[{"count":1,"href":"http:\/\/www.eloriente.net\/home\/wp-json\/wp\/v2\/posts\/46345\/revisions"}],"predecessor-version":[{"id":46347,"href":"http:\/\/www.eloriente.net\/home\/wp-json\/wp\/v2\/posts\/46345\/revisions\/46347"}],"wp:featuredmedia":[{"embeddable":true,"href":"http:\/\/www.eloriente.net\/home\/wp-json\/wp\/v2\/media\/46346"}],"wp:attachment":[{"href":"http:\/\/www.eloriente.net\/home\/wp-json\/wp\/v2\/media?parent=46345"}],"wp:term":[{"taxonomy":"category","embeddable":true,"href":"http:\/\/www.eloriente.net\/home\/wp-json\/wp\/v2\/categories?post=46345"},{"taxonomy":"post_tag","embeddable":true,"href":"http:\/\/www.eloriente.net\/home\/wp-json\/wp\/v2\/tags?post=46345"}],"curies":[{"name":"wp","href":"https:\/\/api.w.org\/{rel}","templated":true}]}}