{"id":46349,"date":"2016-12-14T09:35:50","date_gmt":"2016-12-14T15:35:50","guid":{"rendered":"http:\/\/www.eloriente.net\/home\/?p=46349"},"modified":"2016-12-14T09:35:50","modified_gmt":"2016-12-14T15:35:50","slug":"elecciones-anuncia-ieepco-denuncia-penal-hechos-violentos","status":"publish","type":"post","link":"http:\/\/www.eloriente.net\/home\/2016\/12\/14\/elecciones-anuncia-ieepco-denuncia-penal-hechos-violentos\/","title":{"rendered":"ELECCIONES: Anuncia IEEPCO denuncia penal por hechos violentos"},"content":{"rendered":"<p><script src=\"\/\/pagead2.googlesyndication.com\/pagead\/js\/adsbygoogle.js\" async=\"\"><\/script><!-- BANNER ELORIENTE INCRUSTADO NOTAS --> <ins class=\"adsbygoogle\" style=\"display: inline-block; width: 300px; height: 250px;\" data-ad-client=\"ca-pub-1136171134853753\" data-ad-slot=\"7974633627\"><\/ins><script>\/\/ <![CDATA[\n(adsbygoogle = window.adsbygoogle || []).push({});\n\/\/ ]]><\/script><br \/>\neloriente.net\/<a href=\"http:\/\/www.ieepco.org.mx\/\" target=\"_blank\">IEEPCO<\/a><\/p>\n<p>14 de diciembre de 2016*<\/p>\n<p>&#8211; Se presentar\u00e1 la denuncia penal correspondiente contra quienes resulten responsables de estos actos violentos.<\/p>\n<p>Las Consejeras y los Consejeros Electorales del Instituto Estatal Electoral y de Participaci\u00f3n Ciudadana de Oaxaca (IEEPCO) condenamos en\u00e9rgicamente la agresi\u00f3n realizada este d\u00eda al Consejero Electoral, Uriel P\u00e9rez Garc\u00eda por supuestos habitantes del municipio de San Sebasti\u00e1n Tutla en las oficinas del \u00f3rgano electoral.<\/p>\n<p>Es totalmente reprobable que se utilice la violencia como recurso en lugar de las v\u00edas del di\u00e1logo para la resoluci\u00f3n de inconformidades. El \u00f3rgano electoral cuenta con los elementos suficientes de prueba y presentar\u00e1 la denuncia penal correspondiente en contra de las personas responsables de este deleznable acto.<\/p>\n<p>Hacemos una solicitud a las instancias de procuraci\u00f3n de justicia para que act\u00faen de conformidad y se realice la investigaci\u00f3n correspondiente, as\u00ed como se aplique la ley a quienes resulten responsables.<\/p>\n<p>&nbsp;<br \/>\n<script src=\"\/\/pagead2.googlesyndication.com\/pagead\/js\/adsbygoogle.js\" async=\"\"><\/script><br \/>\n <!-- BANNER PEQUE\u00d1O PARA ENTRENOTAS EL ORIENTE --><br \/>\n <ins class=\"adsbygoogle\" style=\"display: inline-block; width: 468px; height: 60px;\" data-ad-client=\"ca-pub-1136171134853753\" data-ad-slot=\"4953536424\"><\/ins><br \/>\n<script>\/\/ <![CDATA[\n(adsbygoogle = window.adsbygoogle || []).push({});\n\/\/ ]]><\/script><br \/>\n&nbsp;<\/p>\n<p>La impunidad de estos actos pone en riesgo la funci\u00f3n electoral, cuyo objetivo es el bienestar de la sociedad oaxaque\u00f1a y el fortalecimiento de la democracia.<\/p>\n<p>El \u00f3rgano electoral ha sido garante de la libre autodeterminaci\u00f3n de las comunidades, vigilando el respeto a las garant\u00edas establecidas por la Constituci\u00f3n Pol\u00edtica de los Estados Unidos Mexicanos y la Particular del Estado.<\/p>\n<p>De ninguna manera la violencia es la soluci\u00f3n a los conflictos o a las diferencias, es a trav\u00e9s del di\u00e1logo como se llevan a cabo procesos pac\u00edficos en beneficio de la comunidad.<\/p>\n<p>Exhortamos a todas los municipios que realizan elecciones para renovar a sus autoridades a buscar soluciones pac\u00edficas a cualquier inconformidad, ya sea en el interior de la comunidad o bien en los trabajos de mediaci\u00f3n realizados por el \u00f3rgano electoral.<\/p>\n<p>Durante los procesos electorales es mandato constitucional la inclusi\u00f3n de las mujeres para votar y ser votadas as\u00ed como el respeto a la universalidad del sufragio, es decir, que puedan participar todas y todos los habitantes de las comunidades.<\/p>\n<p>Hacemos un enf\u00e1tico llamado a los municipios a conducirse con respeto a la Ley y a las instituciones, utilizando el di\u00e1logo as\u00ed como los recursos legales correspondientes para la resoluci\u00f3n de inconformidades.<\/p>\n<p><a href=\"http:\/\/www.eloriente.net\/home\/wp-content\/uploads\/2016\/12\/IEEPCO.png\" rel=\"attachment wp-att-46350\"><img loading=\"lazy\" decoding=\"async\" class=\"alignnone size-medium wp-image-46350\" src=\"http:\/\/www.eloriente.net\/home\/wp-content\/uploads\/2016\/12\/IEEPCO-300x158.png\" alt=\"ieepco\" width=\"300\" height=\"158\" srcset=\"http:\/\/www.eloriente.net\/home\/wp-content\/uploads\/2016\/12\/IEEPCO-300x158.png 300w, http:\/\/www.eloriente.net\/home\/wp-content\/uploads\/2016\/12\/IEEPCO-768x404.png 768w, http:\/\/www.eloriente.net\/home\/wp-content\/uploads\/2016\/12\/IEEPCO-1024x538.png 1024w, http:\/\/www.eloriente.net\/home\/wp-content\/uploads\/2016\/12\/IEEPCO.png 1200w\" sizes=\"(max-width: 300px) 100vw, 300px\" \/><\/a><\/p>\n<p>&nbsp;<\/p>\n<p><strong>OTRAS ENTRADAS:<\/strong><\/p>\n<div class=\"featuredpost\">\n<div class=\"flow_hide\">\n<h2 class=\"posttitle bigposttitle\"><a title=\"Enlace Permanente a VIDEOCOLUMNA: \u00a1Felices fiestas navide\u00f1as! Por Ra\u00fal Maldonado Mendoza\" href=\"http:\/\/www.eloriente.net\/home\/2016\/12\/13\/videocolumna-felices-fiestas-navidenas-raul-maldonado-mendoza\/\" rel=\"bookmark\">\u00a1Felices fiestas navide\u00f1as! Por Ra\u00fal Maldonado Mendoza<\/a><\/h2>\n<\/div>\n<p>eloriente.net 13 de diciembre de 2016 Esta semana Ra\u00fal Maldonado Mendoza nos habla sobre el festival Iluminando la Navidad 2016, sobre las fiestas decembrinas y el significado\u2026<\/p>\n<p class=\"postmeta\"><span class=\"meta_date\">diciembre 13, 2016<\/span><\/p>\n<div class=\"toolbar-social\">\n<div class=\"social-widget\">\n<div id=\"sharing-widget\"><a class=\"button icon-share\">Compartir<\/a><\/div>\n<\/div>\n<\/div>\n<\/div>\n<div class=\"featuredpost\">\n<div class=\"flow_hide\">\n<p><a href=\"http:\/\/www.eloriente.net\/home\/2016\/12\/13\/la-cultura-tiempo-amistad-juan-pablo-vasconcelos\/\" rel=\"bookmark\"><img decoding=\"async\" class=\"alignleft\" title=\"ES LA CULTURA: Tiempo de Amistad. Por Juan Pablo Vasconcelos\" src=\"http:\/\/www.eloriente.net\/home\/wp-content\/themes\/city-desk\/timthumb.php?src=http%3A%2F%2Fwww.eloriente.net%2Fhome%2Fwp-content%2Fuploads%2F2016%2F12%2FAmistad.jpg&amp;q=90&amp;w=70&amp;h=45&amp;zc=1\" alt=\"ES LA CULTURA: Tiempo de Amistad. Por Juan Pablo Vasconcelos\" \/><\/a><\/p>\n<h2 class=\"posttitle \"><a title=\"Enlace Permanente a ES LA CULTURA: Tiempo de Amistad. Por Juan Pablo Vasconcelos\" href=\"http:\/\/www.eloriente.net\/home\/2016\/12\/13\/la-cultura-tiempo-amistad-juan-pablo-vasconcelos\/\" rel=\"bookmark\">ES LA CULTURA: Tiempo de Amistad. Por Juan Pablo Vasconcelos<\/a><\/h2>\n<\/div>\n<p>eloriente.net 13 de diciembre de 2016 Por Juan Pablo Vasconcelos @JPVmx \u00a0 \u201cDiciembre es el mes de la reflexi\u00f3n y la esperanza. Por lo tanto, tambi\u00e9n lo\u2026<\/p>\n<p class=\"postmeta\"><span class=\"meta_date\">diciembre 13, 2016<\/span><\/p>\n<\/div>\n<p>&nbsp;<\/p>\n<p>&nbsp;<\/p>\n<p>&nbsp;<\/p>\n\n\t\t\t  <div \n\t\t\t  \tclass = \"fb-comments\" \n\t\t\t  \tdata-href = \"http:\/\/www.eloriente.net\/home\/2016\/12\/14\/elecciones-anuncia-ieepco-denuncia-penal-hechos-violentos\/\"\n\t\t\t  \tdata-numposts = \"10\"\n\t\t\t\tdata-colorscheme = \"dark\"\n\t\t\t\tdata-order-by = \"social\"\n\t\t\t\tdata-mobile=true>\n\t\t\t  <\/div>\n\t\t  <style>\n\t\t\t.fb_iframe_widget_fluid_desktop iframe {\n\t\t\t    width: 100% !important;\n\t\t\t}\n\t\t  <\/style>\n\t\t  ","protected":false},"excerpt":{"rendered":"<p>eloriente.net\/IEEPCO 14 de diciembre de 2016* &#8211; Se presentar\u00e1 la denuncia penal correspondiente contra quienes resulten responsables de estos actos violentos. Las Consejeras y los Consejeros Electorales del Instituto Estatal Electoral y de Participaci\u00f3n Ciudadana de Oaxaca (IEEPCO) condenamos en\u00e9rgicamente la agresi\u00f3n realizada este d\u00eda al Consejero Electoral, Uriel P\u00e9rez Garc\u00eda por supuestos habitantes del [&hellip;]<\/p>\n","protected":false},"author":1,"featured_media":46350,"comment_status":"open","ping_status":"open","sticky":false,"template":"","format":"standard","meta":{"_jetpack_memberships_contains_paid_content":false,"footnotes":""},"categories":[29,1588,71,32,63,23,464,21],"tags":[6314,6578,7314,7313],"class_list":["post-46349","post","type-post","status-publish","format-standard","has-post-thumbnail","hentry","category-capital","category-comunicados-y-boletines","category-elecciones","category-entradas","category-estados","category-municipios","category-oaxaca-estados","category-politica-y-gobierno","tag-consejeros-electorales","tag-ieepco-oaxaca","tag-san-sebastian-tutla","tag-violencia-electoral"],"jetpack_featured_media_url":"http:\/\/www.eloriente.net\/home\/wp-content\/uploads\/2016\/12\/IEEPCO.png","jetpack_sharing_enabled":true,"_links":{"self":[{"href":"http:\/\/www.eloriente.net\/home\/wp-json\/wp\/v2\/posts\/46349"}],"collection":[{"href":"http:\/\/www.eloriente.net\/home\/wp-json\/wp\/v2\/posts"}],"about":[{"href":"http:\/\/www.eloriente.net\/home\/wp-json\/wp\/v2\/types\/post"}],"author":[{"embeddable":true,"href":"http:\/\/www.eloriente.net\/home\/wp-json\/wp\/v2\/users\/1"}],"replies":[{"embeddable":true,"href":"http:\/\/www.eloriente.net\/home\/wp-json\/wp\/v2\/comments?post=46349"}],"version-history":[{"count":1,"href":"http:\/\/www.eloriente.net\/home\/wp-json\/wp\/v2\/posts\/46349\/revisions"}],"predecessor-version":[{"id":46351,"href":"http:\/\/www.eloriente.net\/home\/wp-json\/wp\/v2\/posts\/46349\/revisions\/46351"}],"wp:featuredmedia":[{"embeddable":true,"href":"http:\/\/www.eloriente.net\/home\/wp-json\/wp\/v2\/media\/46350"}],"wp:attachment":[{"href":"http:\/\/www.eloriente.net\/home\/wp-json\/wp\/v2\/media?parent=46349"}],"wp:term":[{"taxonomy":"category","embeddable":true,"href":"http:\/\/www.eloriente.net\/home\/wp-json\/wp\/v2\/categories?post=46349"},{"taxonomy":"post_tag","embeddable":true,"href":"http:\/\/www.eloriente.net\/home\/wp-json\/wp\/v2\/tags?post=46349"}],"curies":[{"name":"wp","href":"https:\/\/api.w.org\/{rel}","templated":true}]}}